{"id":26738,"date":"2024-07-19T04:08:00","date_gmt":"2024-07-19T03:08:00","guid":{"rendered":"https:\/\/sven-ove.nu\/?p=26738"},"modified":"2024-07-19T16:08:36","modified_gmt":"2024-07-19T15:08:36","slug":"jacob-hultcrantz-briljerar-i-egna-ladan","status":"publish","type":"post","link":"https:\/\/sven-ove.nu\/?p=26738","title":{"rendered":"Jakob Hultcrantz briljerar i egna ladan"},"content":{"rendered":"\n<figure class=\"wp-block-image size-large\"><a href=\"https:\/\/sven-ove.nu\/wp-content\/uploads\/2024\/07\/Jakob-Hultcrantz-pa-sin-nya-scen-scaled.jpeg\"><img loading=\"lazy\" decoding=\"async\" width=\"1024\" height=\"768\" src=\"https:\/\/sven-ove.nu\/wp-content\/uploads\/2024\/07\/Jakob-Hultcrantz-pa-sin-nya-scen-1024x768.jpeg\" alt=\"\" class=\"wp-image-26739\" srcset=\"https:\/\/sven-ove.nu\/wp-content\/uploads\/2024\/07\/Jakob-Hultcrantz-pa-sin-nya-scen-1024x768.jpeg 1024w, https:\/\/sven-ove.nu\/wp-content\/uploads\/2024\/07\/Jakob-Hultcrantz-pa-sin-nya-scen-300x225.jpeg 300w, https:\/\/sven-ove.nu\/wp-content\/uploads\/2024\/07\/Jakob-Hultcrantz-pa-sin-nya-scen-768x576.jpeg 768w, https:\/\/sven-ove.nu\/wp-content\/uploads\/2024\/07\/Jakob-Hultcrantz-pa-sin-nya-scen-1536x1152.jpeg 1536w, https:\/\/sven-ove.nu\/wp-content\/uploads\/2024\/07\/Jakob-Hultcrantz-pa-sin-nya-scen-2048x1536.jpeg 2048w\" sizes=\"auto, (max-width: 1024px) 100vw, 1024px\" \/><\/a><\/figure>\n\n\n\n<blockquote class=\"wp-block-quote is-layout-flow wp-block-quote-is-layout-flow\">\n<p class=\"wp-block-paragraph\">Det \u00e4r n\u00e5gonting med teater i lador kring Fryken. Nu har vi hittat en ny. Tractor Teater i V\u00e4stansj\u00f6.<\/p>\n<\/blockquote>\n\n\n\n<p class=\"wp-block-paragraph\">Man sv\u00e4nger in vid gamla Folkets hus i Rottneros, f\u00f6ljer v\u00e4gen mot Gr\u00e4smark ett tag, sv\u00e4nger v\u00e4nster mot V\u00e4stansj\u00f6, f\u00f6ljer en fin krokig grusv\u00e4g intill sj\u00f6n, parkerar vid en r\u00f6d Massey Ferguson och vandrar uppf\u00f6r backen till teaterladan.<\/p>\n\n\n\n<p class=\"wp-block-paragraph\">Vi kommer 10 minuter innan f\u00f6rest\u00e4llningen Jernbanan ska b\u00f6rja. Ladan \u00e4r kn\u00f6kfull med publik.<\/p>\n\n\n\n<p class=\"wp-block-paragraph\"><strong>Briljerar<\/strong><br>Jakob Hultcrantz Hansson har vi sett m\u00e5nga g\u00e5nger p\u00e5 V\u00e4stan\u00e5 Teater och i v\u00e5r tv-apparat. Nu briljerar han i Sara Lidmans ber\u00e4ttelse om Didrik M\u00e5rtensson. Karln l\u00e5ngt d\u00e4r uppe i norr som ordnade j\u00e4rnv\u00e4g genom socknen fast riksdagen sagt nej.<\/p>\n\n\n\n<p class=\"wp-block-paragraph\">Det \u00e4r en bedrift av Dag Thelander att komprimera fem delar av Jernbane-eposet till en f\u00f6rest\u00e4llning. Han skrev originalmanus.<\/p>\n\n\n\n<p class=\"wp-block-paragraph\">Sedan \u00e4r det minst lika skickligt av Jakob Hultcrantz Hansson att framf\u00f6ra f\u00f6rest\u00e4llningen helt ensam p\u00e5 sin egen nya privata scen. D\u00e5 st\u00e5r han dessutom f\u00f6r bearbetning, ljusdesign, ljud, film, teknik och grafisk design.<\/p>\n\n\n\n<p class=\"wp-block-paragraph\"><strong>Sp\u00e4nnande teknisk l\u00f6sning<\/strong><br>Hans Didrik \u00e4r n\u00e4mligen inte ensam p\u00e5 scenen fast han sj\u00e4lv \u00e4r det. Bredvid scenografins f\u00e5ngcell h\u00e4nger tv\u00e5 stora tv-sk\u00e4rmar. P\u00e5 sk\u00e4rmarna framtr\u00e4der d\u00e5 och d\u00e5 Amina Avdic som Didriks hustru Anna-Stava och Ellinor Lindgren som den mystiska barnflickan Hagar. Liksom ett myller av manliga karakt\u00e4rer, alla spelade av teaterdirekt\u00f6r Hultcrantz sj\u00e4lv.<\/p>\n\n\n\n<p class=\"wp-block-paragraph\">Didrik f\u00e5r sin j\u00e4rnv\u00e4g genom socknen. Han blir sj\u00e4lv den f\u00f6rste som stiger p\u00e5 i Lillvattnet &#8211; men i bojor, p\u00e5 v\u00e4g till Stockholm.<\/p>\n\n\n\n<p class=\"wp-block-paragraph\">G\u00e5 och se, vi tyckte mycket om ber\u00e4ttelsen och f\u00f6rest\u00e4llningen. Konstn\u00e4rligt skicklig och sp\u00e4nnande, praktiskt modig, vacker och publikn\u00e4ra.<\/p>\n\n\n\n<p class=\"has-light-blue-background-color has-background wp-block-paragraph\"><strong>###<\/strong> V\u00e4stan\u00e5 Teater h\u00f6r till v\u00e5ra favoriter, det kan inte ha undg\u00e5tt den som l\u00e4ser min blogg.<br><strong>###<\/strong> Nu har vi hittat en till favorit. Tack Jakob Hultcrantz, tack Sara Lidman och tack du ok\u00e4nde forne ladusnickare i sluttningen ovanf\u00f6r V\u00e4stansj\u00f6n f\u00f6r det.<\/p>\n\n\n\n<figure class=\"wp-block-image size-large\"><a href=\"https:\/\/sven-ove.nu\/wp-content\/uploads\/2024\/07\/Vagvisaren-scaled.jpeg\"><img loading=\"lazy\" decoding=\"async\" width=\"768\" height=\"1024\" src=\"https:\/\/sven-ove.nu\/wp-content\/uploads\/2024\/07\/Vagvisaren-768x1024.jpeg\" alt=\"\" class=\"wp-image-26740\" srcset=\"https:\/\/sven-ove.nu\/wp-content\/uploads\/2024\/07\/Vagvisaren-768x1024.jpeg 768w, https:\/\/sven-ove.nu\/wp-content\/uploads\/2024\/07\/Vagvisaren-225x300.jpeg 225w, https:\/\/sven-ove.nu\/wp-content\/uploads\/2024\/07\/Vagvisaren-1152x1536.jpeg 1152w, https:\/\/sven-ove.nu\/wp-content\/uploads\/2024\/07\/Vagvisaren-1536x2048.jpeg 1536w, https:\/\/sven-ove.nu\/wp-content\/uploads\/2024\/07\/Vagvisaren-scaled.jpeg 1920w\" sizes=\"auto, (max-width: 768px) 100vw, 768px\" \/><\/a><\/figure>\n\n\n\n<p class=\"has-text-align-right wp-block-paragraph\"><em>V\u00e4gvisaren<\/em>.<\/p>\n\n\n\n<figure class=\"wp-block-image size-large\"><a href=\"https:\/\/sven-ove.nu\/wp-content\/uploads\/2024\/07\/Innan-forestallningen-scaled.jpeg\"><img loading=\"lazy\" decoding=\"async\" width=\"768\" height=\"1024\" src=\"https:\/\/sven-ove.nu\/wp-content\/uploads\/2024\/07\/Innan-forestallningen-768x1024.jpeg\" alt=\"\" class=\"wp-image-26741\" srcset=\"https:\/\/sven-ove.nu\/wp-content\/uploads\/2024\/07\/Innan-forestallningen-768x1024.jpeg 768w, https:\/\/sven-ove.nu\/wp-content\/uploads\/2024\/07\/Innan-forestallningen-225x300.jpeg 225w, https:\/\/sven-ove.nu\/wp-content\/uploads\/2024\/07\/Innan-forestallningen-1152x1536.jpeg 1152w, https:\/\/sven-ove.nu\/wp-content\/uploads\/2024\/07\/Innan-forestallningen-1536x2048.jpeg 1536w, https:\/\/sven-ove.nu\/wp-content\/uploads\/2024\/07\/Innan-forestallningen-scaled.jpeg 1920w\" sizes=\"auto, (max-width: 768px) 100vw, 768px\" \/><\/a><\/figure>\n\n\n\n<p class=\"has-text-align-right wp-block-paragraph\"><em>Innan f\u00f6rest\u00e4llningen.<\/em><\/p>\n\n\n\n<figure class=\"wp-block-image size-large is-resized\"><a href=\"https:\/\/sven-ove.nu\/wp-content\/uploads\/2024\/07\/Inga-arga-konkurrenter-scaled.jpeg\"><img loading=\"lazy\" decoding=\"async\" width=\"768\" height=\"1024\" src=\"https:\/\/sven-ove.nu\/wp-content\/uploads\/2024\/07\/Inga-arga-konkurrenter-768x1024.jpeg\" alt=\"\" class=\"wp-image-26742\" style=\"width:690px;height:auto\" srcset=\"https:\/\/sven-ove.nu\/wp-content\/uploads\/2024\/07\/Inga-arga-konkurrenter-768x1024.jpeg 768w, https:\/\/sven-ove.nu\/wp-content\/uploads\/2024\/07\/Inga-arga-konkurrenter-225x300.jpeg 225w, https:\/\/sven-ove.nu\/wp-content\/uploads\/2024\/07\/Inga-arga-konkurrenter-1152x1536.jpeg 1152w, https:\/\/sven-ove.nu\/wp-content\/uploads\/2024\/07\/Inga-arga-konkurrenter-1536x2048.jpeg 1536w, https:\/\/sven-ove.nu\/wp-content\/uploads\/2024\/07\/Inga-arga-konkurrenter-scaled.jpeg 1920w\" sizes=\"auto, (max-width: 768px) 100vw, 768px\" \/><\/a><\/figure>\n\n\n\n<p class=\"has-text-align-right wp-block-paragraph\"><em>Inga arga konkurrenter.<\/em><\/p>\n\n\n\n<p class=\"has-light-blue-background-color has-background wp-block-paragraph\"><strong>L\u00c4NK<\/strong><br><a href=\"https:\/\/sunnenytt.se\/besjalad-berattare-berikar-sunne\/\"><strong>Sunnenytt: Besj\u00e4lad ber\u00e4ttare berikar Sunne<\/strong><\/a><\/p>\n\n\n\n<p class=\"has-light-gray-background-color has-background wp-block-paragraph\"><a href=\"https:\/\/sven-ove.nu\/\">Hem<\/a>&nbsp;|&nbsp;<a href=\"https:\/\/sven-ove.nu\/?page_id=170\">Om mig<\/a>&nbsp;|&nbsp;<a href=\"https:\/\/sven-ove.nu\/?page_id=1385\">Skriva &amp; prata<\/a>&nbsp;|&nbsp;<a href=\"https:\/\/sven-ove.nu\/?page_id=100\">Politik<\/a>&nbsp;|&nbsp;<a href=\"https:\/\/sven-ove.nu\/?page_id=102\">L\u00f6pa<\/a>&nbsp;|&nbsp;<a href=\"https:\/\/sven-ove.nu\/?page_id=108\">Viktor Root<\/a>&nbsp;&nbsp;<br><em>Inl\u00e4gg nr 2 368, (c) Sven-Ove Svensson (men dela g\u00e4rna<\/em>).<\/p>\n","protected":false},"excerpt":{"rendered":"<p>Det \u00e4r n\u00e5gonting med teater i lador kring Fryken. Nu har vi hittat en ny. Tractor Teater i V\u00e4stansj\u00f6. Man sv\u00e4nger in vid gamla Folkets hus i Rottneros, f\u00f6ljer v\u00e4gen mot Gr\u00e4smark ett tag, sv\u00e4nger v\u00e4nster mot V\u00e4stansj\u00f6, f\u00f6ljer en fin krokig grusv\u00e4g intill sj\u00f6n, parkerar vid en r\u00f6d Massey Ferguson och vandrar uppf\u00f6r backen &hellip; <a href=\"https:\/\/sven-ove.nu\/?p=26738\" class=\"more-link\">Forts\u00e4tt l\u00e4sa <span class=\"screen-reader-text\">Jakob Hultcrantz briljerar i egna ladan<\/span><\/a><\/p>\n","protected":false},"author":1,"featured_media":0,"comment_status":"closed","ping_status":"open","sticky":false,"template":"","format":"standard","meta":{"_crdt_document":"","_monsterinsights_skip_tracking":false,"_monsterinsights_sitenote_active":false,"_monsterinsights_sitenote_note":"","_monsterinsights_sitenote_category":0,"footnotes":""},"categories":[28,4],"tags":[3,8,21],"class_list":["post-26738","post","type-post","status-publish","format-standard","hentry","category-kreativt-folk","category-skrivande","tag-arbete","tag-historia","tag-ord"],"_links":{"self":[{"href":"https:\/\/sven-ove.nu\/index.php?rest_route=\/wp\/v2\/posts\/26738","targetHints":{"allow":["GET"]}}],"collection":[{"href":"https:\/\/sven-ove.nu\/index.php?rest_route=\/wp\/v2\/posts"}],"about":[{"href":"https:\/\/sven-ove.nu\/index.php?rest_route=\/wp\/v2\/types\/post"}],"author":[{"embeddable":true,"href":"https:\/\/sven-ove.nu\/index.php?rest_route=\/wp\/v2\/users\/1"}],"replies":[{"embeddable":true,"href":"https:\/\/sven-ove.nu\/index.php?rest_route=%2Fwp%2Fv2%2Fcomments&post=26738"}],"version-history":[{"count":6,"href":"https:\/\/sven-ove.nu\/index.php?rest_route=\/wp\/v2\/posts\/26738\/revisions"}],"predecessor-version":[{"id":26755,"href":"https:\/\/sven-ove.nu\/index.php?rest_route=\/wp\/v2\/posts\/26738\/revisions\/26755"}],"wp:attachment":[{"href":"https:\/\/sven-ove.nu\/index.php?rest_route=%2Fwp%2Fv2%2Fmedia&parent=26738"}],"wp:term":[{"taxonomy":"category","embeddable":true,"href":"https:\/\/sven-ove.nu\/index.php?rest_route=%2Fwp%2Fv2%2Fcategories&post=26738"},{"taxonomy":"post_tag","embeddable":true,"href":"https:\/\/sven-ove.nu\/index.php?rest_route=%2Fwp%2Fv2%2Ftags&post=26738"}],"curies":[{"name":"wp","href":"https:\/\/api.w.org\/{rel}","templated":true}]}}