{"id":26747,"date":"2024-07-21T04:17:00","date_gmt":"2024-07-21T03:17:00","guid":{"rendered":"https:\/\/sven-ove.nu\/?p=26747"},"modified":"2024-07-19T16:17:15","modified_gmt":"2024-07-19T15:17:15","slug":"a-en-scen","status":"publish","type":"post","link":"https:\/\/sven-ove.nu\/?p=26747","title":{"rendered":"\u00c5, en scen!"},"content":{"rendered":"\n<figure class=\"wp-block-image size-large\"><a href=\"https:\/\/sven-ove.nu\/wp-content\/uploads\/2024\/07\/IMG_2881-scaled.jpg\"><img loading=\"lazy\" decoding=\"async\" width=\"768\" height=\"1024\" src=\"https:\/\/sven-ove.nu\/wp-content\/uploads\/2024\/07\/IMG_2881-768x1024.jpg\" alt=\"\" class=\"wp-image-26748\" srcset=\"https:\/\/sven-ove.nu\/wp-content\/uploads\/2024\/07\/IMG_2881-768x1024.jpg 768w, https:\/\/sven-ove.nu\/wp-content\/uploads\/2024\/07\/IMG_2881-225x300.jpg 225w, https:\/\/sven-ove.nu\/wp-content\/uploads\/2024\/07\/IMG_2881-1152x1536.jpg 1152w, https:\/\/sven-ove.nu\/wp-content\/uploads\/2024\/07\/IMG_2881-1536x2048.jpg 1536w, https:\/\/sven-ove.nu\/wp-content\/uploads\/2024\/07\/IMG_2881-scaled.jpg 1920w\" sizes=\"auto, (max-width: 768px) 100vw, 768px\" \/><\/a><\/figure>\n\n\n\n<blockquote class=\"wp-block-quote is-layout-flow wp-block-quote-is-layout-flow\">\n<p class=\"wp-block-paragraph\">En g\u00e5ng i tiden var jag ivrigt livr\u00e4dd f\u00f6r att framtr\u00e4da inf\u00f6r publik. Sitta l\u00e5ngt bak i klassrummet och prata gick bra men st\u00e5 framf\u00f6r alla och redovisa grupparbete, det var en pina.<\/p>\n<\/blockquote>\n\n\n\n<p class=\"wp-block-paragraph\">I dag \u00e4lskar jag det. Det finns inget b\u00e4ttre s\u00e4tt att testa en text \u00e4n att framf\u00f6ra den inf\u00f6r publik. Du f\u00e5r kvitto direkt.<\/p>\n\n\n\n<p class=\"wp-block-paragraph\">Bu.<br>Eller b\u00e4.<\/p>\n\n\n\n<p class=\"wp-block-paragraph\"><strong>F\u00f6rbereder nu<\/strong><br>Jag \u00e4r s\u00e5 tacksam mot de som tvingade mig att b\u00f6rja v\u00e5ga. Lika glad \u00e4r jag \u00f6ver de som ibland h\u00f6r av sig och vill att jag ska st\u00e4lla mig p\u00e5 deras scen och f\u00f6rs\u00f6ka vara rolig eller tala allvar. Eller b\u00e5dadera.<\/p>\n\n\n\n<p class=\"wp-block-paragraph\">Just nu h\u00e5ller jag p\u00e5 och f\u00f6rbereder tv\u00e5 s\u00e5dana framtr\u00e4danden. Det kommer att handla om min nya bok <strong>Mitt liv som V\u00e4rmlands s\u00e4msta l\u00f6pare<\/strong> men ocks\u00e5 om annat.<\/p>\n\n\n\n<p class=\"wp-block-paragraph\"><strong>Tv\u00e5 datum<\/strong><br>&#8211;<strong>L\u00f6rdag 3 augusti <\/strong>kl 18.00, dikter, skr\u00f6nor och lite annat, V\u00e4rmlands Vikingacenter i Nys\u00e4ter.<\/p>\n\n\n\n<p class=\"wp-block-paragraph\">&#8211;<strong>M\u00e5ndag 5 augusti <\/strong>kl 19.00, f\u00f6rfattarkv\u00e4ll i f\u00f6rsamlingshemmet \u00d6stra \u00c4mtervik.<\/p>\n\n\n\n<p class=\"wp-block-paragraph\"><strong>Hitta boken<\/strong><br>Boken finns p\u00e5 n\u00e4tet hos Akademibokhandeln, Bokus, Adlibris liksom i olika bokhandlar. Eller h\u00e4r:<\/p>\n\n\n\n<p class=\"has-background wp-block-paragraph\" style=\"background-color:#b5f2ae\"><strong>L\u00e4nk till best\u00e4llning och provl\u00e4sning:<\/strong><strong><br><a href=\"https:\/\/bokshop.bod.se\/mitt-liv-som-vaermlands-saemsta-loepare-sven-ove-svensson-9789180973496\">MITT LIV SOM V\u00c4RMLANDS S\u00c4MSTA L\u00d6PARE<\/a><\/strong><\/p>\n\n\n\n<p class=\"wp-block-paragraph\">Den finns b\u00e5de som bok och e-bok.<\/p>\n\n\n<div class=\"wp-block-image\">\n<figure class=\"aligncenter size-full\"><a href=\"https:\/\/sven-ove.nu\/wp-content\/uploads\/2024\/07\/SOM-LOPARE.webp\"><img loading=\"lazy\" decoding=\"async\" width=\"314\" height=\"500\" src=\"https:\/\/sven-ove.nu\/wp-content\/uploads\/2024\/07\/SOM-LOPARE.webp\" alt=\"\" class=\"wp-image-26758\" srcset=\"https:\/\/sven-ove.nu\/wp-content\/uploads\/2024\/07\/SOM-LOPARE.webp 314w, https:\/\/sven-ove.nu\/wp-content\/uploads\/2024\/07\/SOM-LOPARE-188x300.webp 188w\" sizes=\"auto, (max-width: 314px) 100vw, 314px\" \/><\/a><\/figure>\n<\/div>\n\n\n<p class=\"has-light-gray-background-color has-background wp-block-paragraph\"><a href=\"https:\/\/sven-ove.nu\/\">Hem<\/a>&nbsp;|&nbsp;<a href=\"https:\/\/sven-ove.nu\/?page_id=170\">Om mig<\/a>&nbsp;|&nbsp;<a href=\"https:\/\/sven-ove.nu\/?page_id=1385\">Skriva &amp; prata<\/a>&nbsp;|&nbsp;<a href=\"https:\/\/sven-ove.nu\/?page_id=100\">Politik<\/a>&nbsp;|&nbsp;<a href=\"https:\/\/sven-ove.nu\/?page_id=102\">L\u00f6pa<\/a>&nbsp;|&nbsp;<a href=\"https:\/\/sven-ove.nu\/?page_id=108\">Viktor Root<\/a>&nbsp;&nbsp;<br><em>Inl\u00e4gg nr 2 369, (c) Sven-Ove Svensson (men dela g\u00e4rna<\/em>).<\/p>\n","protected":false},"excerpt":{"rendered":"<p>En g\u00e5ng i tiden var jag ivrigt livr\u00e4dd f\u00f6r att framtr\u00e4da inf\u00f6r publik. Sitta l\u00e5ngt bak i klassrummet och prata gick bra men st\u00e5 framf\u00f6r alla och redovisa grupparbete, det var en pina. I dag \u00e4lskar jag det. Det finns inget b\u00e4ttre s\u00e4tt att testa en text \u00e4n att framf\u00f6ra den inf\u00f6r publik. Du f\u00e5r &hellip; <a href=\"https:\/\/sven-ove.nu\/?p=26747\" class=\"more-link\">Forts\u00e4tt l\u00e4sa <span class=\"screen-reader-text\">\u00c5, en scen!<\/span><\/a><\/p>\n","protected":false},"author":1,"featured_media":0,"comment_status":"closed","ping_status":"open","sticky":false,"template":"","format":"standard","meta":{"_crdt_document":"","_monsterinsights_skip_tracking":false,"_monsterinsights_sitenote_active":false,"_monsterinsights_sitenote_note":"","_monsterinsights_sitenote_category":0,"footnotes":""},"categories":[5,4],"tags":[3,21],"class_list":["post-26747","post","type-post","status-publish","format-standard","hentry","category-lopning","category-skrivande","tag-arbete","tag-ord"],"_links":{"self":[{"href":"https:\/\/sven-ove.nu\/index.php?rest_route=\/wp\/v2\/posts\/26747","targetHints":{"allow":["GET"]}}],"collection":[{"href":"https:\/\/sven-ove.nu\/index.php?rest_route=\/wp\/v2\/posts"}],"about":[{"href":"https:\/\/sven-ove.nu\/index.php?rest_route=\/wp\/v2\/types\/post"}],"author":[{"embeddable":true,"href":"https:\/\/sven-ove.nu\/index.php?rest_route=\/wp\/v2\/users\/1"}],"replies":[{"embeddable":true,"href":"https:\/\/sven-ove.nu\/index.php?rest_route=%2Fwp%2Fv2%2Fcomments&post=26747"}],"version-history":[{"count":5,"href":"https:\/\/sven-ove.nu\/index.php?rest_route=\/wp\/v2\/posts\/26747\/revisions"}],"predecessor-version":[{"id":26759,"href":"https:\/\/sven-ove.nu\/index.php?rest_route=\/wp\/v2\/posts\/26747\/revisions\/26759"}],"wp:attachment":[{"href":"https:\/\/sven-ove.nu\/index.php?rest_route=%2Fwp%2Fv2%2Fmedia&parent=26747"}],"wp:term":[{"taxonomy":"category","embeddable":true,"href":"https:\/\/sven-ove.nu\/index.php?rest_route=%2Fwp%2Fv2%2Fcategories&post=26747"},{"taxonomy":"post_tag","embeddable":true,"href":"https:\/\/sven-ove.nu\/index.php?rest_route=%2Fwp%2Fv2%2Ftags&post=26747"}],"curies":[{"name":"wp","href":"https:\/\/api.w.org\/{rel}","templated":true}]}}