{"id":26760,"date":"2024-07-24T04:03:00","date_gmt":"2024-07-24T03:03:00","guid":{"rendered":"https:\/\/sven-ove.nu\/?p=26760"},"modified":"2024-07-23T18:20:22","modified_gmt":"2024-07-23T17:20:22","slug":"rapport-fran-mellansvenska-hammock-universitetet","status":"publish","type":"post","link":"https:\/\/sven-ove.nu\/?p=26760","title":{"rendered":"Rapport fr\u00e5n Mellansvenska Hammock-universitetet"},"content":{"rendered":"\n<figure class=\"wp-block-image size-large\"><a href=\"https:\/\/sven-ove.nu\/wp-content\/uploads\/2024\/07\/IMG_0346-scaled.jpeg\"><img loading=\"lazy\" decoding=\"async\" width=\"1024\" height=\"768\" src=\"https:\/\/sven-ove.nu\/wp-content\/uploads\/2024\/07\/IMG_0346-1024x768.jpeg\" alt=\"\" class=\"wp-image-26761\" srcset=\"https:\/\/sven-ove.nu\/wp-content\/uploads\/2024\/07\/IMG_0346-1024x768.jpeg 1024w, https:\/\/sven-ove.nu\/wp-content\/uploads\/2024\/07\/IMG_0346-300x225.jpeg 300w, https:\/\/sven-ove.nu\/wp-content\/uploads\/2024\/07\/IMG_0346-768x576.jpeg 768w, https:\/\/sven-ove.nu\/wp-content\/uploads\/2024\/07\/IMG_0346-1536x1152.jpeg 1536w, https:\/\/sven-ove.nu\/wp-content\/uploads\/2024\/07\/IMG_0346-2048x1536.jpeg 2048w\" sizes=\"auto, (max-width: 1024px) 100vw, 1024px\" \/><\/a><\/figure>\n\n\n\n<p class=\"wp-block-paragraph\">Jag ligger i hammocken och l\u00e4ser att <strong>mutkolv<\/strong> f\u00f6rr hette mutkorv och troligen kom av det gamla vedernamnet korv p\u00e5 vaktknektar och polism\u00e4n.<\/p>\n\n\n\n<p class=\"wp-block-paragraph\"><strong>Murvel<\/strong> \u00e4r fr\u00e5n b\u00f6rjan dialekt och betydde d\u00e5 inte alls tidningsman utan liten tjur, liten tjock pojke, arg\u00adsint karl.<\/p>\n\n\n\n<p class=\"wp-block-paragraph\"><strong>Trump<\/strong>, det har jag l\u00e4st f\u00f6rr, betyder egen och tv\u00e4r karl, h\u00e5rd metod och gev\u00e4rskolv &#8211; p\u00e5 nynorsk.<\/p>\n\n\n\n<p class=\"wp-block-paragraph\">Vedernamn kommer det att vara l\u00e4nge.<\/p>\n\n\n\n<p class=\"has-background wp-block-paragraph\" style=\"background-color:#f9ebfa\"><em>### Trump-gammal.<\/em><br><em>### Trump-kriminell.<\/em><br><em>### Trump-bokf\u00f6ring.<\/em><\/p>\n\n\n\n<p class=\"wp-block-paragraph\">Nu sjunger tr\u00e4dg\u00e5rdss\u00e5ngaren igen.<br>Det har jag l\u00e4rt i \u00e5r.<\/p>\n\n\n\n<p class=\"wp-block-paragraph\">Han \u00e4r lite lik en annan.<br>Han babblar.<\/p>\n\n\n\n<p class=\"has-light-gray-background-color has-background wp-block-paragraph\"><a href=\"https:\/\/sven-ove.nu\/\">Hem<\/a>\u00a0|\u00a0<a href=\"https:\/\/sven-ove.nu\/?page_id=170\">Om mig<\/a>\u00a0|\u00a0<a href=\"https:\/\/sven-ove.nu\/?page_id=1385\">Skriva &amp; prata<\/a>\u00a0|\u00a0<a href=\"https:\/\/sven-ove.nu\/?page_id=100\">Politik<\/a>\u00a0|\u00a0<a href=\"https:\/\/sven-ove.nu\/?page_id=102\">L\u00f6pa<\/a>\u00a0|\u00a0<a href=\"https:\/\/sven-ove.nu\/?page_id=108\">Viktor Root<\/a>\u00a0\u00a0<br><em>Inl\u00e4gg nr 2 370, (c) Sven-Ove Svensson (men dela g\u00e4rna<\/em>).<\/p>\n\n\n\n<p class=\"wp-block-paragraph\"><\/p>\n","protected":false},"excerpt":{"rendered":"<p>Jag ligger i hammocken och l\u00e4ser att mutkolv f\u00f6rr hette mutkorv och troligen kom av det gamla vedernamnet korv p\u00e5 vaktknektar och polism\u00e4n. Murvel \u00e4r fr\u00e5n b\u00f6rjan dialekt och betydde d\u00e5 inte alls tidningsman utan liten tjur, liten tjock pojke, arg\u00adsint karl. Trump, det har jag l\u00e4st f\u00f6rr, betyder egen och tv\u00e4r karl, h\u00e5rd metod &hellip; <a href=\"https:\/\/sven-ove.nu\/?p=26760\" class=\"more-link\">Forts\u00e4tt l\u00e4sa <span class=\"screen-reader-text\">Rapport fr\u00e5n Mellansvenska Hammock-universitetet<\/span><\/a><\/p>\n","protected":false},"author":1,"featured_media":0,"comment_status":"closed","ping_status":"open","sticky":false,"template":"","format":"standard","meta":{"_crdt_document":"","_monsterinsights_skip_tracking":false,"_monsterinsights_sitenote_active":false,"_monsterinsights_sitenote_note":"","_monsterinsights_sitenote_category":0,"footnotes":""},"categories":[6,9,4],"tags":[21],"class_list":["post-26760","post","type-post","status-publish","format-standard","hentry","category-natur","category-politik","category-skrivande","tag-ord"],"_links":{"self":[{"href":"https:\/\/sven-ove.nu\/index.php?rest_route=\/wp\/v2\/posts\/26760","targetHints":{"allow":["GET"]}}],"collection":[{"href":"https:\/\/sven-ove.nu\/index.php?rest_route=\/wp\/v2\/posts"}],"about":[{"href":"https:\/\/sven-ove.nu\/index.php?rest_route=\/wp\/v2\/types\/post"}],"author":[{"embeddable":true,"href":"https:\/\/sven-ove.nu\/index.php?rest_route=\/wp\/v2\/users\/1"}],"replies":[{"embeddable":true,"href":"https:\/\/sven-ove.nu\/index.php?rest_route=%2Fwp%2Fv2%2Fcomments&post=26760"}],"version-history":[{"count":4,"href":"https:\/\/sven-ove.nu\/index.php?rest_route=\/wp\/v2\/posts\/26760\/revisions"}],"predecessor-version":[{"id":26767,"href":"https:\/\/sven-ove.nu\/index.php?rest_route=\/wp\/v2\/posts\/26760\/revisions\/26767"}],"wp:attachment":[{"href":"https:\/\/sven-ove.nu\/index.php?rest_route=%2Fwp%2Fv2%2Fmedia&parent=26760"}],"wp:term":[{"taxonomy":"category","embeddable":true,"href":"https:\/\/sven-ove.nu\/index.php?rest_route=%2Fwp%2Fv2%2Fcategories&post=26760"},{"taxonomy":"post_tag","embeddable":true,"href":"https:\/\/sven-ove.nu\/index.php?rest_route=%2Fwp%2Fv2%2Ftags&post=26760"}],"curies":[{"name":"wp","href":"https:\/\/api.w.org\/{rel}","templated":true}]}}