{"id":26799,"date":"2024-07-27T04:19:00","date_gmt":"2024-07-27T03:19:00","guid":{"rendered":"https:\/\/sven-ove.nu\/?p=26799"},"modified":"2024-07-26T11:29:35","modified_gmt":"2024-07-26T10:29:35","slug":"26799","status":"publish","type":"post","link":"https:\/\/sven-ove.nu\/?p=26799","title":{"rendered":"F\u00e4rgglad nytta och nytryckt gl\u00e4dje"},"content":{"rendered":"\n<p class=\"wp-block-paragraph\">Fredag. Jag klipper gr\u00e4s och sneglar samtidigt p\u00e5 v\u00e5r \u00e4ng i bortre h\u00f6rnet av tomten. D\u00e4r har f\u00e4rgerna avl\u00f6st varandra i sommar. Gr\u00e4sgr\u00f6nt, teveronike- och bl\u00e5klockebl\u00e5tt, sm\u00f6rblommegult, kl\u00f6verr\u00f6tt och nu senast v\u00e4ddlila.<\/p>\n\n\n\n<p class=\"wp-block-paragraph\">\u00c4n har jag inte hj\u00e4rta att ta fram lien och sl\u00e5 \u00e4ngen. Inte s\u00e5 l\u00e4nge humlor, bin och fj\u00e4rilar fortfarande har nytta av v\u00e5rt stycke frisl\u00e4ppt natur.<\/p>\n\n\n\n<p class=\"wp-block-paragraph\">De har nyttan, vi har b\u00e5de den och gl\u00e4djen.<\/p>\n\n\n\n<p class=\"wp-block-paragraph\"><strong>Avsev\u00e4rd skillnad<\/strong><br>N\u00e4r jag tar paus i korgsoffan p\u00e5 altanen flyger en korp f\u00f6rbi p\u00e5 v\u00e4g mot mat. Tack f\u00f6r tipset, det \u00e4r dags f\u00f6r kaffe. I brevl\u00e5dan ligger senaste utskicket fr\u00e5n <a href=\"https:\/\/www.bakhall.com\/\">Bakh\u00e5lls f\u00f6rlag<\/a>. K\u00e4rntruppen kallar de oss prenumeranter. Deras lilla men inneh\u00e5llsrika meddelande till oss heter H\u00e5llogram.<\/p>\n\n\n\n<p class=\"wp-block-paragraph\">De kommande tv\u00e5 b\u00f6ckerna \u00e4r <strong>Dorian Grays portr\u00e4tt<\/strong> av Oscar Wilde i ny\u00f6vers\u00e4ttning och Hjalmar S\u00f6derbergs roman <strong>Doktor Glas<\/strong>. B\u00e5da nyutgivna och med f\u00e4rska efterord. F\u00f6r 220 kronor totalt f\u00e5r jag b\u00e5da b\u00f6ckerna i brevl\u00e5dan den 16 augusti.<\/p>\n\n\n\n<p class=\"wp-block-paragraph\"><em>\u201dBakh\u00e5lls utg\u00e5va grundar sig p\u00e5 Wildes ursprungliga manuskript fr\u00e5n 1890, inte som tidigare svenska utg\u00e5vor p\u00e5 den engelska f\u00f6rlagets f\u00f6rmildrade och tillr\u00e4ttalagda manuskript fr\u00e5n 1891. Skillnaden \u00e4r avsev\u00e4rd.\u201d<\/em><\/p>\n\n\n\n<p class=\"wp-block-paragraph\">Jag tar en klunk kaffe till och best\u00e4mmer att jag vill ha b\u00f6ckerna.<br>Det \u00e4r det d\u00e4r med nyttan och gl\u00e4djen.<\/p>\n\n\n\n<p class=\"wp-block-paragraph\"><strong>Svar p\u00e5 tal<\/strong><br>I ett brev fr\u00e5n l\u00e4sekretsen suckar en person \u00f6ver att landets kultursidor fortfarande inte uppm\u00e4rksammat att Bakh\u00e5ll nu g\u00e5tt i m\u00e5l med Kafkas samlade skrifter i 19 band. Svaret som l\u00e4saren f\u00e5r \u00e4r mycket bakh\u00e5llskt:<\/p>\n\n\n\n<p class=\"wp-block-paragraph\"><em>\u201dS\u00e5 t\u00e4nker vi inte alls. F\u00f6r oss k\u00e4nns det bara bra att v\u00e5r m\u00e5lg\u00e5ng inte uppm\u00e4rksammas, det \u00e4r s\u00e5 vi vill ha det. Vi arbetar f\u00f6r sakens skull, f\u00f6r Kafkas skull, inte f\u00f6r egen \u00e4ra.\u201d<\/em><\/p>\n\n\n\n<figure class=\"wp-block-image size-large\"><a href=\"https:\/\/sven-ove.nu\/wp-content\/uploads\/2024\/07\/IMG_0351-scaled.jpeg\"><img loading=\"lazy\" decoding=\"async\" width=\"1005\" height=\"1024\" src=\"https:\/\/sven-ove.nu\/wp-content\/uploads\/2024\/07\/IMG_0351-1005x1024.jpeg\" alt=\"\" class=\"wp-image-26804\" srcset=\"https:\/\/sven-ove.nu\/wp-content\/uploads\/2024\/07\/IMG_0351-1005x1024.jpeg 1005w, https:\/\/sven-ove.nu\/wp-content\/uploads\/2024\/07\/IMG_0351-294x300.jpeg 294w, https:\/\/sven-ove.nu\/wp-content\/uploads\/2024\/07\/IMG_0351-768x782.jpeg 768w, https:\/\/sven-ove.nu\/wp-content\/uploads\/2024\/07\/IMG_0351-1508x1536.jpeg 1508w, https:\/\/sven-ove.nu\/wp-content\/uploads\/2024\/07\/IMG_0351-2010x2048.jpeg 2010w\" sizes=\"auto, (max-width: 1005px) 100vw, 1005px\" \/><\/a><\/figure>\n\n\n\n<p class=\"has-background wp-block-paragraph\" style=\"background-color:#c4f494\"><strong><em>### <\/em><\/strong><em>Varf\u00f6r jag kommer att ta fram lien och sl\u00e5 \u00e4ngen?<\/em><br><strong><em>###<\/em><\/strong><em> Det \u00e4r f\u00f6r att jag ska kunna frakta bort gr\u00e4s och blomster, s\u00e5 de inte g\u00f6dslar \u00e4ngen. D\u00e4r b\u00f6r inte myllan vara fet.<\/em><br><strong><em>###<\/em><\/strong><em> N\u00e4r jag g\u00e5tt med lien f\u00e5r allt ligga kvar n\u00e5gra dagar f\u00f6rst, s\u00e5 v\u00e4xterna hinner fr\u00f6a av sig.<\/em><\/p>\n\n\n\n<p class=\"has-light-blue-background-color has-background wp-block-paragraph\"><a href=\"https:\/\/sven-ove.nu\/\">Hem<\/a>&nbsp;|&nbsp;<a href=\"https:\/\/sven-ove.nu\/?page_id=170\">Om mig<\/a>&nbsp;|&nbsp;<a href=\"https:\/\/sven-ove.nu\/?page_id=1385\">Skriva &amp; prata<\/a>&nbsp;|&nbsp;<a href=\"https:\/\/sven-ove.nu\/?page_id=100\">Politik<\/a>&nbsp;|&nbsp;<a href=\"https:\/\/sven-ove.nu\/?page_id=102\">L\u00f6pa<\/a>&nbsp;|&nbsp;<a href=\"https:\/\/sven-ove.nu\/?page_id=108\">Viktor Root<\/a>&nbsp;&nbsp;<br><em>Inl\u00e4gg nr 2 373, (c) Sven-Ove Svensson (men dela g\u00e4rna<\/em>).<\/p>\n\n\n\n<p class=\"wp-block-paragraph\"><\/p>\n","protected":false},"excerpt":{"rendered":"<p>Fredag. Jag klipper gr\u00e4s och sneglar samtidigt p\u00e5 v\u00e5r \u00e4ng i bortre h\u00f6rnet av tomten. D\u00e4r har f\u00e4rgerna avl\u00f6st varandra i sommar. Gr\u00e4sgr\u00f6nt, teveronike- och bl\u00e5klockebl\u00e5tt, sm\u00f6rblommegult, kl\u00f6verr\u00f6tt och nu senast v\u00e4ddlila. \u00c4n har jag inte hj\u00e4rta att ta fram lien och sl\u00e5 \u00e4ngen. Inte s\u00e5 l\u00e4nge humlor, bin och fj\u00e4rilar fortfarande har nytta av &hellip; <a href=\"https:\/\/sven-ove.nu\/?p=26799\" class=\"more-link\">Forts\u00e4tt l\u00e4sa <span class=\"screen-reader-text\">F\u00e4rgglad nytta och nytryckt gl\u00e4dje<\/span><\/a><\/p>\n","protected":false},"author":1,"featured_media":0,"comment_status":"closed","ping_status":"open","sticky":false,"template":"","format":"standard","meta":{"_crdt_document":"","_monsterinsights_skip_tracking":false,"_monsterinsights_sitenote_active":false,"_monsterinsights_sitenote_note":"","_monsterinsights_sitenote_category":0,"footnotes":""},"categories":[28,6,4],"tags":[14],"class_list":["post-26799","post","type-post","status-publish","format-standard","hentry","category-kreativt-folk","category-natur","category-skrivande","tag-lasning"],"_links":{"self":[{"href":"https:\/\/sven-ove.nu\/index.php?rest_route=\/wp\/v2\/posts\/26799","targetHints":{"allow":["GET"]}}],"collection":[{"href":"https:\/\/sven-ove.nu\/index.php?rest_route=\/wp\/v2\/posts"}],"about":[{"href":"https:\/\/sven-ove.nu\/index.php?rest_route=\/wp\/v2\/types\/post"}],"author":[{"embeddable":true,"href":"https:\/\/sven-ove.nu\/index.php?rest_route=\/wp\/v2\/users\/1"}],"replies":[{"embeddable":true,"href":"https:\/\/sven-ove.nu\/index.php?rest_route=%2Fwp%2Fv2%2Fcomments&post=26799"}],"version-history":[{"count":9,"href":"https:\/\/sven-ove.nu\/index.php?rest_route=\/wp\/v2\/posts\/26799\/revisions"}],"predecessor-version":[{"id":26810,"href":"https:\/\/sven-ove.nu\/index.php?rest_route=\/wp\/v2\/posts\/26799\/revisions\/26810"}],"wp:attachment":[{"href":"https:\/\/sven-ove.nu\/index.php?rest_route=%2Fwp%2Fv2%2Fmedia&parent=26799"}],"wp:term":[{"taxonomy":"category","embeddable":true,"href":"https:\/\/sven-ove.nu\/index.php?rest_route=%2Fwp%2Fv2%2Fcategories&post=26799"},{"taxonomy":"post_tag","embeddable":true,"href":"https:\/\/sven-ove.nu\/index.php?rest_route=%2Fwp%2Fv2%2Ftags&post=26799"}],"curies":[{"name":"wp","href":"https:\/\/api.w.org\/{rel}","templated":true}]}}