{"id":268,"date":"2011-11-25T08:07:58","date_gmt":"2011-11-25T07:07:58","guid":{"rendered":"http:\/\/sven-ove.nu\/?p=268"},"modified":"2011-11-25T08:07:58","modified_gmt":"2011-11-25T07:07:58","slug":"politikens-fildelare-2","status":"publish","type":"post","link":"https:\/\/sven-ove.nu\/?p=268","title":{"rendered":"Politikens fildelare 2"},"content":{"rendered":"<p>Moderaterna \u2013 politikens fildelare. H\u00e4r \u00e4r n\u00e5gra gubbar de norpat hittills: Bamse (till Carl Bildts slips), Alfons \u00c5berg (f\u00f6r Fredrik Reinfeldt att likna), Tage Erlander (f\u00f6r Fredrik Reinfeldt att vilja likna). Nya Piratpartiet?<\/p>\n<p><em>PS. Aprop\u00e5 ingenting har <a href=\"http:\/\/www.liv.se\/Aktuellt\/Artiklar-och-reportage\/Landstingsstyrelsen-i-Varmland-foreslar-skattehojning-med-45-ore\/\">de borgerliga<\/a> i V\u00e4rmland best\u00e4mt sig f\u00f6r att h\u00f6ja landstingsskatten med 45 \u00f6re och <a href=\"http:\/\/www.nwt.se\/varmland\/article1008967.ece\">socialdemokraterna<\/a> har best\u00e4mt sig f\u00f6r att vara emot skatteh\u00f6jningen och en moderat f d riksdagskvinna tycker att en moderat landstingsordf\u00f6rande ska <a href=\"http:\/\/svtplay.se\/v\/2615319\/avga\">avg\u00e5<\/a>. R\u00e4tt krav fr\u00e5n fel person? Fel krav fr\u00e5n r\u00e4tt person? Fildelning p\u00e5g\u00e5r. DS.<\/em><\/p>\n","protected":false},"excerpt":{"rendered":"<p>Moderaterna \u2013 politikens fildelare. H\u00e4r \u00e4r n\u00e5gra gubbar de norpat hittills: Bamse (till Carl Bildts slips), Alfons \u00c5berg (f\u00f6r Fredrik Reinfeldt att likna), Tage Erlander (f\u00f6r Fredrik Reinfeldt att vilja likna). Nya Piratpartiet? PS. Aprop\u00e5 ingenting har de borgerliga i V\u00e4rmland best\u00e4mt sig f\u00f6r att h\u00f6ja landstingsskatten med 45 \u00f6re och socialdemokraterna har best\u00e4mt sig &hellip; <a href=\"https:\/\/sven-ove.nu\/?p=268\" class=\"more-link\">Forts\u00e4tt l\u00e4sa <span class=\"screen-reader-text\">Politikens fildelare 2<\/span><\/a><\/p>\n","protected":false},"author":1,"featured_media":0,"comment_status":"open","ping_status":"open","sticky":false,"template":"","format":"standard","meta":{"_crdt_document":"","_monsterinsights_skip_tracking":false,"_monsterinsights_sitenote_active":false,"_monsterinsights_sitenote_note":"","_monsterinsights_sitenote_category":0,"footnotes":""},"categories":[9],"tags":[18],"class_list":["post-268","post","type-post","status-publish","format-standard","hentry","category-politik","tag-lardomar"],"_links":{"self":[{"href":"https:\/\/sven-ove.nu\/index.php?rest_route=\/wp\/v2\/posts\/268","targetHints":{"allow":["GET"]}}],"collection":[{"href":"https:\/\/sven-ove.nu\/index.php?rest_route=\/wp\/v2\/posts"}],"about":[{"href":"https:\/\/sven-ove.nu\/index.php?rest_route=\/wp\/v2\/types\/post"}],"author":[{"embeddable":true,"href":"https:\/\/sven-ove.nu\/index.php?rest_route=\/wp\/v2\/users\/1"}],"replies":[{"embeddable":true,"href":"https:\/\/sven-ove.nu\/index.php?rest_route=%2Fwp%2Fv2%2Fcomments&post=268"}],"version-history":[{"count":1,"href":"https:\/\/sven-ove.nu\/index.php?rest_route=\/wp\/v2\/posts\/268\/revisions"}],"predecessor-version":[{"id":269,"href":"https:\/\/sven-ove.nu\/index.php?rest_route=\/wp\/v2\/posts\/268\/revisions\/269"}],"wp:attachment":[{"href":"https:\/\/sven-ove.nu\/index.php?rest_route=%2Fwp%2Fv2%2Fmedia&parent=268"}],"wp:term":[{"taxonomy":"category","embeddable":true,"href":"https:\/\/sven-ove.nu\/index.php?rest_route=%2Fwp%2Fv2%2Fcategories&post=268"},{"taxonomy":"post_tag","embeddable":true,"href":"https:\/\/sven-ove.nu\/index.php?rest_route=%2Fwp%2Fv2%2Ftags&post=268"}],"curies":[{"name":"wp","href":"https:\/\/api.w.org\/{rel}","templated":true}]}}