{"id":26830,"date":"2024-08-14T04:41:00","date_gmt":"2024-08-14T03:41:00","guid":{"rendered":"https:\/\/sven-ove.nu\/?p=26830"},"modified":"2024-08-15T22:12:38","modified_gmt":"2024-08-15T21:12:38","slug":"snubbla-inte-snabbt-pa-steniga-stigar-i-sluttningar","status":"publish","type":"post","link":"https:\/\/sven-ove.nu\/?p=26830","title":{"rendered":"Snubbla inte snabbt p\u00e5 steniga stigar i sluttningar"},"content":{"rendered":"\n<figure class=\"wp-block-image size-large\"><a href=\"https:\/\/sven-ove.nu\/wp-content\/uploads\/2024\/08\/IMG_0496-scaled.jpeg\"><img loading=\"lazy\" decoding=\"async\" width=\"768\" height=\"1024\" src=\"https:\/\/sven-ove.nu\/wp-content\/uploads\/2024\/08\/IMG_0496-768x1024.jpeg\" alt=\"\" class=\"wp-image-26831\" srcset=\"https:\/\/sven-ove.nu\/wp-content\/uploads\/2024\/08\/IMG_0496-768x1024.jpeg 768w, https:\/\/sven-ove.nu\/wp-content\/uploads\/2024\/08\/IMG_0496-225x300.jpeg 225w, https:\/\/sven-ove.nu\/wp-content\/uploads\/2024\/08\/IMG_0496-1152x1536.jpeg 1152w, https:\/\/sven-ove.nu\/wp-content\/uploads\/2024\/08\/IMG_0496-1536x2048.jpeg 1536w, https:\/\/sven-ove.nu\/wp-content\/uploads\/2024\/08\/IMG_0496-scaled.jpeg 1920w\" sizes=\"auto, (max-width: 768px) 100vw, 768px\" \/><\/a><\/figure>\n\n\n\n<blockquote class=\"wp-block-quote is-layout-flow wp-block-quote-is-layout-flow\">\n<p class=\"wp-block-paragraph\">Alla som anv\u00e4nt ett par l\u00f6parskor tillr\u00e4ckligt l\u00e4nge vet hur det \u00e4r. L\u00f6pningen \u00e4r en medicinsk paradox. Du m\u00e5r b\u00e4ttre och s\u00e4mre.<\/p>\n\n\n\n<p class=\"wp-block-paragraph\">Nu har jag blivit p\u00e5mind igen.<\/p>\n<\/blockquote>\n\n\n\n<p class=\"wp-block-paragraph\">Det b\u00f6rjar med en stolt plan. Vi ska \u00e5ka p\u00e5 semester. Pension\u00e4rer kan. Vad s\u00e4gs om en natt p\u00e5 hotell, tv\u00e5 p\u00e5 B&amp;B och en l\u00e5ng h\u00e4rlig kv\u00e4ll i h\u00e4llregn i Dalhalla? Plus lite mjuk akvarellnostalgi, fin sj\u00f6utsikt, ett och annat impulsbes\u00f6k hos goda v\u00e4nner samt fyra-fem opr\u00f6vade stigar, bygder och riksv\u00e4gar?<\/p>\n\n\n\n<p class=\"wp-block-paragraph\">F\u00f6rsta fikastoppet \u00e4r vid Lesj\u00f6byns camping vid en strandkant norr om Lesj\u00f6fors. God sm\u00f6rdegsbakelse med gr\u00e4dde och hallon. Varf\u00f6r har vi aldrig stannat h\u00e4r f\u00f6rut?<\/p>\n\n\n\n<p class=\"wp-block-paragraph\">Strax d\u00e4rp\u00e5 g\u00f6r jag en klassisk \u201ddyngsv\u00e4ng v\u00e4nster\u201d i all hast och styr in mot R\u00e4mmen f\u00f6r att visa den k\u00e4ra v\u00e4nnen herrg\u00e5rdsparken d\u00e4r jag fotograferade en tam \u00e4lg f\u00f6r 40 \u00e5r sedan. \u00c4lgen hamnade p\u00e5 f\u00f6rstasidan i Dagens Nyheter sedan men inte hundan var han tam.<\/p>\n\n\n\n<p class=\"wp-block-paragraph\">Lunch, Flottaren i Vansbro, laddar Elisa (ja, hon \u00e4r en leasad elbil).<\/p>\n\n\n\n<p class=\"wp-block-paragraph\">Vid tretiden \u00e4r vi framme vid hotell Gyllene Hornet och Perssons stuga d\u00e4r vi ska bo. Vi g\u00e5r p\u00e5 uppt\u00e4cktsf\u00e4rd uppf\u00f6r det sluttande T\u00e4llberg med alla sina anrika hotell, hittar Holens kaffestuga n\u00e4stan h\u00f6gst upp och sitter mitt ute i utsikten n\u00e4r de f\u00f6rsta regndropparna h\u00f6rs.<\/p>\n\n\n\n<p class=\"wp-block-paragraph\">P\u00e5 kv\u00e4llen finmiddag och d\u00e4refter olympiska spel.<\/p>\n\n\n\n<p class=\"wp-block-paragraph\"><strong>\u201dHoppas ingen s\u00e5g mig\u201d<\/strong><br>Det \u00e4r morgonen d\u00e4rp\u00e5 det h\u00e4nder. Jag har som vanligt hittat en karta och p\u00e5 den finns det motionssp\u00e5r. Lycklig som en 73-\u00e5ring p\u00e5 g\u00f4bbsl\u00e4pp knyter jag p\u00e5 mig l\u00f6parskorna och tuggar iv\u00e4g uppf\u00f6r berget. Asfalt, grusv\u00e4g, skogsstig \u2013 pulsen b\u00f6rjar komma ig\u00e5ng, snart \u00e4r stigen l\u00f6jligt brant men jag ger icke tappt.<\/p>\n\n\n\n<p class=\"wp-block-paragraph\">Efter 20 minuter faller jag handl\u00f6st i en tillf\u00e4llig utf\u00f6rsl\u00f6pa. Ramlar s\u00e5 d\u00e4r snyggt som n\u00e4r man fort m\u00e5ste titta s\u00e5 ingen s\u00e5g det. Nej, jag \u00e4r ensam p\u00e5 stigen i frukosttimmen. Kn\u00e4et f\u00e5r ta f\u00f6rsta st\u00f6ten, sedan v\u00e4nsterarmen, ett revben och en minisekund senare h\u00f6ger \u00f6verarm. Hur nu det gick till.<\/p>\n\n\n\n<p class=\"wp-block-paragraph\">Blodet rinner \u2013 visst, jag \u00e4ter blodf\u00f6rtunnande medicin \u2013 hela min v\u00e4nstersida \u00e4r svart av trampad T\u00e4llbergsjord och nu b\u00f6rjar kn\u00e4sk\u00e5len f\u00e5 en extra kn\u00e4sk\u00e5l utanp\u00e5. Kn\u00e4et svullnar mer och mer, revbenet v\u00e4rker och jag kravlar mig upp p\u00e5 Digerberget f\u00f6r jag ska f\u00f6rbaske mig se utsikten \u00f6ver Siljan som jag har t\u00e4nkt.<\/p>\n\n\n\n<p class=\"wp-block-paragraph\">Dagen d\u00e4rp\u00e5 ligger jag mest p\u00e5 Polhems B&amp;B vid kanten av Falu gruva med v\u00e4nsterbenet h\u00f6gt och vill att det bara ska g\u00f6ra ont n\u00e4r jag skrattar.<br>Det g\u00f6r det inte.<br>Inte bara n\u00e4r jag skrattar.<\/p>\n\n\n\n<p class=\"wp-block-paragraph\"><strong>En kv\u00e4ll vi inte gl\u00f6mmer<\/strong><br>P\u00e5 kv\u00e4llen far vi trots allt till Dalhalla och ser konsertversionen av Kristina fr\u00e5n Duvem\u00e5la. Biljett \u00e4r biljett. Det regnar, tidvis s\u00e5 mycket att det bl\u00f6ter igenom regnst\u00e4llet jag alltid trott var t\u00e4tt. Efter f\u00f6rsta akten f\u00e5r jag lyfta mitt v\u00e4rkande v\u00e4nsterben f\u00f6r hand n\u00e4r jag ska g\u00e5 en sv\u00e4ng f\u00f6r att v\u00e4rma kroppen. Trappan tillbaka ner till rad 45 \u00e4r v\u00e4rst.<\/p>\n\n\n\n<p class=\"wp-block-paragraph\">\u00c4ven i andra akten h\u00e5ller min fru mig i hand under sin regncape. Den \u00e4r d\u00e4remot vattent\u00e4t. B\u00e5da h\u00e4nderna h\u00e5ller hon, inget annat \u00e4r varmt p\u00e5 mig de timmarna.<\/p>\n\n\n\n<p class=\"wp-block-paragraph\">F\u00f6rest\u00e4llningen \u00e4r lysande, Dalhalla sp\u00e4nnande och vindrutetorkarna fungerar fint n\u00e4r vi far tillbaka till v\u00e5rt Bed &amp; Breakfast i Falun. D\u00e4r pallar hon under mitt ben med kuddar igen, n\u00e4r jag f\u00e5tt av mig mina bl\u00f6ta kl\u00e4der.<\/p>\n\n\n\n<p class=\"wp-block-paragraph\">Fj\u00e4rde dagen, hemf\u00e4rd. I Norberg fikar vi p\u00e5 klassiska Elsa Andersons konditori (g\u00f6r det, \u00e4t tangot\u00e5rtan!). I Hjulsj\u00f6 k\u00f6per vi b\u00f6cker i Skandinaviens st\u00f6rsta bokloppis (g\u00f6r det med!).<\/p>\n\n\n\n<p class=\"wp-block-paragraph\"><strong>Klapp, klapp, klapp<\/strong><br>S\u00e5 snart det blivit m\u00e5ndag ringer jag Forshaga v\u00e5rdcentral. F\u00e5r snabbt en tid, blir unders\u00f6kt av en l\u00f6pintresserad doktor, f\u00e5r remiss av honom till r\u00f6ntgen i Karlstad, tas emot d\u00e4r en timme senare, r\u00f6ntgas, f\u00e5r besked. Ingen fraktur p\u00e5 kn\u00e4sk\u00e5len men du b\u00f6r prata med en sjukgymnast. Kommer hem, skickar meddelande till min fysioterapeut. F\u00e5r en tid.<\/p>\n\n\n\n<p class=\"wp-block-paragraph\">Det \u00e4r om n\u00e5gra dagar.<\/p>\n\n\n\n<p class=\"has-light-blue-background-color has-background wp-block-paragraph\">Vad vill jag ha sagt med allt detta?<br>1. Jag var inte i skick f\u00f6r att h\u00e4lsa p\u00e5 er, v\u00e4nner vid Runn.<br>2. Snubbla inte snabbt p\u00e5 steniga stigar i sluttningar.<br>3. Om du absolut m\u00e5ste g\u00f6ra det, var glad att det g\u00e5r att f\u00e5 snabb och effektiv sjukv\u00e5rd f\u00f6r skatten du betalar.<br><br>Och vila.<\/p>\n\n\n\n<p class=\"wp-block-paragraph\">PS. Vi var till Sundborn och s\u00e5g Karin och Carl Larssons hem och verk ocks\u00e5. Hennes stolsdynor var fortfarande m\u00e4rkv\u00e4rdigt moderna. DS.<\/p>\n\n\n\n<figure class=\"wp-block-image size-large\"><a href=\"https:\/\/sven-ove.nu\/wp-content\/uploads\/2024\/08\/IMG_0555-scaled.jpeg\"><img loading=\"lazy\" decoding=\"async\" width=\"1024\" height=\"828\" src=\"https:\/\/sven-ove.nu\/wp-content\/uploads\/2024\/08\/IMG_0555-1024x828.jpeg\" alt=\"\" class=\"wp-image-26833\" srcset=\"https:\/\/sven-ove.nu\/wp-content\/uploads\/2024\/08\/IMG_0555-1024x828.jpeg 1024w, https:\/\/sven-ove.nu\/wp-content\/uploads\/2024\/08\/IMG_0555-300x243.jpeg 300w, https:\/\/sven-ove.nu\/wp-content\/uploads\/2024\/08\/IMG_0555-768x621.jpeg 768w, https:\/\/sven-ove.nu\/wp-content\/uploads\/2024\/08\/IMG_0555-1536x1242.jpeg 1536w, https:\/\/sven-ove.nu\/wp-content\/uploads\/2024\/08\/IMG_0555-2048x1656.jpeg 2048w\" sizes=\"auto, (max-width: 1024px) 100vw, 1024px\" \/><\/a><\/figure>\n\n\n\n<p class=\"has-text-align-right wp-block-paragraph\"><em>Orsaken till att svenska hus blev r\u00f6da.<\/em><\/p>\n\n\n\n<figure class=\"wp-block-image size-large\"><a href=\"https:\/\/sven-ove.nu\/wp-content\/uploads\/2024\/08\/IMG_0519-scaled.jpeg\"><img loading=\"lazy\" decoding=\"async\" width=\"768\" height=\"1024\" src=\"https:\/\/sven-ove.nu\/wp-content\/uploads\/2024\/08\/IMG_0519-768x1024.jpeg\" alt=\"\" class=\"wp-image-26835\" srcset=\"https:\/\/sven-ove.nu\/wp-content\/uploads\/2024\/08\/IMG_0519-768x1024.jpeg 768w, https:\/\/sven-ove.nu\/wp-content\/uploads\/2024\/08\/IMG_0519-225x300.jpeg 225w, https:\/\/sven-ove.nu\/wp-content\/uploads\/2024\/08\/IMG_0519-1152x1536.jpeg 1152w, https:\/\/sven-ove.nu\/wp-content\/uploads\/2024\/08\/IMG_0519-1536x2048.jpeg 1536w, https:\/\/sven-ove.nu\/wp-content\/uploads\/2024\/08\/IMG_0519-scaled.jpeg 1920w\" sizes=\"auto, (max-width: 768px) 100vw, 768px\" \/><\/a><\/figure>\n\n\n\n<p class=\"has-text-align-right wp-block-paragraph\"><em>Sveriges skattkista en g\u00e5ng.<\/em><\/p>\n\n\n\n<figure class=\"wp-block-image size-large\"><a href=\"https:\/\/sven-ove.nu\/wp-content\/uploads\/2024\/08\/IMG_0582-scaled.jpeg\"><img loading=\"lazy\" decoding=\"async\" width=\"1024\" height=\"768\" src=\"https:\/\/sven-ove.nu\/wp-content\/uploads\/2024\/08\/IMG_0582-1024x768.jpeg\" alt=\"\" class=\"wp-image-26836\" srcset=\"https:\/\/sven-ove.nu\/wp-content\/uploads\/2024\/08\/IMG_0582-1024x768.jpeg 1024w, https:\/\/sven-ove.nu\/wp-content\/uploads\/2024\/08\/IMG_0582-300x225.jpeg 300w, https:\/\/sven-ove.nu\/wp-content\/uploads\/2024\/08\/IMG_0582-768x576.jpeg 768w, https:\/\/sven-ove.nu\/wp-content\/uploads\/2024\/08\/IMG_0582-1536x1152.jpeg 1536w, https:\/\/sven-ove.nu\/wp-content\/uploads\/2024\/08\/IMG_0582-2048x1536.jpeg 2048w\" sizes=\"auto, (max-width: 1024px) 100vw, 1024px\" \/><\/a><\/figure>\n\n\n\n<p class=\"has-text-align-right wp-block-paragraph\"><em>Kristina fr\u00e5n Duvem\u00e5la i Dalhalla. Den kv\u00e4llen gl\u00f6mmer vi inte.<\/em><\/p>\n\n\n\n<figure class=\"wp-block-image size-large\"><a href=\"https:\/\/sven-ove.nu\/wp-content\/uploads\/2024\/08\/IMG_0592-scaled.jpeg\"><img loading=\"lazy\" decoding=\"async\" width=\"768\" height=\"1024\" src=\"https:\/\/sven-ove.nu\/wp-content\/uploads\/2024\/08\/IMG_0592-768x1024.jpeg\" alt=\"\" class=\"wp-image-26837\" srcset=\"https:\/\/sven-ove.nu\/wp-content\/uploads\/2024\/08\/IMG_0592-768x1024.jpeg 768w, https:\/\/sven-ove.nu\/wp-content\/uploads\/2024\/08\/IMG_0592-225x300.jpeg 225w, https:\/\/sven-ove.nu\/wp-content\/uploads\/2024\/08\/IMG_0592-1152x1536.jpeg 1152w, https:\/\/sven-ove.nu\/wp-content\/uploads\/2024\/08\/IMG_0592-1536x2048.jpeg 1536w, https:\/\/sven-ove.nu\/wp-content\/uploads\/2024\/08\/IMG_0592-scaled.jpeg 1920w\" sizes=\"auto, (max-width: 768px) 100vw, 768px\" \/><\/a><\/figure>\n\n\n\n<p class=\"has-text-align-right wp-block-paragraph\"><em>Tangot\u00e5rtan!<\/em><\/p>\n\n\n\n<figure class=\"wp-block-image size-large\"><a href=\"https:\/\/sven-ove.nu\/wp-content\/uploads\/2024\/08\/IMG_0599-scaled.jpg\"><img loading=\"lazy\" decoding=\"async\" width=\"1024\" height=\"1024\" src=\"https:\/\/sven-ove.nu\/wp-content\/uploads\/2024\/08\/IMG_0599-1024x1024.jpg\" alt=\"\" class=\"wp-image-26838\" srcset=\"https:\/\/sven-ove.nu\/wp-content\/uploads\/2024\/08\/IMG_0599-1024x1024.jpg 1024w, https:\/\/sven-ove.nu\/wp-content\/uploads\/2024\/08\/IMG_0599-300x300.jpg 300w, https:\/\/sven-ove.nu\/wp-content\/uploads\/2024\/08\/IMG_0599-150x150.jpg 150w, https:\/\/sven-ove.nu\/wp-content\/uploads\/2024\/08\/IMG_0599-768x768.jpg 768w, https:\/\/sven-ove.nu\/wp-content\/uploads\/2024\/08\/IMG_0599-1536x1536.jpg 1536w, https:\/\/sven-ove.nu\/wp-content\/uploads\/2024\/08\/IMG_0599-2048x2048.jpg 2048w\" sizes=\"auto, (max-width: 1024px) 100vw, 1024px\" \/><\/a><\/figure>\n\n\n\n<p class=\"has-text-align-right wp-block-paragraph\"><em>N\u00e4sta g\u00e5ng ska vi h\u00e4mta fler 20-kronorsb\u00f6cker.<\/em><\/p>\n\n\n\n<p class=\"has-light-gray-background-color has-background wp-block-paragraph\"><a href=\"https:\/\/sven-ove.nu\/\">Hem<\/a>&nbsp;|&nbsp;<a href=\"https:\/\/sven-ove.nu\/?page_id=170\">Om mig<\/a>&nbsp;|&nbsp;<a href=\"https:\/\/sven-ove.nu\/?page_id=1385\">Skriva &amp; prata<\/a>&nbsp;|&nbsp;<a href=\"https:\/\/sven-ove.nu\/?page_id=100\">Politik<\/a>&nbsp;|&nbsp;<a href=\"https:\/\/sven-ove.nu\/?page_id=102\">L\u00f6pa<\/a>&nbsp;|&nbsp;<a href=\"https:\/\/sven-ove.nu\/?page_id=108\">Viktor Root<\/a>&nbsp;&nbsp;<br><em>Inl\u00e4gg nr 2 375, (c) Sven-Ove Svensson (men dela g\u00e4rna<\/em>).<\/p>\n","protected":false},"excerpt":{"rendered":"<p>Alla som anv\u00e4nt ett par l\u00f6parskor tillr\u00e4ckligt l\u00e4nge vet hur det \u00e4r. L\u00f6pningen \u00e4r en medicinsk paradox. Du m\u00e5r b\u00e4ttre och s\u00e4mre. Nu har jag blivit p\u00e5mind igen. Det b\u00f6rjar med en stolt plan. Vi ska \u00e5ka p\u00e5 semester. Pension\u00e4rer kan. Vad s\u00e4gs om en natt p\u00e5 hotell, tv\u00e5 p\u00e5 B&amp;B och en l\u00e5ng h\u00e4rlig &hellip; <a href=\"https:\/\/sven-ove.nu\/?p=26830\" class=\"more-link\">Forts\u00e4tt l\u00e4sa <span class=\"screen-reader-text\">Snubbla inte snabbt p\u00e5 steniga stigar i sluttningar<\/span><\/a><\/p>\n","protected":false},"author":1,"featured_media":0,"comment_status":"closed","ping_status":"open","sticky":false,"template":"","format":"standard","meta":{"_crdt_document":"","_monsterinsights_skip_tracking":false,"_monsterinsights_sitenote_active":false,"_monsterinsights_sitenote_note":"","_monsterinsights_sitenote_category":0,"footnotes":""},"categories":[10,28,5,6,9],"tags":[8,24],"class_list":["post-26830","post","type-post","status-publish","format-standard","hentry","category-familjen","category-kreativt-folk","category-lopning","category-natur","category-politik","tag-historia","tag-karlek"],"_links":{"self":[{"href":"https:\/\/sven-ove.nu\/index.php?rest_route=\/wp\/v2\/posts\/26830","targetHints":{"allow":["GET"]}}],"collection":[{"href":"https:\/\/sven-ove.nu\/index.php?rest_route=\/wp\/v2\/posts"}],"about":[{"href":"https:\/\/sven-ove.nu\/index.php?rest_route=\/wp\/v2\/types\/post"}],"author":[{"embeddable":true,"href":"https:\/\/sven-ove.nu\/index.php?rest_route=\/wp\/v2\/users\/1"}],"replies":[{"embeddable":true,"href":"https:\/\/sven-ove.nu\/index.php?rest_route=%2Fwp%2Fv2%2Fcomments&post=26830"}],"version-history":[{"count":11,"href":"https:\/\/sven-ove.nu\/index.php?rest_route=\/wp\/v2\/posts\/26830\/revisions"}],"predecessor-version":[{"id":26851,"href":"https:\/\/sven-ove.nu\/index.php?rest_route=\/wp\/v2\/posts\/26830\/revisions\/26851"}],"wp:attachment":[{"href":"https:\/\/sven-ove.nu\/index.php?rest_route=%2Fwp%2Fv2%2Fmedia&parent=26830"}],"wp:term":[{"taxonomy":"category","embeddable":true,"href":"https:\/\/sven-ove.nu\/index.php?rest_route=%2Fwp%2Fv2%2Fcategories&post=26830"},{"taxonomy":"post_tag","embeddable":true,"href":"https:\/\/sven-ove.nu\/index.php?rest_route=%2Fwp%2Fv2%2Ftags&post=26830"}],"curies":[{"name":"wp","href":"https:\/\/api.w.org\/{rel}","templated":true}]}}