{"id":26859,"date":"2024-08-21T04:00:00","date_gmt":"2024-08-21T03:00:00","guid":{"rendered":"https:\/\/sven-ove.nu\/?p=26859"},"modified":"2024-08-21T06:34:25","modified_gmt":"2024-08-21T05:34:25","slug":"slut-med-papperstidningar-pa-landsbygden","status":"publish","type":"post","link":"https:\/\/sven-ove.nu\/?p=26859","title":{"rendered":"Slut med papperstidningar p\u00e5 landsbygden?"},"content":{"rendered":"\n<figure class=\"wp-block-image size-full\"><a href=\"https:\/\/sven-ove.nu\/wp-content\/uploads\/2024\/08\/Stampen.jpeg\"><img loading=\"lazy\" decoding=\"async\" width=\"460\" height=\"392\" src=\"https:\/\/sven-ove.nu\/wp-content\/uploads\/2024\/08\/Stampen.jpeg\" alt=\"\" class=\"wp-image-26860\" srcset=\"https:\/\/sven-ove.nu\/wp-content\/uploads\/2024\/08\/Stampen.jpeg 460w, https:\/\/sven-ove.nu\/wp-content\/uploads\/2024\/08\/Stampen-300x256.jpeg 300w\" sizes=\"auto, (max-width: 460px) 100vw, 460px\" \/><\/a><\/figure>\n\n\n\n<blockquote class=\"wp-block-quote is-layout-flow wp-block-quote-is-layout-flow\">\n<p class=\"wp-block-paragraph\">Om tre \u00e5r kan papperstidningen vara borta fr\u00e5n landsbygden.<\/p>\n\n\n\n<p class=\"wp-block-paragraph\">Det s\u00e4ger Stampen Medias vd Johan Hansson i en artikel i tidningen Journalisten. Stampen \u00e4ger femton prenumererade morgontidningar, d\u00e4ribland G\u00f6teborgs-Posten.<\/p>\n<\/blockquote>\n\n\n\n<p class=\"wp-block-paragraph\">De \u00f6vriga tidningarna \u00e4r Alings\u00e5s Tidning, Bohusl\u00e4ningen, Hallands Nyheter, Hallandsposten, H\u00e4rryda-Posten, Kungsbacka-Posten, Kung\u00e4lvs-Posten, Lerums Tidning, Mark-Posten, M\u00f6lndals-Posten, Partille Tidning, ST-tidningen, Str\u00f6mstads Tidning och TTELA samt gratistidningarna Alings\u00e5s Kuriren och Melleruds Nyheter.<\/p>\n\n\n\n<p class=\"wp-block-paragraph\"><strong>Papper i t\u00e4torter<\/strong><br>F\u00f6r\u00e4ndringen g\u00e5r fort. I dag \u00e4r tv\u00e5 av tre prenumerationer p\u00e5 Stampens tidningar digitala. Johan Hansson tror att papperstidningarna kommer att leva kvar efter 2027, men f\u00f6rmodligen inte p\u00e5 landsbygden. Vid halv\u00e5rsskiftet f\u00f6r ett \u00e5r sedan var 54 procent av prenumerationerna digitala. I \u00e5r 64 procent.<\/p>\n\n\n\n<p class=\"wp-block-paragraph\">De digitala prenumerationerna \u00f6kar med ungef\u00e4r en procent i m\u00e5naden. M\u00e5let \u00e4r att \u00e5r 2027 ska den digitala aff\u00e4ren b\u00e4ra hela nyhetsverksamheten.<\/p>\n\n\n\n<p class=\"wp-block-paragraph\">\u201dVi ser att vi med all sannolikhet kommer att ha papperstidningar efter 2027, i t\u00e4torter, men f\u00f6rmodligen inte p\u00e5 landsbygden eftersom distributionen blir f\u00f6r dyr\u201d s\u00e4ger han i Journalisten.<\/p>\n\n\n\n<p class=\"has-light-blue-background-color has-background wp-block-paragraph\"><strong>### Samtidigt har den fysiska boken tappat n\u00e4stan halva sin f\u00f6rs\u00e4ljning de senaste decennierna skriver Svenska f\u00f6rl\u00e4ggaref\u00f6reningen i en ny rapport.&nbsp;<\/strong><\/p>\n\n\n\n<p class=\"has-light-gray-background-color has-background wp-block-paragraph\"><a href=\"https:\/\/sven-ove.nu\/\">Hem<\/a>&nbsp;|&nbsp;<a href=\"https:\/\/sven-ove.nu\/?page_id=170\">Om mig<\/a>&nbsp;|&nbsp;<a href=\"https:\/\/sven-ove.nu\/?page_id=1385\">Skriva &amp; prata<\/a>&nbsp;|&nbsp;<a href=\"https:\/\/sven-ove.nu\/?page_id=100\">Politik<\/a>&nbsp;|&nbsp;<a href=\"https:\/\/sven-ove.nu\/?page_id=102\">L\u00f6pa<\/a>&nbsp;|&nbsp;<a href=\"https:\/\/sven-ove.nu\/?page_id=108\">Viktor Root<\/a>&nbsp;&nbsp;<br><em>Inl\u00e4gg nr 2 377, (c) Sven-Ove Svensson (men dela g\u00e4rna<\/em>).<\/p>\n\n\n\n<p class=\"wp-block-paragraph\"><\/p>\n","protected":false},"excerpt":{"rendered":"<p>Om tre \u00e5r kan papperstidningen vara borta fr\u00e5n landsbygden. Det s\u00e4ger Stampen Medias vd Johan Hansson i en artikel i tidningen Journalisten. Stampen \u00e4ger femton prenumererade morgontidningar, d\u00e4ribland G\u00f6teborgs-Posten. De \u00f6vriga tidningarna \u00e4r Alings\u00e5s Tidning, Bohusl\u00e4ningen, Hallands Nyheter, Hallandsposten, H\u00e4rryda-Posten, Kungsbacka-Posten, Kung\u00e4lvs-Posten, Lerums Tidning, Mark-Posten, M\u00f6lndals-Posten, Partille Tidning, ST-tidningen, Str\u00f6mstads Tidning och TTELA samt gratistidningarna &hellip; <a href=\"https:\/\/sven-ove.nu\/?p=26859\" class=\"more-link\">Forts\u00e4tt l\u00e4sa <span class=\"screen-reader-text\">Slut med papperstidningar p\u00e5 landsbygden?<\/span><\/a><\/p>\n","protected":false},"author":1,"featured_media":0,"comment_status":"closed","ping_status":"open","sticky":false,"template":"","format":"standard","meta":{"_crdt_document":"","_monsterinsights_skip_tracking":false,"_monsterinsights_sitenote_active":false,"_monsterinsights_sitenote_note":"","_monsterinsights_sitenote_category":0,"footnotes":""},"categories":[4],"tags":[8,14,15],"class_list":["post-26859","post","type-post","status-publish","format-standard","hentry","category-skrivande","tag-historia","tag-lasning","tag-mediedjungeln"],"_links":{"self":[{"href":"https:\/\/sven-ove.nu\/index.php?rest_route=\/wp\/v2\/posts\/26859","targetHints":{"allow":["GET"]}}],"collection":[{"href":"https:\/\/sven-ove.nu\/index.php?rest_route=\/wp\/v2\/posts"}],"about":[{"href":"https:\/\/sven-ove.nu\/index.php?rest_route=\/wp\/v2\/types\/post"}],"author":[{"embeddable":true,"href":"https:\/\/sven-ove.nu\/index.php?rest_route=\/wp\/v2\/users\/1"}],"replies":[{"embeddable":true,"href":"https:\/\/sven-ove.nu\/index.php?rest_route=%2Fwp%2Fv2%2Fcomments&post=26859"}],"version-history":[{"count":3,"href":"https:\/\/sven-ove.nu\/index.php?rest_route=\/wp\/v2\/posts\/26859\/revisions"}],"predecessor-version":[{"id":26863,"href":"https:\/\/sven-ove.nu\/index.php?rest_route=\/wp\/v2\/posts\/26859\/revisions\/26863"}],"wp:attachment":[{"href":"https:\/\/sven-ove.nu\/index.php?rest_route=%2Fwp%2Fv2%2Fmedia&parent=26859"}],"wp:term":[{"taxonomy":"category","embeddable":true,"href":"https:\/\/sven-ove.nu\/index.php?rest_route=%2Fwp%2Fv2%2Fcategories&post=26859"},{"taxonomy":"post_tag","embeddable":true,"href":"https:\/\/sven-ove.nu\/index.php?rest_route=%2Fwp%2Fv2%2Ftags&post=26859"}],"curies":[{"name":"wp","href":"https:\/\/api.w.org\/{rel}","templated":true}]}}