{"id":26864,"date":"2024-08-28T04:15:05","date_gmt":"2024-08-28T03:15:05","guid":{"rendered":"https:\/\/sven-ove.nu\/?p=26864"},"modified":"2024-08-28T07:11:12","modified_gmt":"2024-08-28T06:11:12","slug":"det-kunde-vara-enkelt","status":"publish","type":"post","link":"https:\/\/sven-ove.nu\/?p=26864","title":{"rendered":"Det kunde vara enkelt"},"content":{"rendered":"\n<figure class=\"wp-block-image size-large\"><a href=\"https:\/\/sven-ove.nu\/wp-content\/uploads\/2024\/08\/IMG_0622.jpeg\"><img loading=\"lazy\" decoding=\"async\" width=\"1024\" height=\"922\" src=\"https:\/\/sven-ove.nu\/wp-content\/uploads\/2024\/08\/IMG_0622-1024x922.jpeg\" alt=\"\" class=\"wp-image-26865\" srcset=\"https:\/\/sven-ove.nu\/wp-content\/uploads\/2024\/08\/IMG_0622-1024x922.jpeg 1024w, https:\/\/sven-ove.nu\/wp-content\/uploads\/2024\/08\/IMG_0622-300x270.jpeg 300w, https:\/\/sven-ove.nu\/wp-content\/uploads\/2024\/08\/IMG_0622-768x691.jpeg 768w, https:\/\/sven-ove.nu\/wp-content\/uploads\/2024\/08\/IMG_0622-1536x1383.jpeg 1536w, https:\/\/sven-ove.nu\/wp-content\/uploads\/2024\/08\/IMG_0622-2048x1843.jpeg 2048w\" sizes=\"auto, (max-width: 1024px) 100vw, 1024px\" \/><\/a><\/figure>\n\n\n\n<p class=\"has-text-align-right wp-block-paragraph\"><em>Jag kunde h\u00e5lla f\u00f6redrag om varf\u00f6r &#8230;<\/em><\/p>\n\n\n\n<blockquote class=\"wp-block-quote is-layout-flow wp-block-quote-is-layout-flow\">\n<p class=\"wp-block-paragraph\">Under n\u00e5gra lyckliga dagar tr\u00e4ffar jag s\u00e4rskilt mycket folk. N\u00e4r vi samtalar kommer vi ibland in p\u00e5 konflikter. Varje g\u00e5ng h\u00f6r jag mig sj\u00e4lv s\u00e4ga:<br>&#8211; Livet kunde ju vara s\u00e5 enkelt.<\/p>\n<\/blockquote>\n\n\n\n<p class=\"wp-block-paragraph\">P\u00e5 torsdagen g\u00e5r jag en fin runda med Gryningspatrullen i trakter d\u00e4r s\u00e5v\u00e4l vandrande gubbe som kantarell och n\u00f6tkr\u00e5ka trivs. Vid fikat kommer vi in p\u00e5 krigen i v\u00e4rlden.<br>&#8211; Livet kunde ju vara s\u00e5 enkelt.<\/p>\n\n\n\n<p class=\"wp-block-paragraph\"><strong>Pj\u00e4sen har n\u00e5got att s\u00e4ga oss<\/strong><br>Dagen d\u00e4rp\u00e5 kommer \u00e4lskade barn och barnbarn med respektive k\u00e4rlekar hit. N\u00e4r vi varit och sett V\u00e4stan\u00e5 Teaters sp\u00e4nnande f\u00f6rest\u00e4llning av Herr Arnes penningar pratar vi om vad pj\u00e4sen och Selma Lagerl\u00f6fs roman har att s\u00e4ga oss i dag. Om girighet, om kriget i Gaza f\u00f6rst\u00e5s och om gr\u00e4nsen f\u00f6r vad som g\u00e5r att f\u00f6rl\u00e5ta.<br>&#8211; Livet kunde ju vara s\u00e5 enkelt, s\u00e4ger jag.<\/p>\n\n\n\n<p class=\"wp-block-paragraph\"><strong>De minns mina f\u00f6r\u00e4ldrar<\/strong><br>P\u00e5 s\u00f6ndagen tr\u00e4ffar jag nya och gamla bekanta p\u00e5 b\u00e5da sidor om V\u00e4rml\u00e4ndska F\u00f6rfattars\u00e4llskapets bokbord vid hembygdsg\u00e5rden Tr\u00e4fotere i min barndomssocken Grava. Vi skrattar mycket, pratar b\u00f6cker, s\u00e4ljer n\u00e5gra och jag tr\u00e4ffar folk som minns mina f\u00f6r\u00e4ldrar p\u00e5 1950-talet. Sedan pratar vi om en lokalare konflikt, det brukar finnas n\u00e5gra att v\u00e4lja p\u00e5. \u00c4n en g\u00e5ng h\u00f6r jag mig sj\u00e4lv s\u00e4ga:<br>&#8211; Livet kunde ju vara s\u00e5 enkelt.<\/p>\n\n\n\n<p class=\"wp-block-paragraph\"><strong>Vi gillar varandra<\/strong><br>Jag menar verkligen de d\u00e4r orden. N\u00e4r vi sitter med barn och barnbarn runt matbordet \u00e4r vi f\u00f6rst\u00e5s inte \u00f6verens om allt. Varf\u00f6r skulle vi vara det. Men vi skrattar tillsammans, pratar som folk, f\u00f6rs\u00f6ker lyssna och respektera varandra.<\/p>\n\n\n\n<p class=\"wp-block-paragraph\">N\u00e4r jag hamnar bredvid en annan f\u00f6rfattare vid bokbordet, n\u00e5got \u00e4ldre \u00e4n jag, uppt\u00e4cker jag att vi gillar varandra och har massor gemensamt. Dock inte i politiken. Men det skrattar vi \u00e5t och respekterar varandra.<\/p>\n\n\n\n<p class=\"wp-block-paragraph\">Livet p\u00e5 v\u00e5r vackra planet kunde vara s\u00e5 enkelt. Likav\u00e4l som vi skrattar tillsammans vid ett matbord i Forshaga och ett bokbord i Grava, fast vi ibland \u00e4r olika. Likav\u00e4l kunde m\u00e4nniskan g\u00f6ra det p\u00e5 andra h\u00e5ll.<\/p>\n\n\n\n<p class=\"wp-block-paragraph\"><strong>Nog vet jag varf\u00f6r<\/strong><br>Nej, jag \u00e4r inte naiv. Inte bara naiv. Jag vet en del om varf\u00f6r folk br\u00e5kar h\u00e4r och i Ukraina och Gaza. Jag skulle kunna h\u00e5lla f\u00f6redrag n\u00e4r du vill om varf\u00f6r m\u00e4nniskan f\u00f6rsta g\u00e5ngen b\u00f6rjade rita gr\u00e4nser. Om girighet, mobbing, klassamh\u00e4llen, makteliter, kolonialism, rasism, folkf\u00f6rf\u00f6ljelser, folkf\u00f6rdrivningar och olika historiesyn. Allt det som g\u00f6r att det inte \u00e4r s\u00e5 enkelt.<\/p>\n\n\n\n<p class=\"wp-block-paragraph\">Men det KUNDE vara enkelt.<br>Vi KUNDE vara medm\u00e4nniskor som skrattar tillsammans och skickar mat till varandra runt ett bord.<br>V\u00e4nner som r\u00e4ddar v\u00e5r planet tillsammans, n\u00e4r vi inte skrattar \u00e4nnu mer och l\u00e4ser goda b\u00f6cker om att vara m\u00e4nniska och om hur krigen \u00e4ntligen tog slut.<\/p>\n\n\n\n<figure class=\"wp-block-image size-large\"><a href=\"https:\/\/sven-ove.nu\/wp-content\/uploads\/2024\/08\/IMG_0768-scaled.jpg\"><img loading=\"lazy\" decoding=\"async\" width=\"1024\" height=\"490\" src=\"https:\/\/sven-ove.nu\/wp-content\/uploads\/2024\/08\/IMG_0768-1024x490.jpg\" alt=\"\" class=\"wp-image-26866\" srcset=\"https:\/\/sven-ove.nu\/wp-content\/uploads\/2024\/08\/IMG_0768-1024x490.jpg 1024w, https:\/\/sven-ove.nu\/wp-content\/uploads\/2024\/08\/IMG_0768-300x144.jpg 300w, https:\/\/sven-ove.nu\/wp-content\/uploads\/2024\/08\/IMG_0768-768x368.jpg 768w, https:\/\/sven-ove.nu\/wp-content\/uploads\/2024\/08\/IMG_0768-1536x736.jpg 1536w, https:\/\/sven-ove.nu\/wp-content\/uploads\/2024\/08\/IMG_0768-2048x981.jpg 2048w\" sizes=\"auto, (max-width: 1024px) 100vw, 1024px\" \/><\/a><\/figure>\n\n\n\n<p class=\"has-background wp-block-paragraph\" style=\"background-color:#b2ed99\"><a href=\"https:\/\/sven-ove.nu\/\">Hem<\/a>&nbsp;|&nbsp;<a href=\"https:\/\/sven-ove.nu\/?page_id=170\">Om mig<\/a>&nbsp;|&nbsp;<a href=\"https:\/\/sven-ove.nu\/?page_id=1385\">Skriva &amp; prata<\/a>&nbsp;|&nbsp;<a href=\"https:\/\/sven-ove.nu\/?page_id=100\">Politik<\/a>&nbsp;|&nbsp;<a href=\"https:\/\/sven-ove.nu\/?page_id=102\">L\u00f6pa<\/a>&nbsp;|&nbsp;<a href=\"https:\/\/sven-ove.nu\/?page_id=108\">Viktor Root<\/a>&nbsp;&nbsp;<br><em>Inl\u00e4gg nr 2 378, (c) Sven-Ove Svensson (men dela g\u00e4rna<\/em>).<\/p>\n\n\n\n<p class=\"wp-block-paragraph\"><\/p>\n","protected":false},"excerpt":{"rendered":"<p>Jag kunde h\u00e5lla f\u00f6redrag om varf\u00f6r &#8230; Under n\u00e5gra lyckliga dagar tr\u00e4ffar jag s\u00e4rskilt mycket folk. N\u00e4r vi samtalar kommer vi ibland in p\u00e5 konflikter. Varje g\u00e5ng h\u00f6r jag mig sj\u00e4lv s\u00e4ga:&#8211; Livet kunde ju vara s\u00e5 enkelt. P\u00e5 torsdagen g\u00e5r jag en fin runda med Gryningspatrullen i trakter d\u00e4r s\u00e5v\u00e4l vandrande gubbe som kantarell &hellip; <a href=\"https:\/\/sven-ove.nu\/?p=26864\" class=\"more-link\">Forts\u00e4tt l\u00e4sa <span class=\"screen-reader-text\">Det kunde vara enkelt<\/span><\/a><\/p>\n","protected":false},"author":1,"featured_media":0,"comment_status":"closed","ping_status":"open","sticky":false,"template":"","format":"standard","meta":{"_crdt_document":"","_monsterinsights_skip_tracking":false,"_monsterinsights_sitenote_active":false,"_monsterinsights_sitenote_note":"","_monsterinsights_sitenote_category":0,"footnotes":""},"categories":[10,28,6,9,4],"tags":[3,16,8,24,18,17],"class_list":["post-26864","post","type-post","status-publish","format-standard","hentry","category-familjen","category-kreativt-folk","category-natur","category-politik","category-skrivande","tag-arbete","tag-dumheter","tag-historia","tag-karlek","tag-lardomar","tag-solidaritet"],"_links":{"self":[{"href":"https:\/\/sven-ove.nu\/index.php?rest_route=\/wp\/v2\/posts\/26864","targetHints":{"allow":["GET"]}}],"collection":[{"href":"https:\/\/sven-ove.nu\/index.php?rest_route=\/wp\/v2\/posts"}],"about":[{"href":"https:\/\/sven-ove.nu\/index.php?rest_route=\/wp\/v2\/types\/post"}],"author":[{"embeddable":true,"href":"https:\/\/sven-ove.nu\/index.php?rest_route=\/wp\/v2\/users\/1"}],"replies":[{"embeddable":true,"href":"https:\/\/sven-ove.nu\/index.php?rest_route=%2Fwp%2Fv2%2Fcomments&post=26864"}],"version-history":[{"count":7,"href":"https:\/\/sven-ove.nu\/index.php?rest_route=\/wp\/v2\/posts\/26864\/revisions"}],"predecessor-version":[{"id":26874,"href":"https:\/\/sven-ove.nu\/index.php?rest_route=\/wp\/v2\/posts\/26864\/revisions\/26874"}],"wp:attachment":[{"href":"https:\/\/sven-ove.nu\/index.php?rest_route=%2Fwp%2Fv2%2Fmedia&parent=26864"}],"wp:term":[{"taxonomy":"category","embeddable":true,"href":"https:\/\/sven-ove.nu\/index.php?rest_route=%2Fwp%2Fv2%2Fcategories&post=26864"},{"taxonomy":"post_tag","embeddable":true,"href":"https:\/\/sven-ove.nu\/index.php?rest_route=%2Fwp%2Fv2%2Ftags&post=26864"}],"curies":[{"name":"wp","href":"https:\/\/api.w.org\/{rel}","templated":true}]}}