{"id":26875,"date":"2024-08-29T04:55:00","date_gmt":"2024-08-29T03:55:00","guid":{"rendered":"https:\/\/sven-ove.nu\/?p=26875"},"modified":"2024-08-28T07:59:15","modified_gmt":"2024-08-28T06:59:15","slug":"blod-och-grus","status":"publish","type":"post","link":"https:\/\/sven-ove.nu\/?p=26875","title":{"rendered":"Blod och grus"},"content":{"rendered":"\n<figure class=\"wp-block-image size-large\"><a href=\"https:\/\/sven-ove.nu\/wp-content\/uploads\/2024\/08\/IMG_0770.jpg\"><img loading=\"lazy\" decoding=\"async\" width=\"1024\" height=\"679\" src=\"https:\/\/sven-ove.nu\/wp-content\/uploads\/2024\/08\/IMG_0770-1024x679.jpg\" alt=\"\" class=\"wp-image-26876\" srcset=\"https:\/\/sven-ove.nu\/wp-content\/uploads\/2024\/08\/IMG_0770-1024x679.jpg 1024w, https:\/\/sven-ove.nu\/wp-content\/uploads\/2024\/08\/IMG_0770-300x199.jpg 300w, https:\/\/sven-ove.nu\/wp-content\/uploads\/2024\/08\/IMG_0770-768x509.jpg 768w, https:\/\/sven-ove.nu\/wp-content\/uploads\/2024\/08\/IMG_0770-1536x1018.jpg 1536w, https:\/\/sven-ove.nu\/wp-content\/uploads\/2024\/08\/IMG_0770-2048x1358.jpg 2048w\" sizes=\"auto, (max-width: 1024px) 100vw, 1024px\" \/><\/a><\/figure>\n\n\n\n<p class=\"wp-block-paragraph\">Ja, jag tycker att Hamas attack den 7 oktober 2023 var en terrorhandling. Ur den blodiga jorden vid musikfestivalen stiger en vrede.<\/p>\n\n\n\n<p class=\"wp-block-paragraph\">Nej, jag tycker inte att Israels svar att (hittills) d\u00f6da 40 000 barn, kvinnor, civila m\u00e4n och Hamaskrigare \u00e4r proportionerligt och g\u00e5r att f\u00f6rsvara.<\/p>\n\n\n\n<p class=\"wp-block-paragraph\"><strong>Motverkar sitt syfte<\/strong><br>Den enes terror f\u00f6rsvarar inte den andres dryga 30-dubbling av terrorn. M\u00e5ngdubblingen \u00e4r dessutom milit\u00e4rt korkad. Du kan inte d\u00f6da en id\u00e9 med kulor och bomber. Det v\u00e5ldet f\u00f6der bara nytt v\u00e5ld och nya terrorister.<\/p>\n\n\n\n<p class=\"wp-block-paragraph\">Ur gruset stiger en vrede.<\/p>\n\n\n\n<p class=\"has-light-gray-background-color has-background wp-block-paragraph\"><a href=\"https:\/\/sven-ove.nu\/\">Hem<\/a>&nbsp;|&nbsp;<a href=\"https:\/\/sven-ove.nu\/?page_id=170\">Om mig<\/a>&nbsp;|&nbsp;<a href=\"https:\/\/sven-ove.nu\/?page_id=1385\">Skriva &amp; prata<\/a>&nbsp;|&nbsp;<a href=\"https:\/\/sven-ove.nu\/?page_id=100\">Politik<\/a>&nbsp;|&nbsp;<a href=\"https:\/\/sven-ove.nu\/?page_id=102\">L\u00f6pa<\/a>&nbsp;|&nbsp;<a href=\"https:\/\/sven-ove.nu\/?page_id=108\">Viktor Root<\/a>&nbsp;&nbsp;<br><em>Inl\u00e4gg nr 2 379, (c) Sven-Ove Svensson (men dela g\u00e4rna<\/em>).<\/p>\n","protected":false},"excerpt":{"rendered":"<p>Ja, jag tycker att Hamas attack den 7 oktober 2023 var en terrorhandling. Ur den blodiga jorden vid musikfestivalen stiger en vrede. Nej, jag tycker inte att Israels svar att (hittills) d\u00f6da 40 000 barn, kvinnor, civila m\u00e4n och Hamaskrigare \u00e4r proportionerligt och g\u00e5r att f\u00f6rsvara. Motverkar sitt syfteDen enes terror f\u00f6rsvarar inte den andres &hellip; <a href=\"https:\/\/sven-ove.nu\/?p=26875\" class=\"more-link\">Forts\u00e4tt l\u00e4sa <span class=\"screen-reader-text\">Blod och grus<\/span><\/a><\/p>\n","protected":false},"author":1,"featured_media":0,"comment_status":"closed","ping_status":"open","sticky":false,"template":"","format":"standard","meta":{"_crdt_document":"","_monsterinsights_skip_tracking":false,"_monsterinsights_sitenote_active":false,"_monsterinsights_sitenote_note":"","_monsterinsights_sitenote_category":0,"footnotes":""},"categories":[9],"tags":[16,8,18],"class_list":["post-26875","post","type-post","status-publish","format-standard","hentry","category-politik","tag-dumheter","tag-historia","tag-lardomar"],"_links":{"self":[{"href":"https:\/\/sven-ove.nu\/index.php?rest_route=\/wp\/v2\/posts\/26875","targetHints":{"allow":["GET"]}}],"collection":[{"href":"https:\/\/sven-ove.nu\/index.php?rest_route=\/wp\/v2\/posts"}],"about":[{"href":"https:\/\/sven-ove.nu\/index.php?rest_route=\/wp\/v2\/types\/post"}],"author":[{"embeddable":true,"href":"https:\/\/sven-ove.nu\/index.php?rest_route=\/wp\/v2\/users\/1"}],"replies":[{"embeddable":true,"href":"https:\/\/sven-ove.nu\/index.php?rest_route=%2Fwp%2Fv2%2Fcomments&post=26875"}],"version-history":[{"count":2,"href":"https:\/\/sven-ove.nu\/index.php?rest_route=\/wp\/v2\/posts\/26875\/revisions"}],"predecessor-version":[{"id":26878,"href":"https:\/\/sven-ove.nu\/index.php?rest_route=\/wp\/v2\/posts\/26875\/revisions\/26878"}],"wp:attachment":[{"href":"https:\/\/sven-ove.nu\/index.php?rest_route=%2Fwp%2Fv2%2Fmedia&parent=26875"}],"wp:term":[{"taxonomy":"category","embeddable":true,"href":"https:\/\/sven-ove.nu\/index.php?rest_route=%2Fwp%2Fv2%2Fcategories&post=26875"},{"taxonomy":"post_tag","embeddable":true,"href":"https:\/\/sven-ove.nu\/index.php?rest_route=%2Fwp%2Fv2%2Ftags&post=26875"}],"curies":[{"name":"wp","href":"https:\/\/api.w.org\/{rel}","templated":true}]}}