{"id":26880,"date":"2024-08-30T04:45:00","date_gmt":"2024-08-30T03:45:00","guid":{"rendered":"https:\/\/sven-ove.nu\/?p=26880"},"modified":"2024-08-30T06:30:16","modified_gmt":"2024-08-30T05:30:16","slug":"en-sorgmantels-fodelsedag","status":"publish","type":"post","link":"https:\/\/sven-ove.nu\/?p=26880","title":{"rendered":"En sorgmantels f\u00f6delsedag"},"content":{"rendered":"\n<figure class=\"wp-block-image size-large\"><a href=\"https:\/\/sven-ove.nu\/wp-content\/uploads\/2024\/08\/IMG_0782.jpeg\"><img loading=\"lazy\" decoding=\"async\" width=\"1024\" height=\"1024\" src=\"https:\/\/sven-ove.nu\/wp-content\/uploads\/2024\/08\/IMG_0782-1024x1024.jpeg\" alt=\"\" class=\"wp-image-26889\" srcset=\"https:\/\/sven-ove.nu\/wp-content\/uploads\/2024\/08\/IMG_0782-1024x1024.jpeg 1024w, https:\/\/sven-ove.nu\/wp-content\/uploads\/2024\/08\/IMG_0782-300x300.jpeg 300w, https:\/\/sven-ove.nu\/wp-content\/uploads\/2024\/08\/IMG_0782-150x150.jpeg 150w, https:\/\/sven-ove.nu\/wp-content\/uploads\/2024\/08\/IMG_0782-768x768.jpeg 768w, https:\/\/sven-ove.nu\/wp-content\/uploads\/2024\/08\/IMG_0782.jpeg 1333w\" sizes=\"auto, (max-width: 1024px) 100vw, 1024px\" \/><\/a><\/figure>\n\n\n\n<blockquote class=\"wp-block-quote is-layout-flow wp-block-quote-is-layout-flow\">\n<p class=\"wp-block-paragraph\">V\u00e5ra torsdagsvandringar med Gryningspatrullen \u00e4r till stadig gl\u00e4dje och nytta.<\/p>\n<\/blockquote>\n\n\n\n<p class=\"wp-block-paragraph\">M\u00e5nga nyttor f\u00f6rresten.<\/p>\n\n\n\n<p class=\"wp-block-paragraph\">I g\u00e5r fick vi se v\u00e5r medvandrare Mikael Skalstad v\u00e4cka liv i en fj\u00e4ril p\u00e5 en skogsstig utanf\u00f6r Molkom. En sorgmantel.&nbsp;<\/p>\n\n\n\n<p class=\"wp-block-paragraph\">Det vill s\u00e4ga: vi trodde han gav fj\u00e4ddrilen liv. I sj\u00e4lva verket fick vi l\u00e4ra oss att den var nykl\u00e4ckt, inte d\u00f6d. Det syntes p\u00e5 de r\u00f6da resterna.<\/p>\n\n\n\n<p class=\"wp-block-paragraph\"><strong>Bl\u00e5ser varmluft<\/strong><br>F\u00f6rst ser vi inte ett livstecken p\u00e5 sorgmanteln i morgonfukten p\u00e5 marken. D\u00e5 lyfter fj\u00e4rilsexperten f\u00f6rsiktigt upp insekten i n\u00e4ven och bl\u00e5ser sakta varm utandningsluft mot den.<\/p>\n\n\n\n<p class=\"wp-block-paragraph\">Efter en stund r\u00f6r den sig yrvaket. Inte sprallig \u00e4n men vid prima liv p\u00e5 sin f\u00f6delsedag.<\/p>\n\n\n\n<p class=\"wp-block-paragraph\">Tjohoo!<\/p>\n\n\n\n<figure class=\"wp-block-image size-large\"><a href=\"https:\/\/sven-ove.nu\/wp-content\/uploads\/2024\/08\/image-scaled.jpeg\"><img loading=\"lazy\" decoding=\"async\" width=\"768\" height=\"1024\" src=\"https:\/\/sven-ove.nu\/wp-content\/uploads\/2024\/08\/image-768x1024.jpeg\" alt=\"\" class=\"wp-image-26884\" srcset=\"https:\/\/sven-ove.nu\/wp-content\/uploads\/2024\/08\/image-768x1024.jpeg 768w, https:\/\/sven-ove.nu\/wp-content\/uploads\/2024\/08\/image-225x300.jpeg 225w, https:\/\/sven-ove.nu\/wp-content\/uploads\/2024\/08\/image-1152x1536.jpeg 1152w, https:\/\/sven-ove.nu\/wp-content\/uploads\/2024\/08\/image-1536x2048.jpeg 1536w, https:\/\/sven-ove.nu\/wp-content\/uploads\/2024\/08\/image-scaled.jpeg 1920w\" sizes=\"auto, (max-width: 768px) 100vw, 768px\" \/><\/a><\/figure>\n\n\n\n<p class=\"has-background wp-block-paragraph\" style=\"background-color:#e0f1b1\"><em>### Kantarellerna plockade vi tillsammans i f\u00f6rbig\u00e5ende under 8-kilometersvandringen mellan lyxvillor, finuppfr\u00e4schad badplats, Molkomsj\u00f6ns vackraste caf\u00e9utsikt och gamla Karlstadsv\u00e4gen, numera traktorv\u00e4g genom skogen.<\/em><br><br>### <em>I g\u00e5r var det min tur att ta hem den gemensamma sk\u00f6rden i v\u00e5r \u00f6msinta svampstafett<\/em>.<br><br><em>### Gl\u00e4dje och nytta, jag s\u00e4ger ju det.<\/em><\/p>\n\n\n<div class=\"wp-block-image\">\n<figure class=\"aligncenter size-medium\"><a href=\"https:\/\/sven-ove.nu\/wp-content\/uploads\/2024\/08\/IMG_0789-1-scaled.jpeg\"><img loading=\"lazy\" decoding=\"async\" width=\"300\" height=\"300\" src=\"https:\/\/sven-ove.nu\/wp-content\/uploads\/2024\/08\/IMG_0789-1-300x300.jpeg\" alt=\"\" class=\"wp-image-26892\" srcset=\"https:\/\/sven-ove.nu\/wp-content\/uploads\/2024\/08\/IMG_0789-1-300x300.jpeg 300w, https:\/\/sven-ove.nu\/wp-content\/uploads\/2024\/08\/IMG_0789-1-1024x1024.jpeg 1024w, https:\/\/sven-ove.nu\/wp-content\/uploads\/2024\/08\/IMG_0789-1-150x150.jpeg 150w, https:\/\/sven-ove.nu\/wp-content\/uploads\/2024\/08\/IMG_0789-1-768x768.jpeg 768w, https:\/\/sven-ove.nu\/wp-content\/uploads\/2024\/08\/IMG_0789-1-1536x1536.jpeg 1536w, https:\/\/sven-ove.nu\/wp-content\/uploads\/2024\/08\/IMG_0789-1-2048x2048.jpeg 2048w\" sizes=\"auto, (max-width: 300px) 100vw, 300px\" \/><\/a><\/figure>\n<\/div>\n\n\n<p class=\"has-light-gray-background-color has-background wp-block-paragraph\"><a href=\"https:\/\/sven-ove.nu\/\">Hem<\/a>&nbsp;|&nbsp;<a href=\"https:\/\/sven-ove.nu\/?page_id=170\">Om mig<\/a>&nbsp;|&nbsp;<a href=\"https:\/\/sven-ove.nu\/?page_id=1385\">Skriva &amp; prata<\/a>&nbsp;|&nbsp;<a href=\"https:\/\/sven-ove.nu\/?page_id=100\">Politik<\/a>&nbsp;|&nbsp;<a href=\"https:\/\/sven-ove.nu\/?page_id=102\">L\u00f6pa<\/a>&nbsp;|&nbsp;<a href=\"https:\/\/sven-ove.nu\/?page_id=108\">Viktor Root<\/a>&nbsp;&nbsp;<br><em>Inl\u00e4gg nr 2 380, (c) Sven-Ove Svensson (men dela g\u00e4rna<\/em>).<\/p>\n\n\n\n<p class=\"wp-block-paragraph\"><\/p>\n","protected":false},"excerpt":{"rendered":"<p>V\u00e5ra torsdagsvandringar med Gryningspatrullen \u00e4r till stadig gl\u00e4dje och nytta. M\u00e5nga nyttor f\u00f6rresten. I g\u00e5r fick vi se v\u00e5r medvandrare Mikael Skalstad v\u00e4cka liv i en fj\u00e4ril p\u00e5 en skogsstig utanf\u00f6r Molkom. En sorgmantel.&nbsp; Det vill s\u00e4ga: vi trodde han gav fj\u00e4ddrilen liv. I sj\u00e4lva verket fick vi l\u00e4ra oss att den var nykl\u00e4ckt, inte &hellip; <a href=\"https:\/\/sven-ove.nu\/?p=26880\" class=\"more-link\">Forts\u00e4tt l\u00e4sa <span class=\"screen-reader-text\">En sorgmantels f\u00f6delsedag<\/span><\/a><\/p>\n","protected":false},"author":1,"featured_media":0,"comment_status":"closed","ping_status":"open","sticky":false,"template":"","format":"standard","meta":{"_crdt_document":"","_monsterinsights_skip_tracking":false,"_monsterinsights_sitenote_active":false,"_monsterinsights_sitenote_note":"","_monsterinsights_sitenote_category":0,"footnotes":""},"categories":[28,6],"tags":[24],"class_list":["post-26880","post","type-post","status-publish","format-standard","hentry","category-kreativt-folk","category-natur","tag-karlek"],"_links":{"self":[{"href":"https:\/\/sven-ove.nu\/index.php?rest_route=\/wp\/v2\/posts\/26880","targetHints":{"allow":["GET"]}}],"collection":[{"href":"https:\/\/sven-ove.nu\/index.php?rest_route=\/wp\/v2\/posts"}],"about":[{"href":"https:\/\/sven-ove.nu\/index.php?rest_route=\/wp\/v2\/types\/post"}],"author":[{"embeddable":true,"href":"https:\/\/sven-ove.nu\/index.php?rest_route=\/wp\/v2\/users\/1"}],"replies":[{"embeddable":true,"href":"https:\/\/sven-ove.nu\/index.php?rest_route=%2Fwp%2Fv2%2Fcomments&post=26880"}],"version-history":[{"count":10,"href":"https:\/\/sven-ove.nu\/index.php?rest_route=\/wp\/v2\/posts\/26880\/revisions"}],"predecessor-version":[{"id":26898,"href":"https:\/\/sven-ove.nu\/index.php?rest_route=\/wp\/v2\/posts\/26880\/revisions\/26898"}],"wp:attachment":[{"href":"https:\/\/sven-ove.nu\/index.php?rest_route=%2Fwp%2Fv2%2Fmedia&parent=26880"}],"wp:term":[{"taxonomy":"category","embeddable":true,"href":"https:\/\/sven-ove.nu\/index.php?rest_route=%2Fwp%2Fv2%2Fcategories&post=26880"},{"taxonomy":"post_tag","embeddable":true,"href":"https:\/\/sven-ove.nu\/index.php?rest_route=%2Fwp%2Fv2%2Ftags&post=26880"}],"curies":[{"name":"wp","href":"https:\/\/api.w.org\/{rel}","templated":true}]}}