{"id":2689,"date":"2012-07-25T04:00:19","date_gmt":"2012-07-25T03:00:19","guid":{"rendered":"http:\/\/sven-ove.nu\/?p=2689"},"modified":"2012-07-14T10:35:04","modified_gmt":"2012-07-14T09:35:04","slug":"lagmalda-klipphangare","status":"publish","type":"post","link":"https:\/\/sven-ove.nu\/?p=2689","title":{"rendered":"L\u00e5gm\u00e4lda klipph\u00e4ngare"},"content":{"rendered":"<p>Du anv\u00e4nder dig av l\u00e5gm\u00e4lda klipph\u00e4ngare, skriver en v\u00e4n p\u00e5 facebook. Uttrycket kr\u00e4ver sin f\u00f6rklaring. <strong>L\u00e5gm\u00e4ld<\/strong> \u00e4r jag stundom, \u00e4ven om det borde ske oftare. <strong>Klipph\u00e4ngare<\/strong> \u00e4r den amerikanska filmtermen cliff hanger. Du vet, n\u00e4r bilen h\u00e4nger och vaggar p\u00e5 klippkanten och kanske ska v\u00e4lta med tre personer i \u2013 eller kanske inte. Just d\u00e5 \u00e4r den episoden av tv-serien slut.<\/p>\n<p>Du f\u00e5r v\u00e4nta en vecka p\u00e5 besked.<\/p>\n<p>Jod\u00e5, jag har g\u00e5tt kurs i filmdramaturgi fast det var m\u00e5nga \u00e5r sedan. Vi anv\u00e4nde f\u00f6rresten samma teknik f\u00f6r v\u00e5ra puffar p\u00e5 f\u00f6rstasidan p\u00e5 Sm\u00e5lands Folkblad, den fungerade d\u00e4r med.<\/p>\n<p>Men <em>l\u00e5gm\u00e4lda klipph\u00e4ngare<\/em>, det \u00e4r ett s\u00e5 klokt och sn\u00e4llt s\u00e4tt att uttrycka saken p\u00e5, att jag blir alldeles r\u00f6rd. Jag som alltid har tyckt om uttrycket <em>mjukhetens styrka<\/em>, om maskrosen som v\u00e4xer genom asfalten.<\/p>\n<p>Det h\u00e4r \u00e4r samma sak, men med sp\u00e4nning inbakad \u2013 och nu har n\u00e5gon tyckt att jag skriver s\u00e5. Tack, Per L. Den kommentaren lever jag p\u00e5 l\u00e4nge.<\/p>\n","protected":false},"excerpt":{"rendered":"<p>Du anv\u00e4nder dig av l\u00e5gm\u00e4lda klipph\u00e4ngare, skriver en v\u00e4n p\u00e5 facebook. Uttrycket kr\u00e4ver sin f\u00f6rklaring. L\u00e5gm\u00e4ld \u00e4r jag stundom, \u00e4ven om det borde ske oftare. Klipph\u00e4ngare \u00e4r den amerikanska filmtermen cliff hanger. Du vet, n\u00e4r bilen h\u00e4nger och vaggar p\u00e5 klippkanten och kanske ska v\u00e4lta med tre personer i \u2013 eller kanske inte. Just d\u00e5 &hellip; <a href=\"https:\/\/sven-ove.nu\/?p=2689\" class=\"more-link\">Forts\u00e4tt l\u00e4sa <span class=\"screen-reader-text\">L\u00e5gm\u00e4lda klipph\u00e4ngare<\/span><\/a><\/p>\n","protected":false},"author":1,"featured_media":0,"comment_status":"open","ping_status":"open","sticky":false,"template":"","format":"standard","meta":{"_crdt_document":"","_monsterinsights_skip_tracking":false,"_monsterinsights_sitenote_active":false,"_monsterinsights_sitenote_note":"","_monsterinsights_sitenote_category":0,"footnotes":""},"categories":[4],"tags":[14],"class_list":["post-2689","post","type-post","status-publish","format-standard","hentry","category-skrivande","tag-lasning"],"_links":{"self":[{"href":"https:\/\/sven-ove.nu\/index.php?rest_route=\/wp\/v2\/posts\/2689","targetHints":{"allow":["GET"]}}],"collection":[{"href":"https:\/\/sven-ove.nu\/index.php?rest_route=\/wp\/v2\/posts"}],"about":[{"href":"https:\/\/sven-ove.nu\/index.php?rest_route=\/wp\/v2\/types\/post"}],"author":[{"embeddable":true,"href":"https:\/\/sven-ove.nu\/index.php?rest_route=\/wp\/v2\/users\/1"}],"replies":[{"embeddable":true,"href":"https:\/\/sven-ove.nu\/index.php?rest_route=%2Fwp%2Fv2%2Fcomments&post=2689"}],"version-history":[{"count":3,"href":"https:\/\/sven-ove.nu\/index.php?rest_route=\/wp\/v2\/posts\/2689\/revisions"}],"predecessor-version":[{"id":2754,"href":"https:\/\/sven-ove.nu\/index.php?rest_route=\/wp\/v2\/posts\/2689\/revisions\/2754"}],"wp:attachment":[{"href":"https:\/\/sven-ove.nu\/index.php?rest_route=%2Fwp%2Fv2%2Fmedia&parent=2689"}],"wp:term":[{"taxonomy":"category","embeddable":true,"href":"https:\/\/sven-ove.nu\/index.php?rest_route=%2Fwp%2Fv2%2Fcategories&post=2689"},{"taxonomy":"post_tag","embeddable":true,"href":"https:\/\/sven-ove.nu\/index.php?rest_route=%2Fwp%2Fv2%2Ftags&post=2689"}],"curies":[{"name":"wp","href":"https:\/\/api.w.org\/{rel}","templated":true}]}}