{"id":26969,"date":"2024-09-04T04:29:00","date_gmt":"2024-09-04T03:29:00","guid":{"rendered":"https:\/\/sven-ove.nu\/?p=26969"},"modified":"2024-09-03T14:51:43","modified_gmt":"2024-09-03T13:51:43","slug":"vems-ar-ansvaret","status":"publish","type":"post","link":"https:\/\/sven-ove.nu\/?p=26969","title":{"rendered":"Vems \u00e4r ansvaret?"},"content":{"rendered":"\n<figure class=\"wp-block-image size-large\"><a href=\"https:\/\/sven-ove.nu\/wp-content\/uploads\/2024\/09\/IMG_0103-scaled.jpeg\"><img loading=\"lazy\" decoding=\"async\" width=\"1024\" height=\"822\" src=\"https:\/\/sven-ove.nu\/wp-content\/uploads\/2024\/09\/IMG_0103-1024x822.jpeg\" alt=\"\" class=\"wp-image-26970\" srcset=\"https:\/\/sven-ove.nu\/wp-content\/uploads\/2024\/09\/IMG_0103-1024x822.jpeg 1024w, https:\/\/sven-ove.nu\/wp-content\/uploads\/2024\/09\/IMG_0103-300x241.jpeg 300w, https:\/\/sven-ove.nu\/wp-content\/uploads\/2024\/09\/IMG_0103-768x617.jpeg 768w, https:\/\/sven-ove.nu\/wp-content\/uploads\/2024\/09\/IMG_0103-1536x1233.jpeg 1536w, https:\/\/sven-ove.nu\/wp-content\/uploads\/2024\/09\/IMG_0103-2048x1644.jpeg 2048w\" sizes=\"auto, (max-width: 1024px) 100vw, 1024px\" \/><\/a><\/figure>\n\n\n\n<blockquote class=\"wp-block-quote is-layout-flow wp-block-quote-is-layout-flow\">\n<p class=\"wp-block-paragraph\">I dag funderar jag \u00f6ver f\u00f6rh\u00e5llandet mellan individ och samh\u00e4lle.<br>Vem har ansvar f\u00f6r vad?<\/p>\n<\/blockquote>\n\n\n\n<p class=\"wp-block-paragraph\">Det \u00e4r samh\u00e4llet som ska ansvara f\u00f6r v\u00e4lf\u00e4rden. S\u00e5 har jag tyckt sedan 16-\u00e5rs\u00e5ldern n\u00e4r jag f\u00f6rsta g\u00e5ngen b\u00f6rjade t\u00e4nka politiskt. V\u00e4lg\u00f6renhet \u00e4r inte l\u00f6sningen.<br>Det starka samh\u00e4llet, sa Tage Erlander. Det var en klok syn.<\/p>\n\n\n\n<p class=\"wp-block-paragraph\"><strong>Sl\u00e4nger ju inte skr\u00e4p<\/strong><br>Tankarna forts\u00e4tter dansa. Ja men individens ansvar d\u00e5?<br>&#8211; Jag sl\u00e4nger ju inte skr\u00e4p.<br>&#8211; D\u00e4r finns det en kommunal sophantering. Samh\u00e4llet.<br>&#8211; Jag dricker inte Nescaf\u00e9. Nestl\u00e9 g\u00f6r aff\u00e4rer i Ryssland.<br>&#8211; Det har ingen effekt.<\/p>\n\n\n\n<p class=\"wp-block-paragraph\">S\u00e5 d\u00e4r studsar tankarna i den m\u00e5ttligt djupsinniga skallen medan doften av koffeinfritt kaffe sprider sig \u00e5t n\u00e4san till, denna skrivarf\u00f6rmiddag.<\/p>\n\n\n\n<p class=\"wp-block-paragraph\">Vietnamr\u00f6relsen: visst samlade vi pengar i b\u00f6ssor till den nationella befrielsefronten i Sydvietnam.<br>Milj\u00f6r\u00f6relsen: visst st\u00e4llde den k\u00e4ra v\u00e4nnen och jag krav ocks\u00e5 p\u00e5 personlig moral. Vi v\u00e4grade ju till och med utegran i m\u00e5nga \u00e5r.<br>F\u00f6r\u00e4ldrarollen: visst l\u00e4rde vi v\u00e5ra barn att aldrig g\u00e5 i skidsp\u00e5r, mobba eller att kasta skolmat i on\u00f6dan.<\/p>\n\n\n\n<p class=\"wp-block-paragraph\"><strong>Moraliskt komplement<\/strong><br>Efter en kvarts funderingar, en halv mugg kaffe och en p\u00e4rlsockerkubb \u00e4r vi redo att g\u00e5 till beslut, skallen och jag.<\/p>\n\n\n\n<p class=\"wp-block-paragraph\">Ett starkt samh\u00e4lle \u00e4r det fina.<br>Ett d\u00e4r vi individer dessutom beter oss som folk, tillsammans. Som ett moraliskt komplement till politiken och f\u00f6r att vi m\u00e5r bra av det.<\/p>\n\n\n\n<p class=\"wp-block-paragraph\">Nog med f\u00f6rslag.<\/p>\n\n\n\n<p class=\"has-background wp-block-paragraph\" style=\"background-color:#c8f7ce\"><a href=\"https:\/\/sven-ove.nu\/\">Hem<\/a>&nbsp;|&nbsp;<a href=\"https:\/\/sven-ove.nu\/?page_id=170\">Om mig<\/a>&nbsp;|&nbsp;<a href=\"https:\/\/sven-ove.nu\/?page_id=1385\">Skriva &amp; prata<\/a>&nbsp;|&nbsp;<a href=\"https:\/\/sven-ove.nu\/?page_id=100\">Politik<\/a>&nbsp;|&nbsp;<a href=\"https:\/\/sven-ove.nu\/?page_id=102\">L\u00f6pa<\/a>&nbsp;|&nbsp;<a href=\"https:\/\/sven-ove.nu\/?page_id=108\">Viktor Root<\/a>&nbsp;&nbsp;<br><em>Inl\u00e4gg nr 2 384, (c) Sven-Ove Svensson (men dela g\u00e4rna<\/em>).<\/p>\n\n\n\n<p class=\"wp-block-paragraph\"><\/p>\n","protected":false},"excerpt":{"rendered":"<p>I dag funderar jag \u00f6ver f\u00f6rh\u00e5llandet mellan individ och samh\u00e4lle.Vem har ansvar f\u00f6r vad? Det \u00e4r samh\u00e4llet som ska ansvara f\u00f6r v\u00e4lf\u00e4rden. S\u00e5 har jag tyckt sedan 16-\u00e5rs\u00e5ldern n\u00e4r jag f\u00f6rsta g\u00e5ngen b\u00f6rjade t\u00e4nka politiskt. V\u00e4lg\u00f6renhet \u00e4r inte l\u00f6sningen.Det starka samh\u00e4llet, sa Tage Erlander. Det var en klok syn. Sl\u00e4nger ju inte skr\u00e4pTankarna forts\u00e4tter dansa. &hellip; <a href=\"https:\/\/sven-ove.nu\/?p=26969\" class=\"more-link\">Forts\u00e4tt l\u00e4sa <span class=\"screen-reader-text\">Vems \u00e4r ansvaret?<\/span><\/a><\/p>\n","protected":false},"author":1,"featured_media":0,"comment_status":"closed","ping_status":"open","sticky":false,"template":"","format":"standard","meta":{"_crdt_document":"","_monsterinsights_skip_tracking":false,"_monsterinsights_sitenote_active":false,"_monsterinsights_sitenote_note":"","_monsterinsights_sitenote_category":0,"footnotes":""},"categories":[10,28,6,9],"tags":[24,18,17],"class_list":["post-26969","post","type-post","status-publish","format-standard","hentry","category-familjen","category-kreativt-folk","category-natur","category-politik","tag-karlek","tag-lardomar","tag-solidaritet"],"_links":{"self":[{"href":"https:\/\/sven-ove.nu\/index.php?rest_route=\/wp\/v2\/posts\/26969","targetHints":{"allow":["GET"]}}],"collection":[{"href":"https:\/\/sven-ove.nu\/index.php?rest_route=\/wp\/v2\/posts"}],"about":[{"href":"https:\/\/sven-ove.nu\/index.php?rest_route=\/wp\/v2\/types\/post"}],"author":[{"embeddable":true,"href":"https:\/\/sven-ove.nu\/index.php?rest_route=\/wp\/v2\/users\/1"}],"replies":[{"embeddable":true,"href":"https:\/\/sven-ove.nu\/index.php?rest_route=%2Fwp%2Fv2%2Fcomments&post=26969"}],"version-history":[{"count":4,"href":"https:\/\/sven-ove.nu\/index.php?rest_route=\/wp\/v2\/posts\/26969\/revisions"}],"predecessor-version":[{"id":26976,"href":"https:\/\/sven-ove.nu\/index.php?rest_route=\/wp\/v2\/posts\/26969\/revisions\/26976"}],"wp:attachment":[{"href":"https:\/\/sven-ove.nu\/index.php?rest_route=%2Fwp%2Fv2%2Fmedia&parent=26969"}],"wp:term":[{"taxonomy":"category","embeddable":true,"href":"https:\/\/sven-ove.nu\/index.php?rest_route=%2Fwp%2Fv2%2Fcategories&post=26969"},{"taxonomy":"post_tag","embeddable":true,"href":"https:\/\/sven-ove.nu\/index.php?rest_route=%2Fwp%2Fv2%2Ftags&post=26969"}],"curies":[{"name":"wp","href":"https:\/\/api.w.org\/{rel}","templated":true}]}}