{"id":2698,"date":"2012-07-17T04:00:53","date_gmt":"2012-07-17T03:00:53","guid":{"rendered":"http:\/\/sven-ove.nu\/?p=2698"},"modified":"2012-07-14T11:20:42","modified_gmt":"2012-07-14T10:20:42","slug":"slavdrivare","status":"publish","type":"post","link":"https:\/\/sven-ove.nu\/?p=2698","title":{"rendered":"Slavdrivare"},"content":{"rendered":"<p>Yngsta dottern p\u00e5 bes\u00f6k med innekatt. P\u00e5 n\u00e5got s\u00e4tt tycks djuret st\u00e5 i telepatisk f\u00f6rbindelse med v\u00e5ra tv\u00e5 egna senaste (d\u00f6da) katter.<\/p>\n<p><a href=\"https:\/\/sven-ove.nu\/wp-content\/uploads\/2012\/07\/Katten-vill-jobba.jpg\"><img loading=\"lazy\" decoding=\"async\" class=\"alignleft size-medium wp-image-2699\" title=\"Katten vill jobba\" src=\"https:\/\/sven-ove.nu\/wp-content\/uploads\/2012\/07\/Katten-vill-jobba-225x300.jpg\" alt=\"\" width=\"225\" height=\"300\" srcset=\"https:\/\/sven-ove.nu\/wp-content\/uploads\/2012\/07\/Katten-vill-jobba-225x300.jpg 225w, https:\/\/sven-ove.nu\/wp-content\/uploads\/2012\/07\/Katten-vill-jobba-768x1024.jpg 768w, https:\/\/sven-ove.nu\/wp-content\/uploads\/2012\/07\/Katten-vill-jobba.jpg 1200w\" sizes=\"auto, (max-width: 225px) 100vw, 225px\" \/><\/a>Snart sitter Fia i trappan, precis som v\u00e5r Trasan gjorde, och v\u00e4ntar att jag ska g\u00e5 en v\u00e5ning upp och b\u00f6rja jobba. Kutar f\u00f6re mig, precis som hon, och s\u00e4tter sig i f\u00f6nstret ovanf\u00f6r datorn. Exakt samma blick.<\/p>\n<p>&#8211; Jobba, jobba jo-o-bba! s\u00e4ger blicken.<\/p>\n<p>Hur vet en katt att hon ska g\u00f6ra s\u00e5? Trappan, f\u00f6nsterbr\u00e4dan, blicken. Precis som\u2026<\/p>\n<p>&#8211; \u00c4lskade kattuschling, jag har semester har jag sagt. Jaga n\u00e5gon annan. Den d\u00e4r datorn ska inte spinna p\u00e5 flera veckor.<\/p>\n","protected":false},"excerpt":{"rendered":"<p>Yngsta dottern p\u00e5 bes\u00f6k med innekatt. P\u00e5 n\u00e5got s\u00e4tt tycks djuret st\u00e5 i telepatisk f\u00f6rbindelse med v\u00e5ra tv\u00e5 egna senaste (d\u00f6da) katter. Snart sitter Fia i trappan, precis som v\u00e5r Trasan gjorde, och v\u00e4ntar att jag ska g\u00e5 en v\u00e5ning upp och b\u00f6rja jobba. Kutar f\u00f6re mig, precis som hon, och s\u00e4tter sig i f\u00f6nstret &hellip; <a href=\"https:\/\/sven-ove.nu\/?p=2698\" class=\"more-link\">Forts\u00e4tt l\u00e4sa <span class=\"screen-reader-text\">Slavdrivare<\/span><\/a><\/p>\n","protected":false},"author":1,"featured_media":0,"comment_status":"open","ping_status":"open","sticky":false,"template":"","format":"standard","meta":{"_crdt_document":"","_monsterinsights_skip_tracking":false,"_monsterinsights_sitenote_active":false,"_monsterinsights_sitenote_note":"","_monsterinsights_sitenote_category":0,"footnotes":""},"categories":[10],"tags":[3,24],"class_list":["post-2698","post","type-post","status-publish","format-standard","hentry","category-familjen","tag-arbete","tag-karlek"],"_links":{"self":[{"href":"https:\/\/sven-ove.nu\/index.php?rest_route=\/wp\/v2\/posts\/2698","targetHints":{"allow":["GET"]}}],"collection":[{"href":"https:\/\/sven-ove.nu\/index.php?rest_route=\/wp\/v2\/posts"}],"about":[{"href":"https:\/\/sven-ove.nu\/index.php?rest_route=\/wp\/v2\/types\/post"}],"author":[{"embeddable":true,"href":"https:\/\/sven-ove.nu\/index.php?rest_route=\/wp\/v2\/users\/1"}],"replies":[{"embeddable":true,"href":"https:\/\/sven-ove.nu\/index.php?rest_route=%2Fwp%2Fv2%2Fcomments&post=2698"}],"version-history":[{"count":3,"href":"https:\/\/sven-ove.nu\/index.php?rest_route=\/wp\/v2\/posts\/2698\/revisions"}],"predecessor-version":[{"id":2701,"href":"https:\/\/sven-ove.nu\/index.php?rest_route=\/wp\/v2\/posts\/2698\/revisions\/2701"}],"wp:attachment":[{"href":"https:\/\/sven-ove.nu\/index.php?rest_route=%2Fwp%2Fv2%2Fmedia&parent=2698"}],"wp:term":[{"taxonomy":"category","embeddable":true,"href":"https:\/\/sven-ove.nu\/index.php?rest_route=%2Fwp%2Fv2%2Fcategories&post=2698"},{"taxonomy":"post_tag","embeddable":true,"href":"https:\/\/sven-ove.nu\/index.php?rest_route=%2Fwp%2Fv2%2Ftags&post=2698"}],"curies":[{"name":"wp","href":"https:\/\/api.w.org\/{rel}","templated":true}]}}