{"id":27006,"date":"2024-09-16T04:04:00","date_gmt":"2024-09-16T03:04:00","guid":{"rendered":"https:\/\/sven-ove.nu\/?p=27006"},"modified":"2024-09-16T05:21:27","modified_gmt":"2024-09-16T04:21:27","slug":"sprungit-alla-gator-i-kommunen-tjohoo","status":"publish","type":"post","link":"https:\/\/sven-ove.nu\/?p=27006","title":{"rendered":"Sprungit alla gator i kommunen, tjohoo!"},"content":{"rendered":"\n<figure class=\"wp-block-image size-large\"><a href=\"https:\/\/sven-ove.nu\/wp-content\/uploads\/2024\/09\/Sista-gatan-klar-scaled.jpeg\"><img loading=\"lazy\" decoding=\"async\" width=\"1024\" height=\"1024\" src=\"https:\/\/sven-ove.nu\/wp-content\/uploads\/2024\/09\/Sista-gatan-klar-1024x1024.jpeg\" alt=\"\" class=\"wp-image-27009\" srcset=\"https:\/\/sven-ove.nu\/wp-content\/uploads\/2024\/09\/Sista-gatan-klar-1024x1024.jpeg 1024w, https:\/\/sven-ove.nu\/wp-content\/uploads\/2024\/09\/Sista-gatan-klar-300x300.jpeg 300w, https:\/\/sven-ove.nu\/wp-content\/uploads\/2024\/09\/Sista-gatan-klar-150x150.jpeg 150w, https:\/\/sven-ove.nu\/wp-content\/uploads\/2024\/09\/Sista-gatan-klar-768x768.jpeg 768w, https:\/\/sven-ove.nu\/wp-content\/uploads\/2024\/09\/Sista-gatan-klar-1536x1536.jpeg 1536w, https:\/\/sven-ove.nu\/wp-content\/uploads\/2024\/09\/Sista-gatan-klar-2048x2048.jpeg 2048w\" sizes=\"auto, (max-width: 1024px) 100vw, 1024px\" \/><\/a><\/figure>\n\n\n\n<blockquote class=\"wp-block-quote is-layout-flow wp-block-quote-is-layout-flow\">\n<p class=\"wp-block-paragraph\">Fin helg, den som gick. Sverige fick se Svennis storhet, sj\u00e4lv fick jag ett brev jag blev glad av och i g\u00e5r l\u00f6pte jag de fyra nya gatorna i kommunen. Nu kan jag \u00e5ter s\u00e4ga att jag har sprungit varenda gata h\u00e4r.<\/p>\n<\/blockquote>\n\n\n\n<p class=\"wp-block-paragraph\"><strong>FREDAG:<\/strong> f\u00f6ljer begravningen av Sven-G\u00f6ran Eriksson p\u00e5 tv. En vacker och sm\u00e5ningom rolig tillst\u00e4llning, s\u00e5 d\u00e4r som begravningar ibland blir.<\/p>\n\n\n\n<p class=\"wp-block-paragraph\">Efter\u00e5t cyklar jag ner till kommunens tr\u00e4ningslokal och k\u00f6r 20 minuters rehab p\u00e5 tr\u00e4ningscykeln d\u00e4r. Kn\u00e4et m\u00e5r bra.<\/p>\n\n\n\n<p class=\"wp-block-paragraph\"><strong>L\u00d6RDAG:<\/strong> en lyckol\u00f6rdag. Filar p\u00e5 texten till f\u00f6redraget jag ska ha p\u00e5 folkh\u00f6gskolan i St\u00f6llet p\u00e5 kv\u00e4llen den 22 oktober.<\/p>\n\n\n\n<p class=\"wp-block-paragraph\">\u00c5ker till Gamla Kraftstationen i Deje med den k\u00e4ra v\u00e4nnen och \u00e4ter l\u00e5ng solskenslunch i tr\u00e4dg\u00e5rden. Alvedsr\u00f6kt fl\u00e4skfil\u00e9 med husets potatissallad, hjortroncreme, gr\u00f6nsaker och vedugnsbakat vitl\u00f6ksbr\u00f6d. Avslutar med Lenas l\u00e4ckerbit. En glassk\u00e5l med en kula pekan caramelglass, en kula bl\u00e5b\u00e4rsglass, kolas\u00e5s, n\u00f6tkross, vispgr\u00e4dde och en hallongrotta. Lyxigt, jag vet. Fast maten betalade vi med tv\u00e5 matkuponger som jag fick f\u00f6r att jag har en text med p\u00e5 kaffeutst\u00e4llningen.<\/p>\n\n\n\n<p class=\"wp-block-paragraph\">Filar p\u00e5 f\u00f6redraget igen och p\u00e5 kv\u00e4llen k\u00f6r vi seriemarathon p\u00e5 tv. Fyra och en halv timme brittisk krim. Streaming \u00e4 g\u00f4tt!<\/p>\n\n\n\n<p class=\"wp-block-paragraph\"><strong>S\u00d6NDAG:<\/strong> sovmorgon. Cyklar till kommunens sydspets och letar Hittaut-stolpar. Nu har jag hittat alla i Forshagadelen. Den sydligaste stod i v\u00e5r kranskommun Karlstad f\u00f6rresten, tack f\u00f6r det.<\/p>\n\n\n\n<p class=\"wp-block-paragraph\"><strong>I rena yran passar jag p\u00e5 att lugnt rehabspringa de fyra nya gatorna p\u00e5 olika h\u00e5ll i kommunen efter\u00e5t. Nu \u00e4r jag uppdaterad och kan \u00e5ter s\u00e4ga att jag sprungit varenda gata. Gatuplock \u00e4 g\u00f4tt!<\/strong><\/p>\n\n\n\n<p class=\"wp-block-paragraph\">Kommer hem. L\u00e4ser det sn\u00e4lla brevet fr\u00e5n Ulf K. Men det \u00e5terkommer jag till.<\/p>\n\n\n\n<p class=\"wp-block-paragraph\">Trevlig m\u00e5ndag!<\/p>\n\n\n\n<figure class=\"wp-block-image size-large\"><a href=\"https:\/\/sven-ove.nu\/wp-content\/uploads\/2024\/09\/Begravningen-1-scaled.jpeg\"><img loading=\"lazy\" decoding=\"async\" width=\"1024\" height=\"1024\" src=\"https:\/\/sven-ove.nu\/wp-content\/uploads\/2024\/09\/Begravningen-1-1024x1024.jpeg\" alt=\"\" class=\"wp-image-27011\" srcset=\"https:\/\/sven-ove.nu\/wp-content\/uploads\/2024\/09\/Begravningen-1-1024x1024.jpeg 1024w, https:\/\/sven-ove.nu\/wp-content\/uploads\/2024\/09\/Begravningen-1-300x300.jpeg 300w, https:\/\/sven-ove.nu\/wp-content\/uploads\/2024\/09\/Begravningen-1-150x150.jpeg 150w, https:\/\/sven-ove.nu\/wp-content\/uploads\/2024\/09\/Begravningen-1-768x768.jpeg 768w, https:\/\/sven-ove.nu\/wp-content\/uploads\/2024\/09\/Begravningen-1-1536x1536.jpeg 1536w, https:\/\/sven-ove.nu\/wp-content\/uploads\/2024\/09\/Begravningen-1-2048x2048.jpeg 2048w\" sizes=\"auto, (max-width: 1024px) 100vw, 1024px\" \/><\/a><\/figure>\n\n\n\n<p class=\"has-text-align-right wp-block-paragraph\"><em>Svennis begravning.<\/em><\/p>\n\n\n\n<figure class=\"wp-block-image size-large\"><a href=\"https:\/\/sven-ove.nu\/wp-content\/uploads\/2024\/09\/Lyckolordag-scaled.jpeg\"><img loading=\"lazy\" decoding=\"async\" width=\"1024\" height=\"1024\" src=\"https:\/\/sven-ove.nu\/wp-content\/uploads\/2024\/09\/Lyckolordag-1024x1024.jpeg\" alt=\"\" class=\"wp-image-27012\" srcset=\"https:\/\/sven-ove.nu\/wp-content\/uploads\/2024\/09\/Lyckolordag-1024x1024.jpeg 1024w, https:\/\/sven-ove.nu\/wp-content\/uploads\/2024\/09\/Lyckolordag-300x300.jpeg 300w, https:\/\/sven-ove.nu\/wp-content\/uploads\/2024\/09\/Lyckolordag-150x150.jpeg 150w, https:\/\/sven-ove.nu\/wp-content\/uploads\/2024\/09\/Lyckolordag-768x768.jpeg 768w, https:\/\/sven-ove.nu\/wp-content\/uploads\/2024\/09\/Lyckolordag-1536x1536.jpeg 1536w, https:\/\/sven-ove.nu\/wp-content\/uploads\/2024\/09\/Lyckolordag-2048x2048.jpeg 2048w\" sizes=\"auto, (max-width: 1024px) 100vw, 1024px\" \/><\/a><\/figure>\n\n\n\n<p class=\"has-text-align-right wp-block-paragraph\"><em>L\u00e5nglunch p\u00e5 Gamla Kraftstationen i Deje.<\/em><\/p>\n\n\n\n<figure class=\"wp-block-image size-large\"><a href=\"https:\/\/sven-ove.nu\/wp-content\/uploads\/2024\/09\/Lenas-lackerbit-scaled.jpeg\"><img loading=\"lazy\" decoding=\"async\" width=\"1024\" height=\"1024\" src=\"https:\/\/sven-ove.nu\/wp-content\/uploads\/2024\/09\/Lenas-lackerbit-1024x1024.jpeg\" alt=\"\" class=\"wp-image-27014\" srcset=\"https:\/\/sven-ove.nu\/wp-content\/uploads\/2024\/09\/Lenas-lackerbit-1024x1024.jpeg 1024w, https:\/\/sven-ove.nu\/wp-content\/uploads\/2024\/09\/Lenas-lackerbit-300x300.jpeg 300w, https:\/\/sven-ove.nu\/wp-content\/uploads\/2024\/09\/Lenas-lackerbit-150x150.jpeg 150w, https:\/\/sven-ove.nu\/wp-content\/uploads\/2024\/09\/Lenas-lackerbit-768x768.jpeg 768w, https:\/\/sven-ove.nu\/wp-content\/uploads\/2024\/09\/Lenas-lackerbit-1536x1536.jpeg 1536w, https:\/\/sven-ove.nu\/wp-content\/uploads\/2024\/09\/Lenas-lackerbit-2048x2048.jpeg 2048w\" sizes=\"auto, (max-width: 1024px) 100vw, 1024px\" \/><\/a><\/figure>\n\n\n\n<p class=\"has-text-align-right wp-block-paragraph\"><em>Lenas l\u00e4ckerbit.<\/em><\/p>\n\n\n\n<p class=\"has-background wp-block-paragraph\" style=\"background-color:#f9c69f\"><em>### L\u00e4nk till n\u00e4r jag sprang alla gator som fanns i kommunen 2014 och uppfann ordet gatuplock: <a href=\"https:\/\/sven-ove.nu\/?p=10087\">2014 \u00e5rs gatuplockrapport<\/a><\/em><\/p>\n\n\n\n<p class=\"has-light-gray-background-color has-background wp-block-paragraph\"><a href=\"https:\/\/sven-ove.nu\/\">Hem<\/a>&nbsp;|&nbsp;<a href=\"https:\/\/sven-ove.nu\/?page_id=170\">Om mig<\/a>&nbsp;|&nbsp;<a href=\"https:\/\/sven-ove.nu\/?page_id=1385\">Skriva &amp; prata<\/a>&nbsp;|&nbsp;<a href=\"https:\/\/sven-ove.nu\/?page_id=100\">Politik<\/a>&nbsp;|&nbsp;<a href=\"https:\/\/sven-ove.nu\/?page_id=102\">L\u00f6pa<\/a>&nbsp;|&nbsp;<a href=\"https:\/\/sven-ove.nu\/?page_id=108\">Viktor Root<\/a>&nbsp;&nbsp;<br><em>Inl\u00e4gg nr 2 389, (c) Sven-Ove Svensson (men dela g\u00e4rna<\/em>).<\/p>\n\n\n\n<p class=\"wp-block-paragraph\"><\/p>\n","protected":false},"excerpt":{"rendered":"<p>Fin helg, den som gick. Sverige fick se Svennis storhet, sj\u00e4lv fick jag ett brev jag blev glad av och i g\u00e5r l\u00f6pte jag de fyra nya gatorna i kommunen. Nu kan jag \u00e5ter s\u00e4ga att jag har sprungit varenda gata h\u00e4r. FREDAG: f\u00f6ljer begravningen av Sven-G\u00f6ran Eriksson p\u00e5 tv. En vacker och sm\u00e5ningom rolig &hellip; <a href=\"https:\/\/sven-ove.nu\/?p=27006\" class=\"more-link\">Forts\u00e4tt l\u00e4sa <span class=\"screen-reader-text\">Sprungit alla gator i kommunen, tjohoo!<\/span><\/a><\/p>\n","protected":false},"author":1,"featured_media":0,"comment_status":"closed","ping_status":"open","sticky":false,"template":"","format":"standard","meta":{"_crdt_document":"","_monsterinsights_skip_tracking":false,"_monsterinsights_sitenote_active":false,"_monsterinsights_sitenote_note":"","_monsterinsights_sitenote_category":0,"footnotes":""},"categories":[10,28,5,4],"tags":[8,24,15,12],"class_list":["post-27006","post","type-post","status-publish","format-standard","hentry","category-familjen","category-kreativt-folk","category-lopning","category-skrivande","tag-historia","tag-karlek","tag-mediedjungeln","tag-orientering"],"_links":{"self":[{"href":"https:\/\/sven-ove.nu\/index.php?rest_route=\/wp\/v2\/posts\/27006","targetHints":{"allow":["GET"]}}],"collection":[{"href":"https:\/\/sven-ove.nu\/index.php?rest_route=\/wp\/v2\/posts"}],"about":[{"href":"https:\/\/sven-ove.nu\/index.php?rest_route=\/wp\/v2\/types\/post"}],"author":[{"embeddable":true,"href":"https:\/\/sven-ove.nu\/index.php?rest_route=\/wp\/v2\/users\/1"}],"replies":[{"embeddable":true,"href":"https:\/\/sven-ove.nu\/index.php?rest_route=%2Fwp%2Fv2%2Fcomments&post=27006"}],"version-history":[{"count":7,"href":"https:\/\/sven-ove.nu\/index.php?rest_route=\/wp\/v2\/posts\/27006\/revisions"}],"predecessor-version":[{"id":27020,"href":"https:\/\/sven-ove.nu\/index.php?rest_route=\/wp\/v2\/posts\/27006\/revisions\/27020"}],"wp:attachment":[{"href":"https:\/\/sven-ove.nu\/index.php?rest_route=%2Fwp%2Fv2%2Fmedia&parent=27006"}],"wp:term":[{"taxonomy":"category","embeddable":true,"href":"https:\/\/sven-ove.nu\/index.php?rest_route=%2Fwp%2Fv2%2Fcategories&post=27006"},{"taxonomy":"post_tag","embeddable":true,"href":"https:\/\/sven-ove.nu\/index.php?rest_route=%2Fwp%2Fv2%2Ftags&post=27006"}],"curies":[{"name":"wp","href":"https:\/\/api.w.org\/{rel}","templated":true}]}}