{"id":27036,"date":"2024-09-19T04:50:00","date_gmt":"2024-09-19T03:50:00","guid":{"rendered":"https:\/\/sven-ove.nu\/?p=27036"},"modified":"2024-09-18T15:03:36","modified_gmt":"2024-09-18T14:03:36","slug":"vad-kriget-gor","status":"publish","type":"post","link":"https:\/\/sven-ove.nu\/?p=27036","title":{"rendered":"Vad kriget g\u00f6r"},"content":{"rendered":"\n<blockquote class=\"wp-block-quote is-layout-flow wp-block-quote-is-layout-flow\">\n<p class=\"wp-block-paragraph\"><strong>Det h\u00e4r \u00e4r vad krig och terror kan g\u00f6ra med m\u00e4nniskor.<\/strong><br><strong>\u00c4ven fr\u00e5n svensk horisont.<\/strong><\/p>\n<\/blockquote>\n\n\n\n<figure class=\"wp-block-image size-full\"><a href=\"https:\/\/sven-ove.nu\/wp-content\/uploads\/2024\/09\/Kommentar-17-sept-24.001.jpeg\"><img loading=\"lazy\" decoding=\"async\" width=\"662\" height=\"297\" src=\"https:\/\/sven-ove.nu\/wp-content\/uploads\/2024\/09\/Kommentar-17-sept-24.001.jpeg\" alt=\"\" class=\"wp-image-27037\" srcset=\"https:\/\/sven-ove.nu\/wp-content\/uploads\/2024\/09\/Kommentar-17-sept-24.001.jpeg 662w, https:\/\/sven-ove.nu\/wp-content\/uploads\/2024\/09\/Kommentar-17-sept-24.001-300x135.jpeg 300w\" sizes=\"auto, (max-width: 662px) 100vw, 662px\" \/><\/a><\/figure>\n\n\n\n<p class=\"wp-block-paragraph\"><strong>###<\/strong> <em>En m\u00e4nniskas kommentar till en v\u00e4ns inl\u00e4gg p\u00e5 Facebook den 17 september. Detta efter att tusentals m\u00e4nniskor skadats och flera d\u00f6tt av exploderande persons\u00f6kare i Libanon och Syrien. Bland de d\u00f6da finns \u00e4ven barn.<\/em><\/p>\n\n\n\n<p class=\"wp-block-paragraph\">Briljant?<br>Fy fxn.<\/p>\n","protected":false},"excerpt":{"rendered":"<p>Det h\u00e4r \u00e4r vad krig och terror kan g\u00f6ra med m\u00e4nniskor.\u00c4ven fr\u00e5n svensk horisont. ### En m\u00e4nniskas kommentar till en v\u00e4ns inl\u00e4gg p\u00e5 Facebook den 17 september. Detta efter att tusentals m\u00e4nniskor skadats och flera d\u00f6tt av exploderande persons\u00f6kare i Libanon och Syrien. Bland de d\u00f6da finns \u00e4ven barn. Briljant?Fy fxn.<\/p>\n","protected":false},"author":1,"featured_media":0,"comment_status":"closed","ping_status":"open","sticky":false,"template":"","format":"standard","meta":{"_crdt_document":"","_monsterinsights_skip_tracking":false,"_monsterinsights_sitenote_active":false,"_monsterinsights_sitenote_note":"","_monsterinsights_sitenote_category":0,"footnotes":""},"categories":[9],"tags":[15],"class_list":["post-27036","post","type-post","status-publish","format-standard","hentry","category-politik","tag-mediedjungeln"],"_links":{"self":[{"href":"https:\/\/sven-ove.nu\/index.php?rest_route=\/wp\/v2\/posts\/27036","targetHints":{"allow":["GET"]}}],"collection":[{"href":"https:\/\/sven-ove.nu\/index.php?rest_route=\/wp\/v2\/posts"}],"about":[{"href":"https:\/\/sven-ove.nu\/index.php?rest_route=\/wp\/v2\/types\/post"}],"author":[{"embeddable":true,"href":"https:\/\/sven-ove.nu\/index.php?rest_route=\/wp\/v2\/users\/1"}],"replies":[{"embeddable":true,"href":"https:\/\/sven-ove.nu\/index.php?rest_route=%2Fwp%2Fv2%2Fcomments&post=27036"}],"version-history":[{"count":9,"href":"https:\/\/sven-ove.nu\/index.php?rest_route=\/wp\/v2\/posts\/27036\/revisions"}],"predecessor-version":[{"id":27048,"href":"https:\/\/sven-ove.nu\/index.php?rest_route=\/wp\/v2\/posts\/27036\/revisions\/27048"}],"wp:attachment":[{"href":"https:\/\/sven-ove.nu\/index.php?rest_route=%2Fwp%2Fv2%2Fmedia&parent=27036"}],"wp:term":[{"taxonomy":"category","embeddable":true,"href":"https:\/\/sven-ove.nu\/index.php?rest_route=%2Fwp%2Fv2%2Fcategories&post=27036"},{"taxonomy":"post_tag","embeddable":true,"href":"https:\/\/sven-ove.nu\/index.php?rest_route=%2Fwp%2Fv2%2Ftags&post=27036"}],"curies":[{"name":"wp","href":"https:\/\/api.w.org\/{rel}","templated":true}]}}