{"id":27072,"date":"2024-09-29T16:10:19","date_gmt":"2024-09-29T15:10:19","guid":{"rendered":"https:\/\/sven-ove.nu\/?p=27072"},"modified":"2024-09-29T16:50:43","modified_gmt":"2024-09-29T15:50:43","slug":"var-brollopsdag","status":"publish","type":"post","link":"https:\/\/sven-ove.nu\/?p=27072","title":{"rendered":"V\u00e5r br\u00f6llopsdag"},"content":{"rendered":"\n<figure class=\"wp-block-image size-large\"><a href=\"https:\/\/sven-ove.nu\/wp-content\/uploads\/2024\/09\/46-ar.png\"><img loading=\"lazy\" decoding=\"async\" width=\"999\" height=\"1024\" src=\"https:\/\/sven-ove.nu\/wp-content\/uploads\/2024\/09\/46-ar-999x1024.png\" alt=\"\" class=\"wp-image-27073\" srcset=\"https:\/\/sven-ove.nu\/wp-content\/uploads\/2024\/09\/46-ar-999x1024.png 999w, https:\/\/sven-ove.nu\/wp-content\/uploads\/2024\/09\/46-ar-293x300.png 293w, https:\/\/sven-ove.nu\/wp-content\/uploads\/2024\/09\/46-ar-768x787.png 768w, https:\/\/sven-ove.nu\/wp-content\/uploads\/2024\/09\/46-ar.png 1220w\" sizes=\"auto, (max-width: 999px) 100vw, 999px\" \/><\/a><\/figure>\n\n\n\n<p class=\"wp-block-paragraph\">Fr\u00e5n min tidslinje p\u00e5 Facebook i dag. Tj\u00e4rnet d\u00e4r den k\u00e4ra v\u00e4nnen badar en annan h\u00f6stdag heter Sundstj\u00e4rnen och ligger vid Kittelf\u00e4ltet p\u00e5 Brattforsheden mellan Molkom och Filipstad.<\/p>\n\n\n\n<p class=\"wp-block-paragraph\">Ett favoritomr\u00e5de att vandra i.<br>Jas\u00e5 heter det blybr\u00f6llop. Tjohoo!<\/p>\n\n\n\n<p class=\"has-background wp-block-paragraph\" style=\"background-color:#f7baba\"><a href=\"https:\/\/sven-ove.nu\/\">Hem<\/a>&nbsp;|&nbsp;<a href=\"https:\/\/sven-ove.nu\/?page_id=170\">Om mig<\/a>&nbsp;|&nbsp;<a href=\"https:\/\/sven-ove.nu\/?page_id=1385\">Skriva &amp; prata<\/a>&nbsp;|&nbsp;<a href=\"https:\/\/sven-ove.nu\/?page_id=100\">Politik<\/a>&nbsp;|&nbsp;<a href=\"https:\/\/sven-ove.nu\/?page_id=102\">L\u00f6pa<\/a>&nbsp;|&nbsp;<a href=\"https:\/\/sven-ove.nu\/?page_id=108\">Viktor Root<\/a>&nbsp;&nbsp;<br><em>Inl\u00e4gg nr 2 396, (c) Sven-Ove Svensson (men dela g\u00e4rna<\/em>).<\/p>\n\n\n\n<p class=\"wp-block-paragraph\"><\/p>\n","protected":false},"excerpt":{"rendered":"<p>Fr\u00e5n min tidslinje p\u00e5 Facebook i dag. Tj\u00e4rnet d\u00e4r den k\u00e4ra v\u00e4nnen badar en annan h\u00f6stdag heter Sundstj\u00e4rnen och ligger vid Kittelf\u00e4ltet p\u00e5 Brattforsheden mellan Molkom och Filipstad. Ett favoritomr\u00e5de att vandra i.Jas\u00e5 heter det blybr\u00f6llop. Tjohoo! Hem&nbsp;|&nbsp;Om mig&nbsp;|&nbsp;Skriva &amp; prata&nbsp;|&nbsp;Politik&nbsp;|&nbsp;L\u00f6pa&nbsp;|&nbsp;Viktor Root&nbsp;&nbsp;Inl\u00e4gg nr 2 396, (c) Sven-Ove Svensson (men dela g\u00e4rna).<\/p>\n","protected":false},"author":1,"featured_media":0,"comment_status":"closed","ping_status":"open","sticky":false,"template":"","format":"standard","meta":{"_crdt_document":"","_monsterinsights_skip_tracking":false,"_monsterinsights_sitenote_active":false,"_monsterinsights_sitenote_note":"","_monsterinsights_sitenote_category":0,"footnotes":""},"categories":[10],"tags":[8,24],"class_list":["post-27072","post","type-post","status-publish","format-standard","hentry","category-familjen","tag-historia","tag-karlek"],"_links":{"self":[{"href":"https:\/\/sven-ove.nu\/index.php?rest_route=\/wp\/v2\/posts\/27072","targetHints":{"allow":["GET"]}}],"collection":[{"href":"https:\/\/sven-ove.nu\/index.php?rest_route=\/wp\/v2\/posts"}],"about":[{"href":"https:\/\/sven-ove.nu\/index.php?rest_route=\/wp\/v2\/types\/post"}],"author":[{"embeddable":true,"href":"https:\/\/sven-ove.nu\/index.php?rest_route=\/wp\/v2\/users\/1"}],"replies":[{"embeddable":true,"href":"https:\/\/sven-ove.nu\/index.php?rest_route=%2Fwp%2Fv2%2Fcomments&post=27072"}],"version-history":[{"count":7,"href":"https:\/\/sven-ove.nu\/index.php?rest_route=\/wp\/v2\/posts\/27072\/revisions"}],"predecessor-version":[{"id":27082,"href":"https:\/\/sven-ove.nu\/index.php?rest_route=\/wp\/v2\/posts\/27072\/revisions\/27082"}],"wp:attachment":[{"href":"https:\/\/sven-ove.nu\/index.php?rest_route=%2Fwp%2Fv2%2Fmedia&parent=27072"}],"wp:term":[{"taxonomy":"category","embeddable":true,"href":"https:\/\/sven-ove.nu\/index.php?rest_route=%2Fwp%2Fv2%2Fcategories&post=27072"},{"taxonomy":"post_tag","embeddable":true,"href":"https:\/\/sven-ove.nu\/index.php?rest_route=%2Fwp%2Fv2%2Ftags&post=27072"}],"curies":[{"name":"wp","href":"https:\/\/api.w.org\/{rel}","templated":true}]}}