{"id":27083,"date":"2024-10-01T04:15:00","date_gmt":"2024-10-01T03:15:00","guid":{"rendered":"https:\/\/sven-ove.nu\/?p=27083"},"modified":"2024-09-29T20:24:42","modified_gmt":"2024-09-29T19:24:42","slug":"nog-med-forslag","status":"publish","type":"post","link":"https:\/\/sven-ove.nu\/?p=27083","title":{"rendered":"Nog med f\u00f6rslag?"},"content":{"rendered":"\n<figure class=\"wp-block-image size-large\"><a href=\"https:\/\/sven-ove.nu\/wp-content\/uploads\/2024\/09\/IMG_0987.jpeg\"><img loading=\"lazy\" decoding=\"async\" width=\"1024\" height=\"1024\" src=\"https:\/\/sven-ove.nu\/wp-content\/uploads\/2024\/09\/IMG_0987-1024x1024.jpeg\" alt=\"\" class=\"wp-image-27084\" srcset=\"https:\/\/sven-ove.nu\/wp-content\/uploads\/2024\/09\/IMG_0987-1024x1024.jpeg 1024w, https:\/\/sven-ove.nu\/wp-content\/uploads\/2024\/09\/IMG_0987-300x300.jpeg 300w, https:\/\/sven-ove.nu\/wp-content\/uploads\/2024\/09\/IMG_0987-150x150.jpeg 150w, https:\/\/sven-ove.nu\/wp-content\/uploads\/2024\/09\/IMG_0987-768x768.jpeg 768w, https:\/\/sven-ove.nu\/wp-content\/uploads\/2024\/09\/IMG_0987.jpeg 1042w\" sizes=\"auto, (max-width: 1024px) 100vw, 1024px\" \/><\/a><\/figure>\n\n\n\n<p class=\"has-medium-font-size wp-block-paragraph\"><strong>1948<\/strong><br>&#8211; \u00c5ss\u00e5 skapar vi en stat som vi kallar Israel dit judar som vi f\u00f6rf\u00f6ljt kan flytta. \u00c5ss\u00e5 f\u00e5r en massa palestinier sitta i l\u00e4ger i st\u00e4llet.<\/p>\n\n\n\n<p class=\"has-medium-font-size wp-block-paragraph\"><strong>2024<\/strong><br>&#8211; Gick det bra?<br>&#8211; D\u00e4 lugnt.<\/p>\n\n\n\n<p class=\"has-light-gray-background-color has-background wp-block-paragraph\"><a href=\"https:\/\/sven-ove.nu\/\">Hem<\/a>\u00a0|\u00a0<a href=\"https:\/\/sven-ove.nu\/?page_id=170\">Om mig<\/a>\u00a0|\u00a0<a href=\"https:\/\/sven-ove.nu\/?page_id=1385\">Skriva &amp; prata<\/a>\u00a0|\u00a0<a href=\"https:\/\/sven-ove.nu\/?page_id=100\">Politik<\/a>\u00a0|\u00a0<a href=\"https:\/\/sven-ove.nu\/?page_id=102\">L\u00f6pa<\/a>\u00a0|\u00a0<a href=\"https:\/\/sven-ove.nu\/?page_id=108\">Viktor Root<\/a>\u00a0\u00a0<br><em>Inl\u00e4gg nr 2 397, (c) Sven-Ove Svensson (men dela g\u00e4rna<\/em>).<\/p>\n","protected":false},"excerpt":{"rendered":"<p>1948&#8211; \u00c5ss\u00e5 skapar vi en stat som vi kallar Israel dit judar som vi f\u00f6rf\u00f6ljt kan flytta. \u00c5ss\u00e5 f\u00e5r en massa palestinier sitta i l\u00e4ger i st\u00e4llet. 2024&#8211; Gick det bra?&#8211; D\u00e4 lugnt. Hem\u00a0|\u00a0Om mig\u00a0|\u00a0Skriva &amp; prata\u00a0|\u00a0Politik\u00a0|\u00a0L\u00f6pa\u00a0|\u00a0Viktor Root\u00a0\u00a0Inl\u00e4gg nr 2 397, (c) Sven-Ove Svensson (men dela g\u00e4rna).<\/p>\n","protected":false},"author":1,"featured_media":0,"comment_status":"closed","ping_status":"open","sticky":false,"template":"","format":"standard","meta":{"_crdt_document":"","_monsterinsights_skip_tracking":false,"_monsterinsights_sitenote_active":false,"_monsterinsights_sitenote_note":"","_monsterinsights_sitenote_category":0,"footnotes":""},"categories":[9],"tags":[8,18],"class_list":["post-27083","post","type-post","status-publish","format-standard","hentry","category-politik","tag-historia","tag-lardomar"],"_links":{"self":[{"href":"https:\/\/sven-ove.nu\/index.php?rest_route=\/wp\/v2\/posts\/27083","targetHints":{"allow":["GET"]}}],"collection":[{"href":"https:\/\/sven-ove.nu\/index.php?rest_route=\/wp\/v2\/posts"}],"about":[{"href":"https:\/\/sven-ove.nu\/index.php?rest_route=\/wp\/v2\/types\/post"}],"author":[{"embeddable":true,"href":"https:\/\/sven-ove.nu\/index.php?rest_route=\/wp\/v2\/users\/1"}],"replies":[{"embeddable":true,"href":"https:\/\/sven-ove.nu\/index.php?rest_route=%2Fwp%2Fv2%2Fcomments&post=27083"}],"version-history":[{"count":12,"href":"https:\/\/sven-ove.nu\/index.php?rest_route=\/wp\/v2\/posts\/27083\/revisions"}],"predecessor-version":[{"id":27096,"href":"https:\/\/sven-ove.nu\/index.php?rest_route=\/wp\/v2\/posts\/27083\/revisions\/27096"}],"wp:attachment":[{"href":"https:\/\/sven-ove.nu\/index.php?rest_route=%2Fwp%2Fv2%2Fmedia&parent=27083"}],"wp:term":[{"taxonomy":"category","embeddable":true,"href":"https:\/\/sven-ove.nu\/index.php?rest_route=%2Fwp%2Fv2%2Fcategories&post=27083"},{"taxonomy":"post_tag","embeddable":true,"href":"https:\/\/sven-ove.nu\/index.php?rest_route=%2Fwp%2Fv2%2Ftags&post=27083"}],"curies":[{"name":"wp","href":"https:\/\/api.w.org\/{rel}","templated":true}]}}