{"id":27097,"date":"2024-10-05T04:37:00","date_gmt":"2024-10-05T03:37:00","guid":{"rendered":"https:\/\/sven-ove.nu\/?p=27097"},"modified":"2024-10-04T07:42:14","modified_gmt":"2024-10-04T06:42:14","slug":"tva-saker-i-huvudet","status":"publish","type":"post","link":"https:\/\/sven-ove.nu\/?p=27097","title":{"rendered":"Tv\u00e5 saker i huvudet"},"content":{"rendered":"\n<figure class=\"wp-block-image size-large\"><a href=\"https:\/\/sven-ove.nu\/wp-content\/uploads\/2024\/10\/IMG_0998-scaled.jpeg\"><img loading=\"lazy\" decoding=\"async\" width=\"1024\" height=\"880\" src=\"https:\/\/sven-ove.nu\/wp-content\/uploads\/2024\/10\/IMG_0998-1024x880.jpeg\" alt=\"\" class=\"wp-image-27098\" srcset=\"https:\/\/sven-ove.nu\/wp-content\/uploads\/2024\/10\/IMG_0998-1024x880.jpeg 1024w, https:\/\/sven-ove.nu\/wp-content\/uploads\/2024\/10\/IMG_0998-300x258.jpeg 300w, https:\/\/sven-ove.nu\/wp-content\/uploads\/2024\/10\/IMG_0998-768x660.jpeg 768w, https:\/\/sven-ove.nu\/wp-content\/uploads\/2024\/10\/IMG_0998-1536x1320.jpeg 1536w, https:\/\/sven-ove.nu\/wp-content\/uploads\/2024\/10\/IMG_0998-2048x1760.jpeg 2048w\" sizes=\"auto, (max-width: 1024px) 100vw, 1024px\" \/><\/a><\/figure>\n\n\n\n<p class=\"wp-block-paragraph\"><strong>Torsdag<\/strong>: vandrar med Gryningspatrullen, fikar i solsken i lingonriset vid ett stillsamt tj\u00e4rn. G\u00e5r p\u00e5 lokal p\u00e5 kv\u00e4llen och ser F\u00e4rjestad vinna.<\/p>\n\n\n\n<p class=\"wp-block-paragraph\"><strong>Fredag<\/strong>: filar p\u00e5 texten som ska g\u00f6ra mig till Sveriges \u00e4ldsta littera underbarn (tihi). V\u00e4ntar p\u00e5 den k\u00e4ra v\u00e4nnen som \u00e4r p\u00e5 hemv\u00e4g efter att ha varit i v\u00e4sterled och roat barnbarn.<\/p>\n\n\n\n<p class=\"wp-block-paragraph\"><strong>L\u00f6rdag<\/strong>: i dag ska jag till hembygdsg\u00e5rden i Nor och medverka n\u00e4r hembygdsf\u00f6reningen och f\u00f6rfattars\u00e4llskapet ordnar brasafton.<\/p>\n\n\n\n<p class=\"wp-block-paragraph\"><strong>S\u00f6ndag<\/strong>: d\u00e5 \u00e4r det mitt jobb att s\u00e4tta ut fr\u00e5gorna till klubbens tipspromenad vid Sisug\u00e5rden.<\/p>\n\n\n\n<p class=\"wp-block-paragraph\">Mitt i all oro i v\u00e4rlden \u00e4r det \u00e4nd\u00e5 en gl\u00e4dje att leva.<br>Man <strong>f\u00e5r<\/strong> ha tv\u00e5 saker i huvudet samtidigt.<\/p>\n\n\n\n<p class=\"has-light-blue-background-color has-background wp-block-paragraph\"><a href=\"https:\/\/sven-ove.nu\/\">Hem<\/a>&nbsp;|&nbsp;<a href=\"https:\/\/sven-ove.nu\/?page_id=170\">Om mig<\/a>&nbsp;|&nbsp;<a href=\"https:\/\/sven-ove.nu\/?page_id=1385\">Skriva &amp; prata<\/a>&nbsp;|&nbsp;<a href=\"https:\/\/sven-ove.nu\/?page_id=100\">Politik<\/a>&nbsp;|&nbsp;<a href=\"https:\/\/sven-ove.nu\/?page_id=102\">L\u00f6pa<\/a>&nbsp;|&nbsp;<a href=\"https:\/\/sven-ove.nu\/?page_id=108\">Viktor Root<\/a>&nbsp;&nbsp;<br><em>Inl\u00e4gg nr 2 398, (c) Sven-Ove Svensson (men dela g\u00e4rna<\/em>).<\/p>\n","protected":false},"excerpt":{"rendered":"<p>Torsdag: vandrar med Gryningspatrullen, fikar i solsken i lingonriset vid ett stillsamt tj\u00e4rn. G\u00e5r p\u00e5 lokal p\u00e5 kv\u00e4llen och ser F\u00e4rjestad vinna. Fredag: filar p\u00e5 texten som ska g\u00f6ra mig till Sveriges \u00e4ldsta littera underbarn (tihi). V\u00e4ntar p\u00e5 den k\u00e4ra v\u00e4nnen som \u00e4r p\u00e5 hemv\u00e4g efter att ha varit i v\u00e4sterled och roat barnbarn. L\u00f6rdag: &hellip; <a href=\"https:\/\/sven-ove.nu\/?p=27097\" class=\"more-link\">Forts\u00e4tt l\u00e4sa <span class=\"screen-reader-text\">Tv\u00e5 saker i huvudet<\/span><\/a><\/p>\n","protected":false},"author":1,"featured_media":0,"comment_status":"closed","ping_status":"open","sticky":false,"template":"","format":"standard","meta":{"_crdt_document":"","_monsterinsights_skip_tracking":false,"_monsterinsights_sitenote_active":false,"_monsterinsights_sitenote_note":"","_monsterinsights_sitenote_category":0,"footnotes":""},"categories":[10,6,9,4],"tags":[24],"class_list":["post-27097","post","type-post","status-publish","format-standard","hentry","category-familjen","category-natur","category-politik","category-skrivande","tag-karlek"],"_links":{"self":[{"href":"https:\/\/sven-ove.nu\/index.php?rest_route=\/wp\/v2\/posts\/27097","targetHints":{"allow":["GET"]}}],"collection":[{"href":"https:\/\/sven-ove.nu\/index.php?rest_route=\/wp\/v2\/posts"}],"about":[{"href":"https:\/\/sven-ove.nu\/index.php?rest_route=\/wp\/v2\/types\/post"}],"author":[{"embeddable":true,"href":"https:\/\/sven-ove.nu\/index.php?rest_route=\/wp\/v2\/users\/1"}],"replies":[{"embeddable":true,"href":"https:\/\/sven-ove.nu\/index.php?rest_route=%2Fwp%2Fv2%2Fcomments&post=27097"}],"version-history":[{"count":2,"href":"https:\/\/sven-ove.nu\/index.php?rest_route=\/wp\/v2\/posts\/27097\/revisions"}],"predecessor-version":[{"id":27100,"href":"https:\/\/sven-ove.nu\/index.php?rest_route=\/wp\/v2\/posts\/27097\/revisions\/27100"}],"wp:attachment":[{"href":"https:\/\/sven-ove.nu\/index.php?rest_route=%2Fwp%2Fv2%2Fmedia&parent=27097"}],"wp:term":[{"taxonomy":"category","embeddable":true,"href":"https:\/\/sven-ove.nu\/index.php?rest_route=%2Fwp%2Fv2%2Fcategories&post=27097"},{"taxonomy":"post_tag","embeddable":true,"href":"https:\/\/sven-ove.nu\/index.php?rest_route=%2Fwp%2Fv2%2Ftags&post=27097"}],"curies":[{"name":"wp","href":"https:\/\/api.w.org\/{rel}","templated":true}]}}