{"id":27106,"date":"2024-10-10T04:13:00","date_gmt":"2024-10-10T03:13:00","guid":{"rendered":"https:\/\/sven-ove.nu\/?p=27106"},"modified":"2024-10-09T09:33:32","modified_gmt":"2024-10-09T08:33:32","slug":"jo-tack-staffan-den-fallan-minns-jag","status":"publish","type":"post","link":"https:\/\/sven-ove.nu\/?p=27106","title":{"rendered":"Jo tack Staffan, den f\u00e4llan minns jag"},"content":{"rendered":"\n<figure class=\"wp-block-image size-large\"><a href=\"https:\/\/sven-ove.nu\/wp-content\/uploads\/2024\/10\/IMG_1032-scaled.jpeg\"><img loading=\"lazy\" decoding=\"async\" width=\"1024\" height=\"1024\" src=\"https:\/\/sven-ove.nu\/wp-content\/uploads\/2024\/10\/IMG_1032-1024x1024.jpeg\" alt=\"\" class=\"wp-image-27109\" srcset=\"https:\/\/sven-ove.nu\/wp-content\/uploads\/2024\/10\/IMG_1032-1024x1024.jpeg 1024w, https:\/\/sven-ove.nu\/wp-content\/uploads\/2024\/10\/IMG_1032-300x300.jpeg 300w, https:\/\/sven-ove.nu\/wp-content\/uploads\/2024\/10\/IMG_1032-150x150.jpeg 150w, https:\/\/sven-ove.nu\/wp-content\/uploads\/2024\/10\/IMG_1032-768x768.jpeg 768w, https:\/\/sven-ove.nu\/wp-content\/uploads\/2024\/10\/IMG_1032-1536x1536.jpeg 1536w, https:\/\/sven-ove.nu\/wp-content\/uploads\/2024\/10\/IMG_1032-2048x2048.jpeg 2048w\" sizes=\"auto, (max-width: 1024px) 100vw, 1024px\" \/><\/a><\/figure>\n\n\n\n<p class=\"has-text-align-right wp-block-paragraph\"><em>H\u00e4r n\u00e5gonstans finns hon, f\u00e4llan.<\/em><\/p>\n\n\n\n<blockquote class=\"wp-block-quote is-layout-flow wp-block-quote-is-layout-flow\">\n<p class=\"wp-block-paragraph\">En dag f\u00e5r jag en h\u00e4lsning fr\u00e5n mitt 1970-tal. V\u00e4nnen och fotografen Staffan Jofjell skickar foto fr\u00e5n ett av mina tidigaste scenframtr\u00e4danden.<br>D\u00e4r st\u00e5r han mager och pirrig, den f\u00f6rhoppningsfulle unge herr Svensson.<\/p>\n<\/blockquote>\n\n\n\n<p class=\"wp-block-paragraph\">\u201dMinns du, Sven-Ove?\u201d skriver Staffan. Om jag g\u00f6r. Ute i V\u00e4rmland p\u00e5gick en f\u00f6rnedrande insamling till en sommarstuga \u00e5t hertigen av V\u00e4rmland, prins Carl Philip. Jag undrar om inte barnet fortfarande var kronprins till och med.<\/p>\n\n\n\n<p class=\"wp-block-paragraph\">Det var landsh\u00f6vding Bengt Norling som startat insamlingen. Den blev minst sagt kontroversiell.<\/p>\n\n\n\n<p class=\"wp-block-paragraph\"><strong>\u201dSkandalen drog ig\u00e5ng\u201d<\/strong><br>S\u00e5 h\u00e4r minns Svensk Damtidning br\u00e5ket i en artikel fr\u00e5n 27 oktober 2020:<\/p>\n\n\n\n<p class=\"wp-block-paragraph\"><em>\u201dM\u00e5nga har kanske gl\u00f6mt bort att b\u00f6rjan p\u00e5 hans bana som hertig kom med en stor kontrovers. Johan T Lindwall ber\u00e4ttar om saken i boken \u2019Carl Philip \u2013 prinsen som aldrig fick bli kung\u2019.\u201d<\/em><\/p>\n\n\n\n<p class=\"wp-block-paragraph\"><strong><em>\u201d<\/em><\/strong><em>Skandalen drog ig\u00e5ng n\u00e4r Carl Philip precis f\u00f6tts och presenterna och lyck\u00f6nskningarna str\u00f6mmade in till kungahuset.\u201d<\/em><\/p>\n\n\n\n<p class=\"wp-block-paragraph\"><strong>165&nbsp;617 kr p\u00e5 en postgiroblankett<\/strong><br>G\u00e5van fr\u00e5n V\u00e4rmland stack ut, skriver Johan T Lindwall i boken.<\/p>\n\n\n\n<p class=\"wp-block-paragraph\"><em>\u201dInsamlingen till en sommarstuga hade g\u00e5tt s\u00e5 bra att landsh\u00f6vding Bengt Norling hade med sig en postgiroblankett p\u00e5 hela 165 617 kronor som inv\u00e5narna i V\u00e4rmland hade sk\u00e4nkt till prinsens stuga.\u201d<\/em><\/p>\n\n\n\n<p class=\"wp-block-paragraph\">Dessutom hade Norling f\u00e5tt f\u00f6retagare i V\u00e4rmland att bidra med ytterligare 400&nbsp;000 kr till det beh\u00f6vande barnet.<\/p>\n\n\n\n<p class=\"wp-block-paragraph\"><strong>Startade protestinsamling<\/strong><br><em>\u201dDet skulle dock visa sig att alla i V\u00e4rmland inte uppskattade den kungliga g\u00e5van. Snart kom kritik som gick ut p\u00e5 att detta var &#8217;fj\u00e4sk f\u00f6r de kungliga&#8217; och att pengarna hellre kunde anv\u00e4ndas till en rad andra saker \u00e4n till att bygga ett sommarhus \u00e5t landets tillf\u00e4llige kronprins.\u201d<\/em><\/p>\n\n\n\n<p class=\"wp-block-paragraph\">Folkstormen v\u00e4xte till ett drev mot landsh\u00f6vdingen, skriver f\u00f6rfattaren. Ilskan bubblade och Unga \u00d6rnars protestinsamling fick in \u00f6ver 74&nbsp;000 kr. De pengarna sk\u00e4nktes till de 16 kommunerna i V\u00e4rmland att anv\u00e4ndas vid temadagar f\u00f6r invandrarkultur.<\/p>\n\n\n\n<p class=\"wp-block-paragraph\"><strong>L\u00e5nade en f\u00e4lla i Sunne<\/strong><br>Det var detta mitt framtr\u00e4dande handlade om, den d\u00e4r dagen i slutet p\u00e5 1970-talet. Jag minns att jag hade varit till Skogsv\u00e5rdsstyrelsen hemma i Sunne och f\u00e5tt en granbarkborref\u00e4lla av en f\u00f6rv\u00e5nad karl.<\/p>\n\n\n\n<p class=\"wp-block-paragraph\">&#8211; Men du f\u00e5r inte g\u00f6ra narr av oss.<br>&#8211; Nej varf\u00f6r skulle jag g\u00f6ra det?<\/p>\n\n\n\n<p class=\"wp-block-paragraph\">I V\u00e4rmland p\u00e5gick ett kraftigt barkborreangrepp p\u00e5 skogen. Den beg\u00e5vade journalisten Leif Kihlstr\u00f6m p\u00e5 V\u00e4rmlands Folkblad r\u00e4knade ut att om man lade alla granbarkborrar som samlats in p\u00e5 rad \u2013 d\u00e5 skulle de r\u00e4cka fr\u00e5n Stora torget i Karlstad och till Bangkok.<br>I norra V\u00e4rmland gjorde somliga skogs\u00e4gare stora f\u00f6rluster.<\/p>\n\n\n\n<p class=\"wp-block-paragraph\"><strong>F\u00f6rs\u00f6ker l\u00e5ta bli att skaka<\/strong><br>Jag b\u00f6rjade mitt anf\u00f6rande med att tala om insamlingen. Den av granbarkborrar. Publiken m\u00e5ste ha anat att jag skulle komma in p\u00e5 Bengt Norlings insamling f\u00f6rr eller senare.<\/p>\n\n\n\n<p class=\"wp-block-paragraph\">Under tiden var jag sj\u00e4lv ivrigt sysselsatt med att inte skaka p\u00e5 barkborref\u00e4llan jag h\u00f6ll i v\u00e4nstern\u00e4ven. De fick inte h\u00f6ra f\u00f6r tidigt att jag hade fyllt den med enkronor i botten.<\/p>\n\n\n\n<p class=\"wp-block-paragraph\">Till slut blev det dags f\u00f6r prinsinsamlingen.<br>&#8211; H\u00f6r ni att det \u00e4r Norling-takter i\u2019na? sa jag och skakade s\u00e5 kronorna med kungen p\u00e5 skramlade.<\/p>\n\n\n\n<p class=\"wp-block-paragraph\"><strong>H\u00f6ra mer av<\/strong><br>Honom kommer vi att f\u00e5 h\u00f6ra mer av, skrev en recensent i en av de v\u00e4rml\u00e4ndska l\u00e4nstidningarna. Ty detta var p\u00e5 den tiden d\u00e5 l\u00e4nstidningar gick p\u00e5 arrangemang och skrev om dem.<\/p>\n\n\n\n<p class=\"wp-block-paragraph\">Recensenten menade inte kronprinsen.<br>Hon menade en annan.<\/p>\n\n\n\n<p class=\"has-light-blue-background-color has-background wp-block-paragraph\"><em>### Granbarkborref\u00e4llan st\u00e5r kvar i v\u00e5rt garage. Tror jag.<\/em><br><em>### Jag har inte haft mycket anv\u00e4ndning av den sedan den d\u00e4r kv\u00e4llen i gamla bibliotekshuset i Karlstad.<\/em><br><em>### Carl Philip fick sin sommarstuga n\u00e4ra Sunne Ski Center. Han har inte betalat soph\u00e4mtningsavgiften p\u00e5 20 \u00e5r, skrev Nya Wermlands-Tidningen i en artikel l\u00e5ngt senare. D\u00e5 blev m\u00e5nga v\u00e4rml\u00e4nningar uppr\u00f6rda en g\u00e5ng till.<\/em><br><br><em>S\u00e5 gick det till p\u00e5 den tiden.<\/em><\/p>\n\n\n\n<figure class=\"wp-block-image size-large\"><a href=\"https:\/\/sven-ove.nu\/wp-content\/uploads\/2024\/10\/Staffan-J-prinsinsamling.jpg\"><img loading=\"lazy\" decoding=\"async\" width=\"695\" height=\"1024\" src=\"https:\/\/sven-ove.nu\/wp-content\/uploads\/2024\/10\/Staffan-J-prinsinsamling-695x1024.jpg\" alt=\"\" class=\"wp-image-27112\" srcset=\"https:\/\/sven-ove.nu\/wp-content\/uploads\/2024\/10\/Staffan-J-prinsinsamling-695x1024.jpg 695w, https:\/\/sven-ove.nu\/wp-content\/uploads\/2024\/10\/Staffan-J-prinsinsamling-203x300.jpg 203w, https:\/\/sven-ove.nu\/wp-content\/uploads\/2024\/10\/Staffan-J-prinsinsamling-768x1132.jpg 768w, https:\/\/sven-ove.nu\/wp-content\/uploads\/2024\/10\/Staffan-J-prinsinsamling-1042x1536.jpg 1042w, https:\/\/sven-ove.nu\/wp-content\/uploads\/2024\/10\/Staffan-J-prinsinsamling.jpg 1389w\" sizes=\"auto, (max-width: 695px) 100vw, 695px\" \/><\/a><\/figure>\n\n\n\n<p class=\"has-text-align-right wp-block-paragraph\"><em>Bloggaren som ung.            Foto: Staffan Jofjell.<\/em><\/p>\n\n\n\n<p class=\"has-light-blue-background-color has-background wp-block-paragraph\"><a href=\"https:\/\/sven-ove.nu\/\">Hem<\/a>&nbsp;|&nbsp;<a href=\"https:\/\/sven-ove.nu\/?page_id=170\">Om mig<\/a>&nbsp;|&nbsp;<a href=\"https:\/\/sven-ove.nu\/?page_id=1385\">Skriva &amp; prata<\/a>&nbsp;|&nbsp;<a href=\"https:\/\/sven-ove.nu\/?page_id=100\">Politik<\/a>&nbsp;|&nbsp;<a href=\"https:\/\/sven-ove.nu\/?page_id=102\">L\u00f6pa<\/a>&nbsp;|&nbsp;<a href=\"https:\/\/sven-ove.nu\/?page_id=108\">Viktor Root<\/a>&nbsp;&nbsp;<br><em>Inl\u00e4gg nr 2 400, (c) Sven-Ove Svensson (men dela g\u00e4rna<\/em>).<\/p>\n","protected":false},"excerpt":{"rendered":"<p>H\u00e4r n\u00e5gonstans finns hon, f\u00e4llan. En dag f\u00e5r jag en h\u00e4lsning fr\u00e5n mitt 1970-tal. V\u00e4nnen och fotografen Staffan Jofjell skickar foto fr\u00e5n ett av mina tidigaste scenframtr\u00e4danden.D\u00e4r st\u00e5r han mager och pirrig, den f\u00f6rhoppningsfulle unge herr Svensson. \u201dMinns du, Sven-Ove?\u201d skriver Staffan. Om jag g\u00f6r. Ute i V\u00e4rmland p\u00e5gick en f\u00f6rnedrande insamling till en sommarstuga &hellip; <a href=\"https:\/\/sven-ove.nu\/?p=27106\" class=\"more-link\">Forts\u00e4tt l\u00e4sa <span class=\"screen-reader-text\">Jo tack Staffan, den f\u00e4llan minns jag<\/span><\/a><\/p>\n","protected":false},"author":1,"featured_media":0,"comment_status":"closed","ping_status":"open","sticky":false,"template":"","format":"standard","meta":{"_crdt_document":"","_monsterinsights_skip_tracking":false,"_monsterinsights_sitenote_active":false,"_monsterinsights_sitenote_note":"","_monsterinsights_sitenote_category":0,"footnotes":""},"categories":[28,9,4],"tags":[16,8,13],"class_list":["post-27106","post","type-post","status-publish","format-standard","hentry","category-kreativt-folk","category-politik","category-skrivande","tag-dumheter","tag-historia","tag-utrustning"],"_links":{"self":[{"href":"https:\/\/sven-ove.nu\/index.php?rest_route=\/wp\/v2\/posts\/27106","targetHints":{"allow":["GET"]}}],"collection":[{"href":"https:\/\/sven-ove.nu\/index.php?rest_route=\/wp\/v2\/posts"}],"about":[{"href":"https:\/\/sven-ove.nu\/index.php?rest_route=\/wp\/v2\/types\/post"}],"author":[{"embeddable":true,"href":"https:\/\/sven-ove.nu\/index.php?rest_route=\/wp\/v2\/users\/1"}],"replies":[{"embeddable":true,"href":"https:\/\/sven-ove.nu\/index.php?rest_route=%2Fwp%2Fv2%2Fcomments&post=27106"}],"version-history":[{"count":6,"href":"https:\/\/sven-ove.nu\/index.php?rest_route=\/wp\/v2\/posts\/27106\/revisions"}],"predecessor-version":[{"id":27117,"href":"https:\/\/sven-ove.nu\/index.php?rest_route=\/wp\/v2\/posts\/27106\/revisions\/27117"}],"wp:attachment":[{"href":"https:\/\/sven-ove.nu\/index.php?rest_route=%2Fwp%2Fv2%2Fmedia&parent=27106"}],"wp:term":[{"taxonomy":"category","embeddable":true,"href":"https:\/\/sven-ove.nu\/index.php?rest_route=%2Fwp%2Fv2%2Fcategories&post=27106"},{"taxonomy":"post_tag","embeddable":true,"href":"https:\/\/sven-ove.nu\/index.php?rest_route=%2Fwp%2Fv2%2Ftags&post=27106"}],"curies":[{"name":"wp","href":"https:\/\/api.w.org\/{rel}","templated":true}]}}