{"id":27118,"date":"2024-10-13T04:54:00","date_gmt":"2024-10-13T03:54:00","guid":{"rendered":"https:\/\/sven-ove.nu\/?p=27118"},"modified":"2024-10-12T11:09:57","modified_gmt":"2024-10-12T10:09:57","slug":"om-det-som-jag-langtar-efter","status":"publish","type":"post","link":"https:\/\/sven-ove.nu\/?p=27118","title":{"rendered":"Om det som jag l\u00e4ngtar efter"},"content":{"rendered":"\n<figure class=\"wp-block-image size-large\"><a href=\"https:\/\/sven-ove.nu\/wp-content\/uploads\/2024\/10\/IMG_0948-scaled.jpeg\"><img loading=\"lazy\" decoding=\"async\" width=\"1024\" height=\"825\" src=\"https:\/\/sven-ove.nu\/wp-content\/uploads\/2024\/10\/IMG_0948-1024x825.jpeg\" alt=\"\" class=\"wp-image-27119\" srcset=\"https:\/\/sven-ove.nu\/wp-content\/uploads\/2024\/10\/IMG_0948-1024x825.jpeg 1024w, https:\/\/sven-ove.nu\/wp-content\/uploads\/2024\/10\/IMG_0948-300x242.jpeg 300w, https:\/\/sven-ove.nu\/wp-content\/uploads\/2024\/10\/IMG_0948-768x619.jpeg 768w, https:\/\/sven-ove.nu\/wp-content\/uploads\/2024\/10\/IMG_0948-1536x1237.jpeg 1536w, https:\/\/sven-ove.nu\/wp-content\/uploads\/2024\/10\/IMG_0948-2048x1650.jpeg 2048w\" sizes=\"auto, (max-width: 1024px) 100vw, 1024px\" \/><\/a><\/figure>\n\n\n\n<blockquote class=\"wp-block-quote is-layout-flow wp-block-quote-is-layout-flow\">\n<p class=\"has-text-align-right wp-block-paragraph\">Foto: Inger Nilsson<\/p>\n\n\n\n<p class=\"wp-block-paragraph\">Jag tragglar p\u00e5 med min blogg, d\u00f6pt efter kr\u00f6nikorna i P4 V\u00e4rmland en g\u00e5ng. Ambitionen \u00e4r den samma som d\u00e5. Var tredje skulle vara kritisk, var tredje gullig och var tredje ett traditionellt k\u00e5seri.<br>Det lyckades s\u00e4llan. Jag var f\u00f6r arg.<br>\u201dTragglar\u201d? Det \u00e4r inte sant.<\/p>\n<\/blockquote>\n\n\n\n<p class=\"wp-block-paragraph\"><strong>Traggla<\/strong> \u00e4r vardagligt och betyder att st\u00e4ndigt upp\u00adrepa, att plugga eller l\u00e4sa knaggligt skriver Svenska Akademiens Ordlista. SAOB tycker ungef\u00e4r det samma och Svensk Ordbok tycker att det betyder tjata. Ordet \u00e4r belagt sedan 1838 och kommer av dialektordet tragga som betyder gnata.<\/p>\n\n\n\n<p class=\"wp-block-paragraph\">G\u00e5r jag till Knut Warmlands v\u00e4rml\u00e4ndska ordbok s\u00e5 kan jag l\u00e4sa att tragg\u013ce betyder envisas, tjata, k\u00e4mpa. \u00c4r jag allts\u00e5 en visserligen tjatig men ocks\u00e5 envis k\u00e4mpe, nu n\u00e4r jag nyss passerat 2&nbsp;400 inl\u00e4gg h\u00e4r p\u00e5 bloggen? Vissa faktiskt b\u00e5de gulliga och arga.<br><br>Tack Knut.<br>Man f\u00e5r inte ge tappt.<\/p>\n\n\n\n<p class=\"wp-block-paragraph\"><strong>Bra och f\u00f6rf\u00e4rlig<\/strong><br>Det \u00e4r en bra tid f\u00f6r debatt\u00f6rer.<br>Det \u00e4r en f\u00f6rf\u00e4rlig tid f\u00f6r debatt\u00f6rer.<\/p>\n\n\n\n<p class=\"wp-block-paragraph\"><strong>M\u00e5nga kanaler men inskr\u00e4nkt \u00e4nd\u00e5<\/strong><br>Med bra menas att s\u00e5dana som jag har m\u00e5nga m\u00f6jligheter. Det finns en social kanal i varje vr\u00e5 i mobilen och datamaskinen. Ibland n\u00e5r man m\u00e5nga l\u00e4sare.<\/p>\n\n\n\n<p class=\"wp-block-paragraph\">Med f\u00f6rf\u00e4rlig menas att vi inte har n\u00e5gon gemensam offentlighet. Skrev jag i v\u00e5rt v\u00e4rml\u00e4ndska folkblad \u00e5r 1983 s\u00e5 n\u00e5dde jag n\u00e4stan varenda m\u00e4nniska jag ville n\u00e5. N\u00e4r dessutom lokalradion sl\u00e4ppte in mig, s\u00e5 n\u00e5dde jag resten.<\/p>\n\n\n\n<p class=\"wp-block-paragraph\">I dag krymper pappersupplagorna. Dagstidningarna har f\u00f6rlorat flera generationer av prenumeranter. Till och med rika och skickliga NWT-koncernen m\u00e5ste spara 15 miljoner kronor i ett sparprogram, ber\u00e4ttar de. Under tiden bubblar m\u00e4nniskorna runt i varsina bubblor. M\u00f6ts de s\u00e5 m\u00f6ts de alldeles f\u00f6r ofta i hot och hat.<\/p>\n\n\n\n<p class=\"wp-block-paragraph\">D\u00e5 har jag bara pratat om plattformarna f\u00f6r debatten. Formen. Jag har inte n\u00e4mnt ett ord om inneh\u00e5llet, om hur den v\u00e4rld ser ut som jag vill kommentera.<\/p>\n\n\n<div class=\"wp-block-image\">\n<figure class=\"alignright size-thumbnail\"><a href=\"https:\/\/sven-ove.nu\/wp-content\/uploads\/2024\/10\/IMG_1041-1-scaled.jpeg\"><img loading=\"lazy\" decoding=\"async\" width=\"150\" height=\"150\" src=\"https:\/\/sven-ove.nu\/wp-content\/uploads\/2024\/10\/IMG_1041-1-150x150.jpeg\" alt=\"\" class=\"wp-image-27124\"\/><\/a><\/figure>\n<\/div>\n\n\n<p class=\"wp-block-paragraph\"><strong>D\u00e5liga tider<\/strong><br>Nu skulle jag verkligen kunna traggla inhemska debatt\u00e4mnen som fladdrat f\u00f6rbi den senaste tiden. Jag avst\u00e5r. Jag blir lite tr\u00f6tt. L\u00e5t mig bara n\u00e4mna n\u00e5gra av de globala. Trump, Musk, Ukraina, Israel, Gaza och Libanon.<br><br>Det \u00e4r d\u00e5liga tider f\u00f6r k\u00e5s\u00f6rer, gullare och natur\u00e4lskare.<br>\u00c4r det 50&nbsp;000 som har d\u00f6tt i Gaza nu?<br>Hur mycket \u00e4r ett liv v\u00e4rt?<\/p>\n\n\n\n<p class=\"wp-block-paragraph\"><strong>Ett tidens tecken<\/strong><br>K\u00e4nner jag det d\u00e5 som att jag h\u00e5ller p\u00e5 och tragglar? Nej, jag g\u00f6r ju inte det. Skrivandet \u00e4r fortfarande en glad vana, ett positivt tv\u00e5ng. Det \u00e4r inte ordgl\u00e4djen det \u00e4r fel p\u00e5, det \u00e4r tiden.<\/p>\n\n\n\n<p class=\"wp-block-paragraph\">Ty visst \u00e4r det ett tidens tecken att 2024 \u00e5rs nobelpris i litteratur g\u00e5r till en f\u00f6rfattare som har beh\u00f6vt \u00e4gna m\u00e5nga \u00e5r av sitt liv \u00e5t att ber\u00e4tta om massakrer i sitt hemland.<br>Massakrer.<\/p>\n\n\n\n<p class=\"wp-block-paragraph\">Jag l\u00e4ngtar efter en tid n\u00e4r skriftst\u00e4llare kan \u00e4gna sig \u00e5t att studera citronfj\u00e4rilens flykt. Innan dess: att de ropar p\u00e5 revolution. N\u00e5ja, en sn\u00e4ll revolution, en stor j\u00e4dra k\u00e4rleksfull j\u00e4mlikhets- och fredlighetsreform.<br>Reform.<br><br>En d\u00e4r inte muskarna och teslorna och trumparna best\u00e4mmer.<br>En d\u00e4r solidaritet blir ett modeord igen.<\/p>\n\n\n\n<p class=\"wp-block-paragraph\"><strong>Beslut:<\/strong><br>Vi f\u00e5r traggla vidare.<br>Tack f\u00f6r att du bes\u00f6ker min blogg.<\/p>\n\n\n\n<p class=\"wp-block-paragraph\">Kram!<\/p>\n\n\n\n<p class=\"has-background wp-block-paragraph\" style=\"background-color:#b0d8df\"><a href=\"https:\/\/sven-ove.nu\/\">Hem<\/a>&nbsp;|&nbsp;<a href=\"https:\/\/sven-ove.nu\/?page_id=170\">Om mig<\/a>&nbsp;|&nbsp;<a href=\"https:\/\/sven-ove.nu\/?page_id=1385\">Skriva &amp; prata<\/a>&nbsp;|&nbsp;<a href=\"https:\/\/sven-ove.nu\/?page_id=100\">Politik<\/a>&nbsp;|&nbsp;<a href=\"https:\/\/sven-ove.nu\/?page_id=102\">L\u00f6pa<\/a>&nbsp;|&nbsp;<a href=\"https:\/\/sven-ove.nu\/?page_id=108\">Viktor Root<\/a>&nbsp;&nbsp;<br><em>Inl\u00e4gg nr 2 401, (c) Sven-Ove Svensson (men dela g\u00e4rna<\/em>).<\/p>\n","protected":false},"excerpt":{"rendered":"<p>Foto: Inger Nilsson Jag tragglar p\u00e5 med min blogg, d\u00f6pt efter kr\u00f6nikorna i P4 V\u00e4rmland en g\u00e5ng. Ambitionen \u00e4r den samma som d\u00e5. Var tredje skulle vara kritisk, var tredje gullig och var tredje ett traditionellt k\u00e5seri.Det lyckades s\u00e4llan. Jag var f\u00f6r arg.\u201dTragglar\u201d? Det \u00e4r inte sant. Traggla \u00e4r vardagligt och betyder att st\u00e4ndigt upp\u00adrepa, &hellip; <a href=\"https:\/\/sven-ove.nu\/?p=27118\" class=\"more-link\">Forts\u00e4tt l\u00e4sa <span class=\"screen-reader-text\">Om det som jag l\u00e4ngtar efter<\/span><\/a><\/p>\n","protected":false},"author":1,"featured_media":0,"comment_status":"closed","ping_status":"open","sticky":false,"template":"","format":"standard","meta":{"_crdt_document":"","_monsterinsights_skip_tracking":false,"_monsterinsights_sitenote_active":false,"_monsterinsights_sitenote_note":"","_monsterinsights_sitenote_category":0,"footnotes":""},"categories":[9,4],"tags":[24,21],"class_list":["post-27118","post","type-post","status-publish","format-standard","hentry","category-politik","category-skrivande","tag-karlek","tag-ord"],"_links":{"self":[{"href":"https:\/\/sven-ove.nu\/index.php?rest_route=\/wp\/v2\/posts\/27118","targetHints":{"allow":["GET"]}}],"collection":[{"href":"https:\/\/sven-ove.nu\/index.php?rest_route=\/wp\/v2\/posts"}],"about":[{"href":"https:\/\/sven-ove.nu\/index.php?rest_route=\/wp\/v2\/types\/post"}],"author":[{"embeddable":true,"href":"https:\/\/sven-ove.nu\/index.php?rest_route=\/wp\/v2\/users\/1"}],"replies":[{"embeddable":true,"href":"https:\/\/sven-ove.nu\/index.php?rest_route=%2Fwp%2Fv2%2Fcomments&post=27118"}],"version-history":[{"count":11,"href":"https:\/\/sven-ove.nu\/index.php?rest_route=\/wp\/v2\/posts\/27118\/revisions"}],"predecessor-version":[{"id":27133,"href":"https:\/\/sven-ove.nu\/index.php?rest_route=\/wp\/v2\/posts\/27118\/revisions\/27133"}],"wp:attachment":[{"href":"https:\/\/sven-ove.nu\/index.php?rest_route=%2Fwp%2Fv2%2Fmedia&parent=27118"}],"wp:term":[{"taxonomy":"category","embeddable":true,"href":"https:\/\/sven-ove.nu\/index.php?rest_route=%2Fwp%2Fv2%2Fcategories&post=27118"},{"taxonomy":"post_tag","embeddable":true,"href":"https:\/\/sven-ove.nu\/index.php?rest_route=%2Fwp%2Fv2%2Ftags&post=27118"}],"curies":[{"name":"wp","href":"https:\/\/api.w.org\/{rel}","templated":true}]}}