{"id":27164,"date":"2024-10-24T04:24:00","date_gmt":"2024-10-24T03:24:00","guid":{"rendered":"https:\/\/sven-ove.nu\/?p=27164"},"modified":"2024-10-23T08:36:56","modified_gmt":"2024-10-23T07:36:56","slug":"ar-jag-en-fullblodsidiot","status":"publish","type":"post","link":"https:\/\/sven-ove.nu\/?p=27164","title":{"rendered":"\u00c4r jag en fullblodsidiot?"},"content":{"rendered":"\n<blockquote class=\"wp-block-quote is-layout-flow wp-block-quote-is-layout-flow\">\n<p class=\"wp-block-paragraph\">Det \u00e4r det d\u00e4r lilla ordet trivs. Hur kunde just det bli min speciella signatur h\u00e4r i livet?<\/p>\n<\/blockquote>\n\n\n\n<p class=\"wp-block-paragraph\">Ibland ser jag v\u00e4nner anv\u00e4nda det i olika sammanhang n\u00e4r de m\u00e5r bra. De h\u00e4nvisar till mig: \u201d\u2019Trivs\u2019 som Sven-Ove brukar skriva.\u201d<\/p>\n\n\n\n<p class=\"wp-block-paragraph\">D\u00e5 ler jag k\u00e4rt inombords.<\/p>\n\n\n\n<p class=\"wp-block-paragraph\"><strong>Klimatet, flodkr\u00e4ftan och dagstidningen<\/strong><br>Nej, jag \u00e4r inte idiot. Inte fullblodsidiot i alla fall. Jag vet vad det ryska imperiet g\u00f6r i Ukraina och ockupationsmakten Israel i Gaza och Libanon. Jag kan l\u00e4sa statistiken som visar att det g\u00e5r 93 st\u00e4derskor p\u00e5 en av de 50 rikaste b\u00f6rs-vd:arna h\u00e4r i landet, om vi r\u00e4knar l\u00f6n och \u00f6vriga inkomster. 93-1, det \u00e4r s\u00e5 bedr\u00f6vligt. Jag vet att det dog 63 medm\u00e4nniskor i fjol p\u00e5 svenska arbetsplatser.<\/p>\n\n\n\n<p class=\"wp-block-paragraph\">D\u00e5 har jag \u00e4nd\u00e5 inte n\u00e4mnt klimatet, sillen, \u00e5len, vitryggen, flodkr\u00e4ftan, pressfotografen eller dagstidningen. Jag kan sannerligen hitta sk\u00e4l att vara b\u00e5de arg och ledsen.<br><br>Livet kunde ju vara s\u00e5 enkelt, utan de d\u00e4r hoten.<\/p>\n\n\n\n<p class=\"wp-block-paragraph\"><strong>Den ljusa tonen<\/strong><br>Tro inte en sekund att jag bara r\u00e4knar de lyckliga stunderna. Vi har sannerligen haft sm\u00e4rta i v\u00e5ra liv. N\u00e4r jag vill kan jag h\u00f6ra den m\u00f6rka tonen inombords. Jag fick ju f\u00f6rresten sj\u00e4lv ett cancerbesked f\u00f6r snart tv\u00e5 \u00e5r sedan.<\/p>\n\n\n\n<p class=\"wp-block-paragraph\">Men. Jag har inte bara den m\u00f6rka tonen. Jag h\u00f6r den ljusa tonen med. De flesta dagar h\u00f6rs den h\u00f6gre.<\/p>\n\n\n\n<p class=\"wp-block-paragraph\">Det finns sj\u00e4lvuppoffrande v\u00e4nner som fraktar f\u00f6rn\u00f6denheter fr\u00e5n V\u00e4rmland till krigets Ukraina. Det finns fantastiska m\u00e4nniskor i svensk sjukv\u00e5rd som g\u00e5r till sina jobb varje dag och r\u00e4ddar livet p\u00e5 gubbar som jag.<\/p>\n\n\n\n<p class=\"wp-block-paragraph\">Det finns solidaritet.<\/p>\n\n\n\n<p class=\"wp-block-paragraph\"><strong>Ett under<\/strong><br>I morgon ska jag ta en l\u00e4tt l\u00f6ptur p\u00e5 stigarna upp\u00e5t Grossbolstorps h\u00f6jder, har jag t\u00e4nkt. Bara det &#8211; att jag kan g\u00f6ra det vid 73 \u00e5rs \u00e5lder &#8211; \u00e4r ett under.<\/p>\n\n\n\n<p class=\"wp-block-paragraph\">D\u00e5 ska jag t\u00e4nka p\u00e5 ett litet ord som livet l\u00e4rt mig:<\/p>\n\n\n\n<p class=\"wp-block-paragraph\">Trivs.<\/p>\n\n\n\n<figure class=\"wp-block-image size-large\"><a href=\"https:\/\/sven-ove.nu\/wp-content\/uploads\/2024\/10\/IMG_1097-scaled.jpeg\"><img loading=\"lazy\" decoding=\"async\" width=\"1024\" height=\"1024\" src=\"https:\/\/sven-ove.nu\/wp-content\/uploads\/2024\/10\/IMG_1097-1024x1024.jpeg\" alt=\"\" class=\"wp-image-27168\" srcset=\"https:\/\/sven-ove.nu\/wp-content\/uploads\/2024\/10\/IMG_1097-1024x1024.jpeg 1024w, https:\/\/sven-ove.nu\/wp-content\/uploads\/2024\/10\/IMG_1097-300x300.jpeg 300w, https:\/\/sven-ove.nu\/wp-content\/uploads\/2024\/10\/IMG_1097-150x150.jpeg 150w, https:\/\/sven-ove.nu\/wp-content\/uploads\/2024\/10\/IMG_1097-768x768.jpeg 768w, https:\/\/sven-ove.nu\/wp-content\/uploads\/2024\/10\/IMG_1097-1536x1536.jpeg 1536w, https:\/\/sven-ove.nu\/wp-content\/uploads\/2024\/10\/IMG_1097-2048x2048.jpeg 2048w\" sizes=\"auto, (max-width: 1024px) 100vw, 1024px\" \/><\/a><\/figure>\n\n\n\n<p class=\"has-light-blue-background-color has-background wp-block-paragraph\"><em>### Jag h\u00f6r att en del som l\u00e4st mitt f\u00f6rra blogginl\u00e4gg bekymrat sig. M\u00e5r jag inte bra, n\u00e4r jag hade s\u00e5 l\u00e5gt batteri tyckte l\u00f6parklockan?<br>### Stort tack f\u00f6r omtanken! Jag m\u00e5r f\u00f6rtr\u00e4ffligt. Klockan visade r\u00e4tt tomt kroppsbatteri i f\u00f6rrg\u00e5r kv\u00e4ll med. Men det berodde p\u00e5 lycka.<br>### Jag hade haft gl\u00e4djen att f\u00e5 l\u00e4sa ur mina b\u00f6cker f\u00f6r ett g\u00e4ng trevliga m\u00e4nniskor p\u00e5 Klar\u00e4lvdalens folkh\u00f6gskola i St\u00f6llet. D\u00e5 tror klockan att jag \u00e4r slut, n\u00e4r jag i sj\u00e4lva verket g\u00e5r p\u00e5 sm\u00e5 l\u00e4tta moln, gjorda av endorfin.<\/em><\/p>\n\n\n\n<p class=\"has-light-gray-background-color has-background wp-block-paragraph\"><a href=\"https:\/\/sven-ove.nu\/\">Hem<\/a>&nbsp;|&nbsp;<a href=\"https:\/\/sven-ove.nu\/?page_id=170\">Om mig<\/a>&nbsp;|&nbsp;<a href=\"https:\/\/sven-ove.nu\/?page_id=1385\">Skriva &amp; prata<\/a>&nbsp;|&nbsp;<a href=\"https:\/\/sven-ove.nu\/?page_id=100\">Politik<\/a>&nbsp;|&nbsp;<a href=\"https:\/\/sven-ove.nu\/?page_id=102\">L\u00f6pa<\/a>&nbsp;|&nbsp;<a href=\"https:\/\/sven-ove.nu\/?page_id=108\">Viktor Root<\/a>&nbsp;&nbsp;<br><em>Inl\u00e4gg nr 2 404, (c) Sven-Ove Svensson (men dela g\u00e4rna<\/em>).<\/p>\n","protected":false},"excerpt":{"rendered":"<p>Det \u00e4r det d\u00e4r lilla ordet trivs. Hur kunde just det bli min speciella signatur h\u00e4r i livet? Ibland ser jag v\u00e4nner anv\u00e4nda det i olika sammanhang n\u00e4r de m\u00e5r bra. De h\u00e4nvisar till mig: \u201d\u2019Trivs\u2019 som Sven-Ove brukar skriva.\u201d D\u00e5 ler jag k\u00e4rt inombords. Klimatet, flodkr\u00e4ftan och dagstidningenNej, jag \u00e4r inte idiot. Inte fullblodsidiot &hellip; <a href=\"https:\/\/sven-ove.nu\/?p=27164\" class=\"more-link\">Forts\u00e4tt l\u00e4sa <span class=\"screen-reader-text\">\u00c4r jag en fullblodsidiot?<\/span><\/a><\/p>\n","protected":false},"author":1,"featured_media":0,"comment_status":"closed","ping_status":"open","sticky":false,"template":"","format":"standard","meta":{"_crdt_document":"","_monsterinsights_skip_tracking":false,"_monsterinsights_sitenote_active":false,"_monsterinsights_sitenote_note":"","_monsterinsights_sitenote_category":0,"footnotes":""},"categories":[10,5,6,9,4],"tags":[8,24,18,21,17],"class_list":["post-27164","post","type-post","status-publish","format-standard","hentry","category-familjen","category-lopning","category-natur","category-politik","category-skrivande","tag-historia","tag-karlek","tag-lardomar","tag-ord","tag-solidaritet"],"_links":{"self":[{"href":"https:\/\/sven-ove.nu\/index.php?rest_route=\/wp\/v2\/posts\/27164","targetHints":{"allow":["GET"]}}],"collection":[{"href":"https:\/\/sven-ove.nu\/index.php?rest_route=\/wp\/v2\/posts"}],"about":[{"href":"https:\/\/sven-ove.nu\/index.php?rest_route=\/wp\/v2\/types\/post"}],"author":[{"embeddable":true,"href":"https:\/\/sven-ove.nu\/index.php?rest_route=\/wp\/v2\/users\/1"}],"replies":[{"embeddable":true,"href":"https:\/\/sven-ove.nu\/index.php?rest_route=%2Fwp%2Fv2%2Fcomments&post=27164"}],"version-history":[{"count":9,"href":"https:\/\/sven-ove.nu\/index.php?rest_route=\/wp\/v2\/posts\/27164\/revisions"}],"predecessor-version":[{"id":27175,"href":"https:\/\/sven-ove.nu\/index.php?rest_route=\/wp\/v2\/posts\/27164\/revisions\/27175"}],"wp:attachment":[{"href":"https:\/\/sven-ove.nu\/index.php?rest_route=%2Fwp%2Fv2%2Fmedia&parent=27164"}],"wp:term":[{"taxonomy":"category","embeddable":true,"href":"https:\/\/sven-ove.nu\/index.php?rest_route=%2Fwp%2Fv2%2Fcategories&post=27164"},{"taxonomy":"post_tag","embeddable":true,"href":"https:\/\/sven-ove.nu\/index.php?rest_route=%2Fwp%2Fv2%2Ftags&post=27164"}],"curies":[{"name":"wp","href":"https:\/\/api.w.org\/{rel}","templated":true}]}}