{"id":27228,"date":"2024-11-06T10:10:45","date_gmt":"2024-11-06T09:10:45","guid":{"rendered":"https:\/\/sven-ove.nu\/?p=27228"},"modified":"2024-11-06T14:39:17","modified_gmt":"2024-11-06T13:39:17","slug":"lardomar-i-novemberdiset","status":"publish","type":"post","link":"https:\/\/sven-ove.nu\/?p=27228","title":{"rendered":"L\u00e4rdomar i novemberdiset"},"content":{"rendered":"<div class=\"wp-block-image\">\n<figure class=\"alignright size-thumbnail\"><a href=\"https:\/\/sven-ove.nu\/wp-content\/uploads\/2024\/10\/IMG_1050-3.png\"><img loading=\"lazy\" decoding=\"async\" width=\"150\" height=\"150\" src=\"https:\/\/sven-ove.nu\/wp-content\/uploads\/2024\/10\/IMG_1050-3-150x150.png\" alt=\"\" class=\"wp-image-27146\"\/><\/a><\/figure>\n<\/div>\n\n\n<p class=\"wp-block-paragraph\"><strong>L\u00e4rdom ett: <\/strong>att vara en trevlig och duktig talare r\u00e4cker inte om inneh\u00e5llet \u00e4r tunt.<br><strong>L\u00e4rdom tv\u00e5:<\/strong> det \u00e4r bra om du har en konkret politik och ber\u00e4ttar om den.<br><strong>L\u00e4rdom tre:<\/strong> om folk i glesbygder och forna industriorter \u00e4r missn\u00f6jda med stat och marknadskrafter kan det finnas sk\u00e4l till det.<br><strong>L\u00e4rdom fyra:<\/strong> om folk \u00e4r missn\u00f6jda med integrationspolitiken kan det finnas sk\u00e4l till det.<br><strong>L\u00e4rdom fem: <\/strong>du m\u00e5ste ha ett framtidsprojekt som folk tror p\u00e5.<\/p>\n\n\n\n<p class=\"wp-block-paragraph\">USA-valet? Vem talar om USA-valet?<\/p>\n\n\n\n<p class=\"wp-block-paragraph\">S\u00f6rj inte.<br><a href=\"https:\/\/www.dalademokraten.se\/2024-02-08\/sorj-inte-organisera-AlXR_\/\">Organisera er<\/a>.<\/p>\n\n\n\n<p class=\"wp-block-paragraph\">Tillsammans.<br>\u00d6verallt.<\/p>\n\n\n\n<p class=\"has-light-blue-background-color has-background wp-block-paragraph\"><a href=\"https:\/\/sven-ove.nu\/\">Hem<\/a>&nbsp;|&nbsp;<a href=\"https:\/\/sven-ove.nu\/?page_id=170\">Om mig<\/a>&nbsp;|&nbsp;<a href=\"https:\/\/sven-ove.nu\/?page_id=1385\">Skriva &amp; prata<\/a>&nbsp;|&nbsp;<a href=\"https:\/\/sven-ove.nu\/?page_id=100\">Politik<\/a>&nbsp;|&nbsp;<a href=\"https:\/\/sven-ove.nu\/?page_id=102\">L\u00f6pa<\/a>&nbsp;|&nbsp;<a href=\"https:\/\/sven-ove.nu\/?page_id=108\">Viktor Root<\/a>&nbsp;&nbsp;<br><em>Inl\u00e4gg nr 2 408, (c) Sven-Ove Svensson (men dela g\u00e4rna<\/em>).<\/p>\n","protected":false},"excerpt":{"rendered":"<p>L\u00e4rdom ett: att vara en trevlig och duktig talare r\u00e4cker inte om inneh\u00e5llet \u00e4r tunt.L\u00e4rdom tv\u00e5: det \u00e4r bra om du har en konkret politik och ber\u00e4ttar om den.L\u00e4rdom tre: om folk i glesbygder och forna industriorter \u00e4r missn\u00f6jda med stat och marknadskrafter kan det finnas sk\u00e4l till det.L\u00e4rdom fyra: om folk \u00e4r missn\u00f6jda med &hellip; <a href=\"https:\/\/sven-ove.nu\/?p=27228\" class=\"more-link\">Forts\u00e4tt l\u00e4sa <span class=\"screen-reader-text\">L\u00e4rdomar i novemberdiset<\/span><\/a><\/p>\n","protected":false},"author":1,"featured_media":0,"comment_status":"closed","ping_status":"open","sticky":false,"template":"","format":"standard","meta":{"_crdt_document":"","_monsterinsights_skip_tracking":false,"_monsterinsights_sitenote_active":false,"_monsterinsights_sitenote_note":"","_monsterinsights_sitenote_category":0,"footnotes":""},"categories":[9],"tags":[18],"class_list":["post-27228","post","type-post","status-publish","format-standard","hentry","category-politik","tag-lardomar"],"_links":{"self":[{"href":"https:\/\/sven-ove.nu\/index.php?rest_route=\/wp\/v2\/posts\/27228","targetHints":{"allow":["GET"]}}],"collection":[{"href":"https:\/\/sven-ove.nu\/index.php?rest_route=\/wp\/v2\/posts"}],"about":[{"href":"https:\/\/sven-ove.nu\/index.php?rest_route=\/wp\/v2\/types\/post"}],"author":[{"embeddable":true,"href":"https:\/\/sven-ove.nu\/index.php?rest_route=\/wp\/v2\/users\/1"}],"replies":[{"embeddable":true,"href":"https:\/\/sven-ove.nu\/index.php?rest_route=%2Fwp%2Fv2%2Fcomments&post=27228"}],"version-history":[{"count":5,"href":"https:\/\/sven-ove.nu\/index.php?rest_route=\/wp\/v2\/posts\/27228\/revisions"}],"predecessor-version":[{"id":27234,"href":"https:\/\/sven-ove.nu\/index.php?rest_route=\/wp\/v2\/posts\/27228\/revisions\/27234"}],"wp:attachment":[{"href":"https:\/\/sven-ove.nu\/index.php?rest_route=%2Fwp%2Fv2%2Fmedia&parent=27228"}],"wp:term":[{"taxonomy":"category","embeddable":true,"href":"https:\/\/sven-ove.nu\/index.php?rest_route=%2Fwp%2Fv2%2Fcategories&post=27228"},{"taxonomy":"post_tag","embeddable":true,"href":"https:\/\/sven-ove.nu\/index.php?rest_route=%2Fwp%2Fv2%2Ftags&post=27228"}],"curies":[{"name":"wp","href":"https:\/\/api.w.org\/{rel}","templated":true}]}}