{"id":27236,"date":"2024-11-14T04:01:00","date_gmt":"2024-11-14T03:01:00","guid":{"rendered":"https:\/\/sven-ove.nu\/?p=27236"},"modified":"2024-11-14T04:34:50","modified_gmt":"2024-11-14T03:34:50","slug":"mitt-liv-som-panelhona","status":"publish","type":"post","link":"https:\/\/sven-ove.nu\/?p=27236","title":{"rendered":"Mitt liv som panelh\u00f6na"},"content":{"rendered":"\n<figure class=\"wp-block-image size-large\"><a href=\"https:\/\/sven-ove.nu\/wp-content\/uploads\/2024\/11\/IMG_1205.jpeg\"><img loading=\"lazy\" decoding=\"async\" width=\"1024\" height=\"768\" src=\"https:\/\/sven-ove.nu\/wp-content\/uploads\/2024\/11\/IMG_1205-1024x768.jpeg\" alt=\"\" class=\"wp-image-27238\" srcset=\"https:\/\/sven-ove.nu\/wp-content\/uploads\/2024\/11\/IMG_1205-1024x768.jpeg 1024w, https:\/\/sven-ove.nu\/wp-content\/uploads\/2024\/11\/IMG_1205-300x225.jpeg 300w, https:\/\/sven-ove.nu\/wp-content\/uploads\/2024\/11\/IMG_1205-768x576.jpeg 768w, https:\/\/sven-ove.nu\/wp-content\/uploads\/2024\/11\/IMG_1205-1536x1152.jpeg 1536w, https:\/\/sven-ove.nu\/wp-content\/uploads\/2024\/11\/IMG_1205.jpeg 2048w\" sizes=\"auto, (max-width: 1024px) 100vw, 1024px\" \/><\/a><\/figure>\n\n\n\n<p class=\"has-text-align-right wp-block-paragraph\"><em>Foto: Hans Hellstr\u00f6m<\/em><\/p>\n\n\n\n<blockquote class=\"wp-block-quote is-layout-flow wp-block-quote-is-layout-flow\">\n<p class=\"wp-block-paragraph\">H\u00e4romkv\u00e4llen hamnade jag i en panel. Det h\u00e4nder en g\u00e5ng per millennium och jag blir lika f\u00f6rv\u00e5nad varje g\u00e5ng.<\/p>\n<\/blockquote>\n\n\n\n<p class=\"wp-block-paragraph\">Paneler p\u00e5 offentliga m\u00f6ten brukar best\u00e5 av snabbt\u00e4nkt folk, verbala typer med djup sakkunskap. Inte av fladdriga forshagingar som beh\u00f6ver manus till minsta femminuters inl\u00e4gg.<\/p>\n\n\n\n<p class=\"wp-block-paragraph\">F\u00f6rv\u00e5nat uppt\u00e4ckte jag att jag v\u00e5gade beg\u00e4ra ordet flera g\u00e5nger och s\u00e4ga saker som inte alls fanns utprintade p\u00e5 papper. Pl\u00f6tsligt h\u00f6rde jag mig sj\u00e4lv prata of\u00f6rberett om 60-talets enhetsfronter, journalistikens sm\u00f6rg\u00e5sbord, de tre K:na och s\u00e5nt.<\/p>\n\n\n\n<p class=\"wp-block-paragraph\">En del \u00e4r nog lika bra att de inte st\u00e5r p\u00e5 papper efter\u00e5t heller, men det \u00e4r en annan sak.<\/p>\n\n\n\n<p class=\"wp-block-paragraph\"><strong>Vad jag borde ha sagt<\/strong><br>Nu undrar du m\u00f6jligen om jag l\u00e5g halva natten och kom p\u00e5 s\u00e5dant som jag egentligen borde ha sagt i samtalet med den trevliga kvinnan som stod bredvid mig i panelen?<\/p>\n\n\n\n<p class=\"wp-block-paragraph\">Nja, inte halva natten.<br>Bara till halv tv\u00e5.<\/p>\n\n\n\n<p class=\"wp-block-paragraph\">Trivs.<\/p>\n\n\n\n<p class=\"wp-block-paragraph\"><strong><em>Fotnot:<\/em><\/strong><em> m\u00f6tet var arrangerat av Karlstads Bokcaf\u00e9. Nya Wermlands-Tidningens kulturredakt\u00f6r Lena Richardson och jag samtalade om tidsandan mot bakgrund av Mats Parners och Stefan Widqvists bok <a href=\"https:\/\/bokforlaget.com\/produkt\/4221\/\" data-type=\"link\" data-id=\"https:\/\/bokforlaget.com\/produkt\/4221\/\">Brev<\/a>.<\/em><\/p>\n\n\n\n<p class=\"has-dark-gray-color has-text-color has-background has-link-color wp-elements-773e2a1fa61eb4d8136555e492dbccfe wp-block-paragraph\" style=\"background-color:#c9fad9\"><strong>L\u00e4nk till min inledning<\/strong><br><a href=\"https:\/\/sven-ove.nu\/?page_id=27243\" data-type=\"link\" data-id=\"https:\/\/sven-ove.nu\/?page_id=27243\">VI TRODDE P\u00c5 FRAMTIDEN<\/a><\/p>\n\n\n\n<p class=\"has-light-blue-background-color has-background wp-block-paragraph\"><strong>Mina kommande framtr\u00e4danden<\/strong><br><strong>On 27 november 18.30:<\/strong> Gjuteriet, Karlstad.<br><strong>On 6 december 09.30: <\/strong>Gamla Kraftstationen, Deje.<br><br><strong>2025<\/strong><br><strong>S\u00f6ndag 9 mars 11.00:<\/strong> biblioteket Forshaga.<\/p>\n\n\n\n<p class=\"has-light-gray-background-color has-background wp-block-paragraph\"><a href=\"https:\/\/sven-ove.nu\/\">Hem<\/a>&nbsp;|&nbsp;<a href=\"https:\/\/sven-ove.nu\/?page_id=170\">Om mig<\/a>&nbsp;|&nbsp;<a href=\"https:\/\/sven-ove.nu\/?page_id=1385\">Skriva &amp; prata<\/a>&nbsp;|&nbsp;<a href=\"https:\/\/sven-ove.nu\/?page_id=100\">Politik<\/a>&nbsp;|&nbsp;<a href=\"https:\/\/sven-ove.nu\/?page_id=102\">L\u00f6pa<\/a>&nbsp;|&nbsp;<a href=\"https:\/\/sven-ove.nu\/?page_id=108\">Viktor Root<\/a>&nbsp;&nbsp;<br><em>Inl\u00e4gg nr 2 409, (c) Sven-Ove Svensson (men dela g\u00e4rna<\/em>).<\/p>\n\n\n\n<p class=\"wp-block-paragraph\"><\/p>\n","protected":false},"excerpt":{"rendered":"<p>Foto: Hans Hellstr\u00f6m H\u00e4romkv\u00e4llen hamnade jag i en panel. Det h\u00e4nder en g\u00e5ng per millennium och jag blir lika f\u00f6rv\u00e5nad varje g\u00e5ng. Paneler p\u00e5 offentliga m\u00f6ten brukar best\u00e5 av snabbt\u00e4nkt folk, verbala typer med djup sakkunskap. Inte av fladdriga forshagingar som beh\u00f6ver manus till minsta femminuters inl\u00e4gg. F\u00f6rv\u00e5nat uppt\u00e4ckte jag att jag v\u00e5gade beg\u00e4ra ordet &hellip; <a href=\"https:\/\/sven-ove.nu\/?p=27236\" class=\"more-link\">Forts\u00e4tt l\u00e4sa <span class=\"screen-reader-text\">Mitt liv som panelh\u00f6na<\/span><\/a><\/p>\n","protected":false},"author":1,"featured_media":0,"comment_status":"closed","ping_status":"open","sticky":false,"template":"","format":"standard","meta":{"_crdt_document":"","_monsterinsights_skip_tracking":false,"_monsterinsights_sitenote_active":false,"_monsterinsights_sitenote_note":"","_monsterinsights_sitenote_category":0,"footnotes":""},"categories":[28,9,4],"tags":[8,18,14,15,21,17],"class_list":["post-27236","post","type-post","status-publish","format-standard","hentry","category-kreativt-folk","category-politik","category-skrivande","tag-historia","tag-lardomar","tag-lasning","tag-mediedjungeln","tag-ord","tag-solidaritet"],"_links":{"self":[{"href":"https:\/\/sven-ove.nu\/index.php?rest_route=\/wp\/v2\/posts\/27236","targetHints":{"allow":["GET"]}}],"collection":[{"href":"https:\/\/sven-ove.nu\/index.php?rest_route=\/wp\/v2\/posts"}],"about":[{"href":"https:\/\/sven-ove.nu\/index.php?rest_route=\/wp\/v2\/types\/post"}],"author":[{"embeddable":true,"href":"https:\/\/sven-ove.nu\/index.php?rest_route=\/wp\/v2\/users\/1"}],"replies":[{"embeddable":true,"href":"https:\/\/sven-ove.nu\/index.php?rest_route=%2Fwp%2Fv2%2Fcomments&post=27236"}],"version-history":[{"count":10,"href":"https:\/\/sven-ove.nu\/index.php?rest_route=\/wp\/v2\/posts\/27236\/revisions"}],"predecessor-version":[{"id":27259,"href":"https:\/\/sven-ove.nu\/index.php?rest_route=\/wp\/v2\/posts\/27236\/revisions\/27259"}],"wp:attachment":[{"href":"https:\/\/sven-ove.nu\/index.php?rest_route=%2Fwp%2Fv2%2Fmedia&parent=27236"}],"wp:term":[{"taxonomy":"category","embeddable":true,"href":"https:\/\/sven-ove.nu\/index.php?rest_route=%2Fwp%2Fv2%2Fcategories&post=27236"},{"taxonomy":"post_tag","embeddable":true,"href":"https:\/\/sven-ove.nu\/index.php?rest_route=%2Fwp%2Fv2%2Ftags&post=27236"}],"curies":[{"name":"wp","href":"https:\/\/api.w.org\/{rel}","templated":true}]}}