{"id":27298,"date":"2024-11-20T14:15:19","date_gmt":"2024-11-20T13:15:19","guid":{"rendered":"https:\/\/sven-ove.nu\/?p=27298"},"modified":"2024-11-28T15:36:18","modified_gmt":"2024-11-28T14:36:18","slug":"radda-gjuteriet","status":"publish","type":"post","link":"https:\/\/sven-ove.nu\/?p=27298","title":{"rendered":"R\u00e4dda Gjuteriet!"},"content":{"rendered":"\n<p class=\"wp-block-paragraph\">Gjuteriet i Karlstad \u00e4r ett litteraturens och kulturens hus. Det \u00e4r en fantastiskt bred, fin och viktig verksamhet som bedrivs d\u00e4r. Nu \u00e4r den hotad.<\/p>\n\n\n\n<p class=\"wp-block-paragraph\">Karlstads kommun och Region V\u00e4rmland b\u00f6r vara stolta \u00f6ver den levande kulturen d\u00e4r och hj\u00e4lpa till med att bevara b\u00e5de huset och verksamheten.<\/p>\n\n\n\n<p class=\"wp-block-paragraph\">Vecka 48 visar Gjuteriet upp sin verksamhet. Jag \u00e4r glad \u00f6ver att f\u00e5 bli inbjuden som en av m\u00e5nga som deltar under veckan.<\/p>\n\n\n\n<figure class=\"wp-block-image size-large\"><a href=\"https:\/\/sven-ove.nu\/wp-content\/uploads\/2024\/11\/Sven-Ove-pa-Gjuteriet.jpg\"><img loading=\"lazy\" decoding=\"async\" width=\"724\" height=\"1024\" src=\"https:\/\/sven-ove.nu\/wp-content\/uploads\/2024\/11\/Sven-Ove-pa-Gjuteriet-724x1024.jpg\" alt=\"\" class=\"wp-image-27311\" srcset=\"https:\/\/sven-ove.nu\/wp-content\/uploads\/2024\/11\/Sven-Ove-pa-Gjuteriet-724x1024.jpg 724w, https:\/\/sven-ove.nu\/wp-content\/uploads\/2024\/11\/Sven-Ove-pa-Gjuteriet-212x300.jpg 212w, https:\/\/sven-ove.nu\/wp-content\/uploads\/2024\/11\/Sven-Ove-pa-Gjuteriet-768x1086.jpg 768w, https:\/\/sven-ove.nu\/wp-content\/uploads\/2024\/11\/Sven-Ove-pa-Gjuteriet-1087x1536.jpg 1087w, https:\/\/sven-ove.nu\/wp-content\/uploads\/2024\/11\/Sven-Ove-pa-Gjuteriet.jpg 1240w\" sizes=\"auto, (max-width: 724px) 100vw, 724px\" \/><\/a><\/figure>\n\n\n\n<p class=\"has-light-blue-background-color has-background wp-block-paragraph\"><strong>Mina kommande framtr\u00e4danden<\/strong><br>-Onsdag 27 november kl 18.30: F\u00f6reningen V\u00e4rmlandslitteratur, Caf\u00e9 Gjuteriet, Karlstad.<br>-Onsdag 6 december kl 09.30: Gamla Kraftstationen, Deje.<br><br><strong>2025<\/strong><br>-S\u00f6ndag 9 mars kl 11.00: biblioteket i Forshaga.<\/p>\n\n\n\n<p class=\"has-light-gray-background-color has-background wp-block-paragraph\"><a href=\"https:\/\/sven-ove.nu\/\">Hem<\/a>&nbsp;|&nbsp;<a href=\"https:\/\/sven-ove.nu\/?page_id=170\">Om mig<\/a>&nbsp;|&nbsp;<a href=\"https:\/\/sven-ove.nu\/?page_id=1385\">Skriva &amp; prata<\/a>&nbsp;|&nbsp;<a href=\"https:\/\/sven-ove.nu\/?page_id=100\">Politik<\/a>&nbsp;|&nbsp;<a href=\"https:\/\/sven-ove.nu\/?page_id=102\">L\u00f6pa<\/a>&nbsp;|&nbsp;<a href=\"https:\/\/sven-ove.nu\/?page_id=108\">Viktor Root<\/a>&nbsp;&nbsp;<br><em>Inl\u00e4gg nr 2 412, (c) Sven-Ove Svensson (men dela g\u00e4rna<\/em>).<\/p>\n","protected":false},"excerpt":{"rendered":"<p>Gjuteriet i Karlstad \u00e4r ett litteraturens och kulturens hus. Det \u00e4r en fantastiskt bred, fin och viktig verksamhet som bedrivs d\u00e4r. Nu \u00e4r den hotad. Karlstads kommun och Region V\u00e4rmland b\u00f6r vara stolta \u00f6ver den levande kulturen d\u00e4r och hj\u00e4lpa till med att bevara b\u00e5de huset och verksamheten. Vecka 48 visar Gjuteriet upp sin verksamhet. &hellip; <a href=\"https:\/\/sven-ove.nu\/?p=27298\" class=\"more-link\">Forts\u00e4tt l\u00e4sa <span class=\"screen-reader-text\">R\u00e4dda Gjuteriet!<\/span><\/a><\/p>\n","protected":false},"author":1,"featured_media":0,"comment_status":"closed","ping_status":"open","sticky":false,"template":"","format":"standard","meta":{"_crdt_document":"","_monsterinsights_skip_tracking":false,"_monsterinsights_sitenote_active":false,"_monsterinsights_sitenote_note":"","_monsterinsights_sitenote_category":0,"footnotes":""},"categories":[28,9,4],"tags":[24,14,21],"class_list":["post-27298","post","type-post","status-publish","format-standard","hentry","category-kreativt-folk","category-politik","category-skrivande","tag-karlek","tag-lasning","tag-ord"],"_links":{"self":[{"href":"https:\/\/sven-ove.nu\/index.php?rest_route=\/wp\/v2\/posts\/27298","targetHints":{"allow":["GET"]}}],"collection":[{"href":"https:\/\/sven-ove.nu\/index.php?rest_route=\/wp\/v2\/posts"}],"about":[{"href":"https:\/\/sven-ove.nu\/index.php?rest_route=\/wp\/v2\/types\/post"}],"author":[{"embeddable":true,"href":"https:\/\/sven-ove.nu\/index.php?rest_route=\/wp\/v2\/users\/1"}],"replies":[{"embeddable":true,"href":"https:\/\/sven-ove.nu\/index.php?rest_route=%2Fwp%2Fv2%2Fcomments&post=27298"}],"version-history":[{"count":10,"href":"https:\/\/sven-ove.nu\/index.php?rest_route=\/wp\/v2\/posts\/27298\/revisions"}],"predecessor-version":[{"id":27312,"href":"https:\/\/sven-ove.nu\/index.php?rest_route=\/wp\/v2\/posts\/27298\/revisions\/27312"}],"wp:attachment":[{"href":"https:\/\/sven-ove.nu\/index.php?rest_route=%2Fwp%2Fv2%2Fmedia&parent=27298"}],"wp:term":[{"taxonomy":"category","embeddable":true,"href":"https:\/\/sven-ove.nu\/index.php?rest_route=%2Fwp%2Fv2%2Fcategories&post=27298"},{"taxonomy":"post_tag","embeddable":true,"href":"https:\/\/sven-ove.nu\/index.php?rest_route=%2Fwp%2Fv2%2Ftags&post=27298"}],"curies":[{"name":"wp","href":"https:\/\/api.w.org\/{rel}","templated":true}]}}