{"id":27313,"date":"2024-11-30T04:33:00","date_gmt":"2024-11-30T03:33:00","guid":{"rendered":"https:\/\/sven-ove.nu\/?p=27313"},"modified":"2024-11-29T18:56:25","modified_gmt":"2024-11-29T17:56:25","slug":"det-basta-psykologtestet-stod-evert-for","status":"publish","type":"post","link":"https:\/\/sven-ove.nu\/?p=27313","title":{"rendered":"Det b\u00e4sta psykologtestet stod Evert f\u00f6r"},"content":{"rendered":"\n<figure class=\"wp-block-image size-large\"><a href=\"https:\/\/sven-ove.nu\/wp-content\/uploads\/2024\/11\/Vid-forstakapan.jpg\"><img loading=\"lazy\" decoding=\"async\" width=\"1024\" height=\"790\" src=\"https:\/\/sven-ove.nu\/wp-content\/uploads\/2024\/11\/Vid-forstakapan-1024x790.jpg\" alt=\"\" class=\"wp-image-27314\" srcset=\"https:\/\/sven-ove.nu\/wp-content\/uploads\/2024\/11\/Vid-forstakapan-1024x790.jpg 1024w, https:\/\/sven-ove.nu\/wp-content\/uploads\/2024\/11\/Vid-forstakapan-300x231.jpg 300w, https:\/\/sven-ove.nu\/wp-content\/uploads\/2024\/11\/Vid-forstakapan-768x592.jpg 768w, https:\/\/sven-ove.nu\/wp-content\/uploads\/2024\/11\/Vid-forstakapan-1536x1185.jpg 1536w, https:\/\/sven-ove.nu\/wp-content\/uploads\/2024\/11\/Vid-forstakapan.jpg 1587w\" sizes=\"auto, (max-width: 1024px) 100vw, 1024px\" \/><\/a><\/figure>\n\n\n\n<blockquote class=\"wp-block-quote is-layout-flow wp-block-quote-is-layout-flow\">\n<p class=\"wp-block-paragraph\">Det dr\u00f6jde l\u00e4nge innan jag f\u00f6rstod att det var ett psykologtest han genomf\u00f6rde den d\u00e4r morgonen p\u00e5 Molkoms Bruk i b\u00f6rjan av maj 1968, Evert.<\/p>\n<\/blockquote>\n\n\n\n<p class=\"wp-block-paragraph\">Jod\u00e5, jag har g\u00e5tt igenom psykologiska tester i arbetslivet efter det. En g\u00e5ng tyckte vd:n p\u00e5 firman d\u00e4r jag jobbade att det beh\u00f6vdes en informat\u00f6r i ledningsgruppen. Fast d\u00e5 m\u00e5ste vi g\u00f6ra chef av Svensson. Hmmm, duger han till det?<\/p>\n\n\n\n<p class=\"wp-block-paragraph\">Konsult inkallades och jag fick fylla i formul\u00e4r efter formul\u00e4r. Det gick n\u00e5gorlunda, \u00e4ven om jag hade vissa brister. Dock d\u00f6g jag som mellanchef, kom in i ledningsgruppen och d\u00e4r skrev jag sedan utf\u00f6rliga m\u00f6tesanteckningar varje vecka. Samtidigt bidrog jag ivrigt med inl\u00e4gg om allt m\u00f6jligt s\u00e5dant som jag begrep mig p\u00e5 \u2013 samt s\u00e5dan jag inte begrep mig p\u00e5 &#8211; varvid m\u00f6tena blev drygt en halvtimme l\u00e4ngre \u00e4n de brukat vara.<\/p>\n\n\n\n<p class=\"wp-block-paragraph\">Den saken hade jag kunnat ber\u00e4tta om i f\u00f6rv\u00e4g utan konsult och test.<\/p>\n\n\n\n<p class=\"wp-block-paragraph\"><strong>Bluffen med de fyra f\u00e4rgerna<\/strong><br>En annan g\u00e5ng var det de fyra f\u00e4rgernas p\u00e5st\u00e5dda personligheter vi fick testa i arbetsgruppen. Det var p\u00e5 ett personalm\u00f6te, mer f\u00f6r k\u00e4nnedom \u00e4n som faktiskt anlagstest. Jag trodde inte ett \u00f6gonblick p\u00e5 metoden men best\u00e4mde mig f\u00f6r att svara sanningsenligt och se vart det ledde.<\/p>\n\n\n\n<p class=\"wp-block-paragraph\">Testledaren blev st\u00f6rd n\u00e4r hon fick se resultatet. Min personlighet \u2013 enligt testet \u2013 bestod av lika delar r\u00f6da, gr\u00f6na, gula och bl\u00e5a egenskaper. 25 procent av varje.<\/p>\n\n\n\n<p class=\"wp-block-paragraph\">Det skulle inte g\u00e5.<br>Jag finns inte.<\/p>\n\n\n\n<p class=\"wp-block-paragraph\"><strong>\u201dSaknar vetenskaplig grund\u201d<\/strong><br>En tid senare var jag och lyssnade p\u00e5 ett f\u00f6redrag med Humanisterna och Karlstads Bokcaf\u00e9. \u201dInte mer vetenskapligt \u00e4n horoskop\u201d f\u00f6rklarade talaren Dan Larhammar om metoden. Han var preses, det vill s\u00e4ga ordf\u00f6rande, i Kungliga Vetenskapsakademien och jag trodde honom. Det g\u00f6r jag fortfarande.<\/p>\n\n\n\n<p class=\"wp-block-paragraph\">Metoden saknar vetenskaplig grund, sa Larhammar.<br>&#8211; Den bygger p\u00e5 \u00e5sikter fr\u00e5n 1920-talet som psykologer och andra \u00f6vergett f\u00f6r l\u00e4nge sedan.<\/p>\n\n\n\n<p class=\"wp-block-paragraph\"><strong>Sabbats\u00e5r p\u00e5 g\u00e5rden<\/strong><br>Hur var det d\u00e5 med mitt allra f\u00f6rsta test? Det som br\u00e4dg\u00e5rdsbasen Evert Westlund genomf\u00f6rde en morgon i maj p\u00e5 Molkoms Bruk. Evert var tr\u00e4ffs\u00e4krare, trots att jag inte ens fattade f\u00f6rst att det var ett test.<\/p>\n\n\n\n<p class=\"wp-block-paragraph\">Saken var den att v\u00e5rt sm\u00e5jordbruk var bortrationaliserat och pappa hade f\u00e5tt jobb p\u00e5 s\u00e5gen i Molkom. Sj\u00e4lv hade jag tagit ett sabbats\u00e5r fr\u00e5n Sundstagymnasiet och jobbat hemma p\u00e5 g\u00e5rden. R\u00f6jt sly, huggit ved, mockat h\u00f6ns- och koskit och s\u00e5 sm\u00e5ningom hj\u00e4lpt till med avvecklingen av g\u00e5rden.<\/p>\n\n\n\n<p class=\"wp-block-paragraph\"><strong>Everts stora test<\/strong><br>I maj var vi klara med det och jag f\u00f6ljde med pappa Sture till jobbet en morgon. Du ska g\u00e5 och prata med Evert, sa pappa. Det samma gjorde alla som inte hade n\u00e5gra fasta arbetsst\u00e4llen att g\u00e5 till den morgonen. Jag f\u00f6ljde med dem.<\/p>\n\n\n\n<p class=\"wp-block-paragraph\">N\u00e4r alla hade f\u00e5tt sina uppgifter av basen tittade han p\u00e5 mig.<br>&#8211; Jaha, \u00e5 vem \u00e4 du?<br>&#8211; P\u00f4jken \u00f4t Sture.<br>&#8211; Jaha. Va vill du?<br>&#8211; Arbete.<br>&#8211; Kan du arbete d\u00e5?<br>&#8211; Ja\u2019 tror det.<br>&#8211; Bra. Vi f\u00e5r v\u00e4l se.<\/p>\n\n\n\n<p class=\"wp-block-paragraph\">Han pekade p\u00e5 ett stort berg av s\u00e5gsp\u00e5n en bit bort i kanten av br\u00e4dg\u00e5rden.<br>&#8211; Ser du s\u00e5gsp\u00e5ne d\u00e4r?<br>&#8211; Ja.<br>&#8211; Ser du sk\u00f4ttk\u00e4rra \u00e5 sk\u00f4vla d\u00e4r?<br>Ja, jag s\u00e5g skottk\u00e4rran och skoveln ocks\u00e5.<br>&#8211; Bra. D\u00e5 tar du sk\u00f4ttk\u00e4rra \u00e5 sk\u00f4vla \u00e5ss\u00e5 s\u00f4rterer du s\u00e5gsp\u00e5ne i tv\u00e5 lika store h\u00f6ger. Fura f\u00f6r sig. \u00c5 tall f\u00f6r sig.<\/p>\n\n\n\n<p class=\"wp-block-paragraph\">N\u00e4r han sagt det sista tittade han f\u00f6rsiktigt p\u00e5 mig. De andra gubbarna hade inte g\u00e5tt till sina sysslor \u00e4n, de ville h\u00f6ra Everts utfr\u00e5gning av mig. Nu tittade de desto mer ivrigt.<\/p>\n\n\n\n<p class=\"wp-block-paragraph\">Jag skrattade.<br>Jag skrattade precis nog fort \u00e5t Everts v\u00e4nliga sk\u00e4mt. Begrep direkt.<br>&#8211; Bra. Du kan f\u00f6lje med G\u00f6sta till gamle justerverket, sa han. Det fattas en d\u00e4r.<\/p>\n\n\n\n<p class=\"wp-block-paragraph\"><strong>B\u00e5da klarade testet<\/strong><br>Jag hade klarat testet.<br>Det hade samh\u00e4llet ocks\u00e5, ty detta var en tid d\u00e5 du som 17-\u00e5ring kunde traska bort till n\u00e4rmaste st\u00f6rre arbetsgivare och f\u00e5 sommarjobb direkt.<\/p>\n\n\n\n<p class=\"wp-block-paragraph\">Hos Evert kr\u00e4vdes det bara att du begrep ett furusk\u00e4mt.<\/p>\n\n\n\n<p class=\"has-light-blue-background-color has-background wp-block-paragraph\"><strong><em>###<\/em><\/strong><em> H\u00e4r \u00e4r mitt blogginl\u00e4gg om Dan Larhammar och hans betyg p\u00e5 bluffmetoden: <\/em><a href=\"https:\/\/sven-ove.nu\/?p=20008\"><em>Inte mer vetenskapligt \u00e4n horoskop<\/em><\/a><em>. Tyv\u00e4rr \u00e4r l\u00e4nkarna i inl\u00e4gget d\u00f6da, men min text finns kvar.<\/em><\/p>\n","protected":false},"excerpt":{"rendered":"<p>Det dr\u00f6jde l\u00e4nge innan jag f\u00f6rstod att det var ett psykologtest han genomf\u00f6rde den d\u00e4r morgonen p\u00e5 Molkoms Bruk i b\u00f6rjan av maj 1968, Evert. Jod\u00e5, jag har g\u00e5tt igenom psykologiska tester i arbetslivet efter det. En g\u00e5ng tyckte vd:n p\u00e5 firman d\u00e4r jag jobbade att det beh\u00f6vdes en informat\u00f6r i ledningsgruppen. Fast d\u00e5 m\u00e5ste &hellip; <a href=\"https:\/\/sven-ove.nu\/?p=27313\" class=\"more-link\">Forts\u00e4tt l\u00e4sa <span class=\"screen-reader-text\">Det b\u00e4sta psykologtestet stod Evert f\u00f6r<\/span><\/a><\/p>\n","protected":false},"author":1,"featured_media":0,"comment_status":"closed","ping_status":"open","sticky":false,"template":"","format":"standard","meta":{"_crdt_document":"","_monsterinsights_skip_tracking":false,"_monsterinsights_sitenote_active":false,"_monsterinsights_sitenote_note":"","_monsterinsights_sitenote_category":0,"footnotes":""},"categories":[10,28],"tags":[3,8,18],"class_list":["post-27313","post","type-post","status-publish","format-standard","hentry","category-familjen","category-kreativt-folk","tag-arbete","tag-historia","tag-lardomar"],"_links":{"self":[{"href":"https:\/\/sven-ove.nu\/index.php?rest_route=\/wp\/v2\/posts\/27313","targetHints":{"allow":["GET"]}}],"collection":[{"href":"https:\/\/sven-ove.nu\/index.php?rest_route=\/wp\/v2\/posts"}],"about":[{"href":"https:\/\/sven-ove.nu\/index.php?rest_route=\/wp\/v2\/types\/post"}],"author":[{"embeddable":true,"href":"https:\/\/sven-ove.nu\/index.php?rest_route=\/wp\/v2\/users\/1"}],"replies":[{"embeddable":true,"href":"https:\/\/sven-ove.nu\/index.php?rest_route=%2Fwp%2Fv2%2Fcomments&post=27313"}],"version-history":[{"count":8,"href":"https:\/\/sven-ove.nu\/index.php?rest_route=\/wp\/v2\/posts\/27313\/revisions"}],"predecessor-version":[{"id":27322,"href":"https:\/\/sven-ove.nu\/index.php?rest_route=\/wp\/v2\/posts\/27313\/revisions\/27322"}],"wp:attachment":[{"href":"https:\/\/sven-ove.nu\/index.php?rest_route=%2Fwp%2Fv2%2Fmedia&parent=27313"}],"wp:term":[{"taxonomy":"category","embeddable":true,"href":"https:\/\/sven-ove.nu\/index.php?rest_route=%2Fwp%2Fv2%2Fcategories&post=27313"},{"taxonomy":"post_tag","embeddable":true,"href":"https:\/\/sven-ove.nu\/index.php?rest_route=%2Fwp%2Fv2%2Ftags&post=27313"}],"curies":[{"name":"wp","href":"https:\/\/api.w.org\/{rel}","templated":true}]}}