{"id":27333,"date":"2024-12-03T06:05:00","date_gmt":"2024-12-03T05:05:00","guid":{"rendered":"https:\/\/sven-ove.nu\/?p=27333"},"modified":"2024-12-02T11:57:32","modified_gmt":"2024-12-02T10:57:32","slug":"lusten-att-skriva-och-leva","status":"publish","type":"post","link":"https:\/\/sven-ove.nu\/?p=27333","title":{"rendered":"Lusten att skriva, leva &#8211; och t\u00f6la"},"content":{"rendered":"\n<figure class=\"wp-block-image size-large\"><a href=\"https:\/\/sven-ove.nu\/wp-content\/uploads\/2024\/11\/IMG_1267-scaled.jpeg\"><img loading=\"lazy\" decoding=\"async\" width=\"1024\" height=\"1024\" src=\"https:\/\/sven-ove.nu\/wp-content\/uploads\/2024\/11\/IMG_1267-1024x1024.jpeg\" alt=\"\" class=\"wp-image-27280\" srcset=\"https:\/\/sven-ove.nu\/wp-content\/uploads\/2024\/11\/IMG_1267-1024x1024.jpeg 1024w, https:\/\/sven-ove.nu\/wp-content\/uploads\/2024\/11\/IMG_1267-300x300.jpeg 300w, https:\/\/sven-ove.nu\/wp-content\/uploads\/2024\/11\/IMG_1267-150x150.jpeg 150w, https:\/\/sven-ove.nu\/wp-content\/uploads\/2024\/11\/IMG_1267-768x768.jpeg 768w, https:\/\/sven-ove.nu\/wp-content\/uploads\/2024\/11\/IMG_1267-1536x1536.jpeg 1536w, https:\/\/sven-ove.nu\/wp-content\/uploads\/2024\/11\/IMG_1267-2048x2048.jpeg 2048w\" sizes=\"auto, (max-width: 1024px) 100vw, 1024px\" \/><\/a><\/figure>\n\n\n\n<blockquote class=\"wp-block-quote is-layout-flow wp-block-quote-is-layout-flow\">\n<p class=\"wp-block-paragraph\">41 f\u00f6rfattare, 40 texter. Min novell om n\u00e4r jag var \u00e5tta \u00e5r och n\u00e4stan drunknade \u00e4r ett av bidragen.<\/p>\n<\/blockquote>\n\n\n\n<p class=\"wp-block-paragraph\">V\u00e4rml\u00e4ndska F\u00f6rfattars\u00e4llskapet ger ut en jubileumsantologi nu n\u00e4r s\u00e4llskapet fyller 50 \u00e5r. Den heter \u00d6gonblicksbilder &#8211; Leva tillsammans.<\/p>\n\n\n\n<p class=\"wp-block-paragraph\">Boken blir min 28:e antologi. Vi k\u00e4mpar p\u00e5, skrivkl\u00e5dan och jag.<\/p>\n\n\n\n<p class=\"wp-block-paragraph\">Drunkningen? Jo tack, lusten att leva \u00e4r en bra drivkraft n\u00e4r du sjunker g\u00e5ng p\u00e5 g\u00e5ng i det kalla vattnet mellan isflaken och inte kan simma.<\/p>\n\n\n\n<p class=\"has-light-blue-background-color has-background wp-block-paragraph\"><strong><em>###<\/em><\/strong><em> <a href=\"https:\/\/sven-ove.nu\/?page_id=167\" data-type=\"link\" data-id=\"https:\/\/sven-ove.nu\/?page_id=167\">H\u00e4r<\/a> \u00e4r f\u00f6rteckningen \u00f6ver mina antologier och annat skrivet.<\/em><br><strong><em>###<\/em><\/strong><em> M\u00e4nniskan har alltid haft ett behov av att uttrycka sig.<\/em><br><strong><em>###<\/em><\/strong><em> Den h\u00e4r med. P\u00e5 fredag blir det t\u00f6ling.<\/em><\/p>\n\n\n\n<figure class=\"wp-block-image size-full\"><a href=\"https:\/\/sven-ove.nu\/wp-content\/uploads\/2024\/12\/Skarmavbild-2024-12-02-kl.-11.53.49.png\"><img loading=\"lazy\" decoding=\"async\" width=\"778\" height=\"806\" src=\"https:\/\/sven-ove.nu\/wp-content\/uploads\/2024\/12\/Skarmavbild-2024-12-02-kl.-11.53.49.png\" alt=\"\" class=\"wp-image-27339\" srcset=\"https:\/\/sven-ove.nu\/wp-content\/uploads\/2024\/12\/Skarmavbild-2024-12-02-kl.-11.53.49.png 778w, https:\/\/sven-ove.nu\/wp-content\/uploads\/2024\/12\/Skarmavbild-2024-12-02-kl.-11.53.49-290x300.png 290w, https:\/\/sven-ove.nu\/wp-content\/uploads\/2024\/12\/Skarmavbild-2024-12-02-kl.-11.53.49-768x796.png 768w\" sizes=\"auto, (max-width: 778px) 100vw, 778px\" \/><\/a><\/figure>\n","protected":false},"excerpt":{"rendered":"<p>41 f\u00f6rfattare, 40 texter. Min novell om n\u00e4r jag var \u00e5tta \u00e5r och n\u00e4stan drunknade \u00e4r ett av bidragen. V\u00e4rml\u00e4ndska F\u00f6rfattars\u00e4llskapet ger ut en jubileumsantologi nu n\u00e4r s\u00e4llskapet fyller 50 \u00e5r. Den heter \u00d6gonblicksbilder &#8211; Leva tillsammans. Boken blir min 28:e antologi. Vi k\u00e4mpar p\u00e5, skrivkl\u00e5dan och jag. Drunkningen? Jo tack, lusten att leva \u00e4r &hellip; <a href=\"https:\/\/sven-ove.nu\/?p=27333\" class=\"more-link\">Forts\u00e4tt l\u00e4sa <span class=\"screen-reader-text\">Lusten att skriva, leva &#8211; och t\u00f6la<\/span><\/a><\/p>\n","protected":false},"author":1,"featured_media":0,"comment_status":"closed","ping_status":"open","sticky":false,"template":"","format":"standard","meta":{"_crdt_document":"","_monsterinsights_skip_tracking":false,"_monsterinsights_sitenote_active":false,"_monsterinsights_sitenote_note":"","_monsterinsights_sitenote_category":0,"footnotes":""},"categories":[10,28,4],"tags":[3,8,24,14,21],"class_list":["post-27333","post","type-post","status-publish","format-standard","hentry","category-familjen","category-kreativt-folk","category-skrivande","tag-arbete","tag-historia","tag-karlek","tag-lasning","tag-ord"],"_links":{"self":[{"href":"https:\/\/sven-ove.nu\/index.php?rest_route=\/wp\/v2\/posts\/27333","targetHints":{"allow":["GET"]}}],"collection":[{"href":"https:\/\/sven-ove.nu\/index.php?rest_route=\/wp\/v2\/posts"}],"about":[{"href":"https:\/\/sven-ove.nu\/index.php?rest_route=\/wp\/v2\/types\/post"}],"author":[{"embeddable":true,"href":"https:\/\/sven-ove.nu\/index.php?rest_route=\/wp\/v2\/users\/1"}],"replies":[{"embeddable":true,"href":"https:\/\/sven-ove.nu\/index.php?rest_route=%2Fwp%2Fv2%2Fcomments&post=27333"}],"version-history":[{"count":8,"href":"https:\/\/sven-ove.nu\/index.php?rest_route=\/wp\/v2\/posts\/27333\/revisions"}],"predecessor-version":[{"id":27343,"href":"https:\/\/sven-ove.nu\/index.php?rest_route=\/wp\/v2\/posts\/27333\/revisions\/27343"}],"wp:attachment":[{"href":"https:\/\/sven-ove.nu\/index.php?rest_route=%2Fwp%2Fv2%2Fmedia&parent=27333"}],"wp:term":[{"taxonomy":"category","embeddable":true,"href":"https:\/\/sven-ove.nu\/index.php?rest_route=%2Fwp%2Fv2%2Fcategories&post=27333"},{"taxonomy":"post_tag","embeddable":true,"href":"https:\/\/sven-ove.nu\/index.php?rest_route=%2Fwp%2Fv2%2Ftags&post=27333"}],"curies":[{"name":"wp","href":"https:\/\/api.w.org\/{rel}","templated":true}]}}