{"id":27345,"date":"2024-12-07T04:48:00","date_gmt":"2024-12-07T03:48:00","guid":{"rendered":"https:\/\/sven-ove.nu\/?p=27345"},"modified":"2024-12-06T15:00:27","modified_gmt":"2024-12-06T14:00:27","slug":"mitt-liv-som-kaffedrickare-1","status":"publish","type":"post","link":"https:\/\/sven-ove.nu\/?p=27345","title":{"rendered":"Mitt liv som kaffedrickare (1)"},"content":{"rendered":"\n<figure class=\"wp-block-image size-large\"><a href=\"https:\/\/sven-ove.nu\/wp-content\/uploads\/2024\/12\/IMG_1380-scaled.jpeg\"><img loading=\"lazy\" decoding=\"async\" width=\"1024\" height=\"859\" src=\"https:\/\/sven-ove.nu\/wp-content\/uploads\/2024\/12\/IMG_1380-1024x859.jpeg\" alt=\"\" class=\"wp-image-27346\" srcset=\"https:\/\/sven-ove.nu\/wp-content\/uploads\/2024\/12\/IMG_1380-1024x859.jpeg 1024w, https:\/\/sven-ove.nu\/wp-content\/uploads\/2024\/12\/IMG_1380-300x252.jpeg 300w, https:\/\/sven-ove.nu\/wp-content\/uploads\/2024\/12\/IMG_1380-768x645.jpeg 768w, https:\/\/sven-ove.nu\/wp-content\/uploads\/2024\/12\/IMG_1380-1536x1289.jpeg 1536w, https:\/\/sven-ove.nu\/wp-content\/uploads\/2024\/12\/IMG_1380-2048x1719.jpeg 2048w\" sizes=\"auto, (max-width: 1024px) 100vw, 1024px\" \/><\/a><\/figure>\n\n\n\n<p class=\"has-text-align-right wp-block-paragraph\"><em>&#8211; Tommy eller Elvis?!!!<\/em><\/p>\n\n\n\n<blockquote class=\"wp-block-quote is-layout-flow wp-block-quote-is-layout-flow\">\n<p class=\"wp-block-paragraph\">Jag brukar ha ett grundmanus n\u00e4r jag ska upptr\u00e4da. Det ska alltid vara skrivet i 15 punkters grad, vilket \u00e4r stort. D\u00e5 kan jag l\u00e4gga papperet i fr\u00e5n mig p\u00e5 ett bord ibland och \u00e4nd\u00e5 se att l\u00e4sa.<\/p>\n<\/blockquote>\n\n\n\n<p class=\"wp-block-paragraph\">Sedan sp\u00e5nar jag f\u00f6rst\u00e5s utifr\u00e5n texten men det utskrivna manuset \u00e4r utg\u00e5ngspunkten.<\/p>\n\n\n\n<p class=\"wp-block-paragraph\">H\u00e4r, som en miniserie, kommer mitt kaffeprat vid Gamla Kraftstationen (konsthall, caf\u00e9 mm) i Deje i g\u00e5r. Bara manuset, inte infallen.<\/p>\n\n\n\n<p class=\"wp-block-paragraph\">Programmet var varvat. Kraftstationens verksamhetsledare Linn S\u00f6nsteb\u00f6 Mossberg ber\u00e4ttade om h\u00f6stens kaffekonst och om Dejeforsf\u00f6tter och andra bakverk medan lokalhistorikerna Staffan Fridh &amp; Lars Karlberg visade bilder p\u00e5 gamla konditorier och caf\u00e9er i Deje.<\/p>\n\n\n\n<p class=\"wp-block-paragraph\">Nu b\u00f6rjar mitt prat:<\/p>\n\n\n\n<p class=\"wp-block-paragraph\"><strong>1.<\/strong><br>Hej, jag t\u00e4nkte ta er med p\u00e5 n\u00e5gra fikastunder i mitt liv.<\/p>\n\n\n\n<p class=\"wp-block-paragraph\">Kaffe \u00e4r barndom f\u00f6r mig.<\/p>\n\n\n\n<p class=\"wp-block-paragraph\">Det \u00e4r <strong>doften<\/strong> av kaffe. Moster M\u00e4rtas kaffekvarn i Bofasterud. Den doften kan jag k\u00e4nna \u00e4n.<\/p>\n\n\n\n<p class=\"wp-block-paragraph\">Det \u00e4r <strong>ljudet<\/strong> av ett f\u00f6rsiktigt s\u00f6rpel i k\u00f6ket p\u00e5 Almar, n\u00e4r farmor Gerda drack kaffe p\u00e5 bit. Tre fingrar.<\/p>\n\n\n\n<p class=\"wp-block-paragraph\">Det \u00e4r <strong>smaken<\/strong> av en egen kopp med socker och mycket gr\u00e4dde. Jag var sju \u00e5r n\u00e4r jag b\u00f6rjade. Man b\u00f6rjade tidigt med kaffet p\u00e5 svensk landsbygd i b\u00f6rjan av 1960-talet. Vi var inte riktigt vuxna, men vi var inte ungdomar heller. Den kulturen hade inte kommit \u00e4n.<\/p>\n\n\n\n<p class=\"wp-block-paragraph\">Mig n\u00e5r ungdomskulturen samtidigt som mitt livs f\u00f6rsta folkomr\u00f6stning intr\u00e4ffar. Det \u00e4r p\u00e5 skolg\u00e5rden i gamla F\u00e4rjestadskolan. En av dom f\u00f6rsta dagarna p\u00e5 h\u00f6stterminen 1958. Pl\u00f6tsligt st\u00e5r det en stor stark tredjeklassare och hugger tag i kragen p\u00e5 mig med b\u00e5da h\u00e4nderna:<br>&#8211; Tommy eller Elvis?<\/p>\n\n\n\n<p class=\"wp-block-paragraph\">Jag \u00e4r sju \u00e5r och har ingen aning om vem n\u00e5n av dom \u00e4r. Tommy Steel? Elvis Presley? Aldrig h\u00f6rt. Bor dom i Grava socken dom? I Sk\u00e5re kanske, p\u00e5 andre sidan \u00e4lva\u2019?<br>&#8211; Tommy\u201d s\u00e4ger jag blygt. <br>Det \u00e4r fel, tycker gr\u00e5skalingen p\u00e5 skolg\u00e5rden och det tycker jag med i dag. Tommy \u00e4r en mes.<\/p>\n\n\n\n<p class=\"wp-block-paragraph\">Fr\u00e5gan jag f\u00e5r &#8211; den fr\u00e5gan st\u00e4lls p\u00e5 skolg\u00e5rdar \u00f6ver hela Sverige h\u00f6sten 58.<br>Det vet jag inte heller.<br>Men kaffe dricker jag.<\/p>\n\n\n\n<p class=\"wp-block-paragraph\"><strong>2.<\/strong><br>Tre \u00e5r tidigare, i januari 1955 n\u00e4r jag \u00e4r fyra \u00e5r, kostar ett halvt kilo kokkaffe 7 kronor.<br><br>Vet ni hur mycket 7 kronor 1955 motsvarar i dagens penningv\u00e4rde?<br>Svar: 128 kronor.<\/p>\n\n\n\n<p class=\"wp-block-paragraph\">Vet ni vad ett halvt kilo kokkaffe kostade i november i \u00e5r?<br>Svar: 66 kronor och 61 \u00f6re.<\/p>\n\n\n\n<p class=\"wp-block-paragraph\"><em>Forts\u00e4ttning f\u00f6ljer.<\/em><\/p>\n\n\n\n<p class=\"has-light-blue-background-color has-background wp-block-paragraph\"><a href=\"https:\/\/sven-ove.nu\/\">Hem<\/a>&nbsp;|&nbsp;<a href=\"https:\/\/sven-ove.nu\/?page_id=170\">Om mig<\/a>&nbsp;|&nbsp;<a href=\"https:\/\/sven-ove.nu\/?page_id=1385\">Skriva &amp; prata<\/a>&nbsp;|&nbsp;<a href=\"https:\/\/sven-ove.nu\/?page_id=100\">Politik<\/a>&nbsp;|&nbsp;<a href=\"https:\/\/sven-ove.nu\/?page_id=102\">L\u00f6pa<\/a>&nbsp;|&nbsp;<a href=\"https:\/\/sven-ove.nu\/?page_id=108\">Viktor Root<\/a>&nbsp;&nbsp;<br><em>Inl\u00e4gg nr 2 416, (c) Sven-Ove Svensson (men dela g\u00e4rna<\/em>).<\/p>\n","protected":false},"excerpt":{"rendered":"<p>&#8211; Tommy eller Elvis?!!! Jag brukar ha ett grundmanus n\u00e4r jag ska upptr\u00e4da. Det ska alltid vara skrivet i 15 punkters grad, vilket \u00e4r stort. D\u00e5 kan jag l\u00e4gga papperet i fr\u00e5n mig p\u00e5 ett bord ibland och \u00e4nd\u00e5 se att l\u00e4sa. Sedan sp\u00e5nar jag f\u00f6rst\u00e5s utifr\u00e5n texten men det utskrivna manuset \u00e4r utg\u00e5ngspunkten. H\u00e4r, &hellip; <a href=\"https:\/\/sven-ove.nu\/?p=27345\" class=\"more-link\">Forts\u00e4tt l\u00e4sa <span class=\"screen-reader-text\">Mitt liv som kaffedrickare (1)<\/span><\/a><\/p>\n","protected":false},"author":1,"featured_media":0,"comment_status":"closed","ping_status":"open","sticky":false,"template":"","format":"standard","meta":{"_crdt_document":"","_monsterinsights_skip_tracking":false,"_monsterinsights_sitenote_active":false,"_monsterinsights_sitenote_note":"","_monsterinsights_sitenote_category":0,"footnotes":""},"categories":[10,28,4],"tags":[8,18],"class_list":["post-27345","post","type-post","status-publish","format-standard","hentry","category-familjen","category-kreativt-folk","category-skrivande","tag-historia","tag-lardomar"],"_links":{"self":[{"href":"https:\/\/sven-ove.nu\/index.php?rest_route=\/wp\/v2\/posts\/27345","targetHints":{"allow":["GET"]}}],"collection":[{"href":"https:\/\/sven-ove.nu\/index.php?rest_route=\/wp\/v2\/posts"}],"about":[{"href":"https:\/\/sven-ove.nu\/index.php?rest_route=\/wp\/v2\/types\/post"}],"author":[{"embeddable":true,"href":"https:\/\/sven-ove.nu\/index.php?rest_route=\/wp\/v2\/users\/1"}],"replies":[{"embeddable":true,"href":"https:\/\/sven-ove.nu\/index.php?rest_route=%2Fwp%2Fv2%2Fcomments&post=27345"}],"version-history":[{"count":3,"href":"https:\/\/sven-ove.nu\/index.php?rest_route=\/wp\/v2\/posts\/27345\/revisions"}],"predecessor-version":[{"id":27349,"href":"https:\/\/sven-ove.nu\/index.php?rest_route=\/wp\/v2\/posts\/27345\/revisions\/27349"}],"wp:attachment":[{"href":"https:\/\/sven-ove.nu\/index.php?rest_route=%2Fwp%2Fv2%2Fmedia&parent=27345"}],"wp:term":[{"taxonomy":"category","embeddable":true,"href":"https:\/\/sven-ove.nu\/index.php?rest_route=%2Fwp%2Fv2%2Fcategories&post=27345"},{"taxonomy":"post_tag","embeddable":true,"href":"https:\/\/sven-ove.nu\/index.php?rest_route=%2Fwp%2Fv2%2Ftags&post=27345"}],"curies":[{"name":"wp","href":"https:\/\/api.w.org\/{rel}","templated":true}]}}