{"id":2735,"date":"2012-08-01T04:00:25","date_gmt":"2012-08-01T03:00:25","guid":{"rendered":"http:\/\/sven-ove.nu\/?p=2735"},"modified":"2012-07-20T17:36:35","modified_gmt":"2012-07-20T16:36:35","slug":"en-dag-for-jag-till-amal","status":"publish","type":"post","link":"https:\/\/sven-ove.nu\/?p=2735","title":{"rendered":"En dag for vi till \u00c5m\u00e5l"},"content":{"rendered":"<p>&#8230; d\u00e4r var det skylts\u00f6ndag. Alla var s\u00e5 glada.<\/p>\n<p><a href=\"https:\/\/sven-ove.nu\/wp-content\/uploads\/2012\/07\/Ljus-i-tunneln.jpg\"><img loading=\"lazy\" decoding=\"async\" class=\"alignleft size-medium wp-image-2736\" title=\"Ljus i tunneln\" src=\"https:\/\/sven-ove.nu\/wp-content\/uploads\/2012\/07\/Ljus-i-tunneln-300x179.jpg\" alt=\"\" width=\"300\" height=\"179\" srcset=\"https:\/\/sven-ove.nu\/wp-content\/uploads\/2012\/07\/Ljus-i-tunneln-300x179.jpg 300w, https:\/\/sven-ove.nu\/wp-content\/uploads\/2012\/07\/Ljus-i-tunneln-1024x613.jpg 1024w\" sizes=\"auto, (max-width: 300px) 100vw, 300px\" \/><\/a><\/p>\n<p><a href=\"https:\/\/sven-ove.nu\/wp-content\/uploads\/2012\/08\/Ja-t\u00e4nk.jpg\"><img loading=\"lazy\" decoding=\"async\" class=\"size-medium wp-image-2743 alignright\" title=\"Ja t\u00e4nk\" src=\"https:\/\/sven-ove.nu\/wp-content\/uploads\/2012\/08\/Ja-t\u00e4nk-179x300.jpg\" alt=\"\" width=\"179\" height=\"300\" srcset=\"https:\/\/sven-ove.nu\/wp-content\/uploads\/2012\/08\/Ja-t\u00e4nk-179x300.jpg 179w, https:\/\/sven-ove.nu\/wp-content\/uploads\/2012\/08\/Ja-t\u00e4nk-613x1024.jpg 613w, https:\/\/sven-ove.nu\/wp-content\/uploads\/2012\/08\/Ja-t\u00e4nk.jpg 1552w\" sizes=\"auto, (max-width: 179px) 100vw, 179px\" \/><\/a><\/p>\n<p>&nbsp;<\/p>\n<p>&nbsp;<\/p>\n<p>&nbsp;<\/p>\n<p>&nbsp;<\/p>\n<p>&nbsp;<\/p>\n<p>&nbsp;<\/p>\n<p>&nbsp;<\/p>\n<p><a href=\"https:\/\/sven-ove.nu\/wp-content\/uploads\/2012\/07\/\u00c5m\u00e5l-v\u00e4ntar-t\u00e5g.jpg\"><\/a><a href=\"https:\/\/sven-ove.nu\/wp-content\/uploads\/2012\/07\/\u00c5m\u00e5l-v\u00e4ntar-t\u00e5g1.jpg\"><img loading=\"lazy\" decoding=\"async\" class=\"alignleft size-large wp-image-2738\" title=\"\u00c5m\u00e5l v\u00e4ntar t\u00e5g\" src=\"https:\/\/sven-ove.nu\/wp-content\/uploads\/2012\/07\/\u00c5m\u00e5l-v\u00e4ntar-t\u00e5g1-1024x613.jpg\" alt=\"\" width=\"640\" height=\"383\" srcset=\"https:\/\/sven-ove.nu\/wp-content\/uploads\/2012\/07\/\u00c5m\u00e5l-v\u00e4ntar-t\u00e5g1-1024x613.jpg 1024w, https:\/\/sven-ove.nu\/wp-content\/uploads\/2012\/07\/\u00c5m\u00e5l-v\u00e4ntar-t\u00e5g1-300x179.jpg 300w\" sizes=\"auto, (max-width: 640px) 100vw, 640px\" \/><\/a><\/p>\n","protected":false},"excerpt":{"rendered":"<p>&#8230; d\u00e4r var det skylts\u00f6ndag. Alla var s\u00e5 glada. &nbsp; &nbsp; &nbsp; &nbsp; &nbsp; &nbsp; &nbsp;<\/p>\n","protected":false},"author":1,"featured_media":0,"comment_status":"open","ping_status":"open","sticky":false,"template":"","format":"standard","meta":{"_crdt_document":"","_monsterinsights_skip_tracking":false,"_monsterinsights_sitenote_active":false,"_monsterinsights_sitenote_note":"","_monsterinsights_sitenote_category":0,"footnotes":""},"categories":[4],"tags":[15],"class_list":["post-2735","post","type-post","status-publish","format-standard","hentry","category-skrivande","tag-mediedjungeln"],"_links":{"self":[{"href":"https:\/\/sven-ove.nu\/index.php?rest_route=\/wp\/v2\/posts\/2735","targetHints":{"allow":["GET"]}}],"collection":[{"href":"https:\/\/sven-ove.nu\/index.php?rest_route=\/wp\/v2\/posts"}],"about":[{"href":"https:\/\/sven-ove.nu\/index.php?rest_route=\/wp\/v2\/types\/post"}],"author":[{"embeddable":true,"href":"https:\/\/sven-ove.nu\/index.php?rest_route=\/wp\/v2\/users\/1"}],"replies":[{"embeddable":true,"href":"https:\/\/sven-ove.nu\/index.php?rest_route=%2Fwp%2Fv2%2Fcomments&post=2735"}],"version-history":[{"count":13,"href":"https:\/\/sven-ove.nu\/index.php?rest_route=\/wp\/v2\/posts\/2735\/revisions"}],"predecessor-version":[{"id":2741,"href":"https:\/\/sven-ove.nu\/index.php?rest_route=\/wp\/v2\/posts\/2735\/revisions\/2741"}],"wp:attachment":[{"href":"https:\/\/sven-ove.nu\/index.php?rest_route=%2Fwp%2Fv2%2Fmedia&parent=2735"}],"wp:term":[{"taxonomy":"category","embeddable":true,"href":"https:\/\/sven-ove.nu\/index.php?rest_route=%2Fwp%2Fv2%2Fcategories&post=2735"},{"taxonomy":"post_tag","embeddable":true,"href":"https:\/\/sven-ove.nu\/index.php?rest_route=%2Fwp%2Fv2%2Ftags&post=2735"}],"curies":[{"name":"wp","href":"https:\/\/api.w.org\/{rel}","templated":true}]}}