{"id":27358,"date":"2024-12-09T04:48:00","date_gmt":"2024-12-09T03:48:00","guid":{"rendered":"https:\/\/sven-ove.nu\/?p=27358"},"modified":"2024-12-10T08:58:34","modified_gmt":"2024-12-10T07:58:34","slug":"mitt-liv-som-kaffedrickare-3","status":"publish","type":"post","link":"https:\/\/sven-ove.nu\/?p=27358","title":{"rendered":"Mitt liv som kaffedrickare (3)"},"content":{"rendered":"\n<figure class=\"wp-block-image size-large\"><a href=\"https:\/\/sven-ove.nu\/wp-content\/uploads\/2024\/12\/UP6651-1.jpeg\"><img loading=\"lazy\" decoding=\"async\" width=\"1024\" height=\"728\" src=\"https:\/\/sven-ove.nu\/wp-content\/uploads\/2024\/12\/UP6651-1-1024x728.jpeg\" alt=\"\" class=\"wp-image-27360\" srcset=\"https:\/\/sven-ove.nu\/wp-content\/uploads\/2024\/12\/UP6651-1-1024x728.jpeg 1024w, https:\/\/sven-ove.nu\/wp-content\/uploads\/2024\/12\/UP6651-1-300x213.jpeg 300w, https:\/\/sven-ove.nu\/wp-content\/uploads\/2024\/12\/UP6651-1-768x546.jpeg 768w, https:\/\/sven-ove.nu\/wp-content\/uploads\/2024\/12\/UP6651-1.jpeg 1180w\" sizes=\"auto, (max-width: 1024px) 100vw, 1024px\" \/><\/a><\/figure>\n\n\n\n<blockquote class=\"wp-block-quote is-layout-flow wp-block-quote-is-layout-flow\">\n<p class=\"wp-block-paragraph\">Forts\u00e4ttning p\u00e5 mitt manus fr\u00e5n Gamla Kraftstationen i fredags:<\/p>\n<\/blockquote>\n\n\n\n<p class=\"wp-block-paragraph\"><strong>4.<\/strong><br>Det \u00e4r inte ofta v\u00e5r familj med farmor och farfar ser ut som en bonad, eller ja, som en s\u00e5n d\u00e4r l\u00e5ngsmal tryckt plansch med nationalromantiskt motiv. Folk h\u00e5ller mest till en och en eller tv\u00e5 och tv\u00e5 i lag\u00e5rn eller ute i skogen eller vid vedspisen. Det \u00e4r inte s\u00e5 bonadsm\u00e4ssigt.<\/p>\n\n\n\n<p class=\"wp-block-paragraph\">Men n\u00e4r h\u00f6et ska h\u00e4ssjas, d\u00e5 \u00e4r vi utomhus allihop utom farmor. D\u00e5 blir vi en bonad.<\/p>\n\n\n\n<p class=\"wp-block-paragraph\">F\u00f6rst har pappa och jag slagit. Traktorn \u00e4r ganska ny men sl\u00e5ttermaskinen \u00e4r gammal. Jag f\u00e5r sitta i sitsen och hissa upp balken med knivarna varje g\u00e5ng vi ska v\u00e4nda. Sedan har pappa och v\u00e5r arm\u00e9h\u00e4st Pelle r\u00e4fsat ihop det nyslagna h\u00f6et i str\u00e4ngar.<\/p>\n\n\n\n<p class=\"wp-block-paragraph\">Eter det tar pappa fram spettet och g\u00f6r h\u00e5l till h\u00e4ssjest\u00f6rarna. Drar tr\u00e5den som h\u00f6et ska ligga p\u00e5.<\/p>\n\n\n\n<p class=\"wp-block-paragraph\">Nu blir vi m\u00e5nga p\u00e5 g\u00e4rdet. Solen skiner och h\u00f6et m\u00e5ste upp p\u00e5 tr\u00e5den. Man vet aldrig n\u00e4r det blir regn.<\/p>\n\n\n\n<p class=\"wp-block-paragraph\">Ofta \u00e4r n\u00e5gra sl\u00e4ktingar p\u00e5 bes\u00f6k d\u00e5, s\u00e4rskilt om det \u00e4r en helg. Kanske stockholmsfr\u00e4mmande. F\u00f6r dom \u00e4r v\u00e5r vardag nostalgi.<\/p>\n\n\n\n<p class=\"wp-block-paragraph\">&#8211; Vi hj\u00e4lper g\u00e4rna till och h\u00e4ssjar, s\u00e4ger de. Ni har s\u00e5 roligt h\u00e4r p\u00e5 landet.<\/p>\n\n\n\n<p class=\"wp-block-paragraph\">Efter n\u00e5gon timme kommer farmor med kaffe. Hon har huckle p\u00e5 sig, det har alla kvinnorna. Tv-kannan och br\u00f6dfatet b\u00e4r hon i en korg med rutig duk ovanp\u00e5. F\u00f6rningsduken. Den breder hon ut p\u00e5 marken och vi s\u00e4tter oss intill.<\/p>\n\n\n\n<p class=\"wp-block-paragraph\">Nu &#8211; dricker jag den f\u00f6rsta klunken. Mmmm, g\u00f4tt.<\/p>\n\n\n\n<p class=\"wp-block-paragraph\">H\u00e4r. H\u00e4r p\u00e5 h\u00f6g\u00e4rdet smakar kaffet b\u00e4st. Det smakar aldrig s\u00e5 g\u00f4tt som p\u00e5 ett h\u00f6g\u00e4rde bredvid en nyh\u00e4ssjad h\u00e4ssja. Allihop \u00e4r svettiga, mina sm\u00e5syskon ocks\u00e5, sm\u00f6rg\u00e5sarna \u00e4r f\u00e4rska, osten varm och farmor ber\u00e4ttar hur det var f\u00f6rr.<\/p>\n\n\n\n<p class=\"wp-block-paragraph\">&#8211; F\u00f6rr. D\u00e5 var vi m\u00e5nga n\u00e4r vi skulle h\u00e4nga h\u00f6, s\u00e4ger farmor.<\/p>\n\n\n\n<p class=\"wp-block-paragraph\"><em>Forts\u00e4ttning f\u00f6ljer.<\/em><\/p>\n\n\n\n<p class=\"has-text-align-right has-light-blue-background-color has-background wp-block-paragraph\"><em>Fotot p\u00e5 h\u00f6h\u00e4ssjningen \u00e4r h\u00e4mtat fr\u00e5n Upplandsmuseet. Riktigt s\u00e5 l\u00e4nge sedan var det inte som vi h\u00e4ngde h\u00f6 hemmavid. <\/em><br><em>L\u00e4nk:&nbsp; <\/em><a href=\"https:\/\/digitaltmuseum.se\/0210111636212\/hobargning-uppsala\"><em>https:\/\/digitaltmuseum.se\/0210111636212\/hobargning-uppsala<\/em><\/a><\/p>\n\n\n\n<p class=\"has-background wp-block-paragraph\" style=\"background-color:#cde9aa\"><a href=\"https:\/\/sven-ove.nu\/\">Hem<\/a>\u00a0|\u00a0<a href=\"https:\/\/sven-ove.nu\/?page_id=170\">Om mig<\/a>\u00a0|\u00a0<a href=\"https:\/\/sven-ove.nu\/?page_id=1385\">Skriva &amp; prata<\/a>\u00a0|\u00a0<a href=\"https:\/\/sven-ove.nu\/?page_id=100\">Politik<\/a>\u00a0|\u00a0<a href=\"https:\/\/sven-ove.nu\/?page_id=102\">L\u00f6pa<\/a>\u00a0|\u00a0<a href=\"https:\/\/sven-ove.nu\/?page_id=108\">Viktor Root<\/a>\u00a0\u00a0<br><em>Inl\u00e4gg nr 2 418, (c) Sven-Ove Svensson (men dela g\u00e4rna<\/em>).<\/p>\n","protected":false},"excerpt":{"rendered":"<p>Forts\u00e4ttning p\u00e5 mitt manus fr\u00e5n Gamla Kraftstationen i fredags: 4.Det \u00e4r inte ofta v\u00e5r familj med farmor och farfar ser ut som en bonad, eller ja, som en s\u00e5n d\u00e4r l\u00e5ngsmal tryckt plansch med nationalromantiskt motiv. Folk h\u00e5ller mest till en och en eller tv\u00e5 och tv\u00e5 i lag\u00e5rn eller ute i skogen eller vid &hellip; <a href=\"https:\/\/sven-ove.nu\/?p=27358\" class=\"more-link\">Forts\u00e4tt l\u00e4sa <span class=\"screen-reader-text\">Mitt liv som kaffedrickare (3)<\/span><\/a><\/p>\n","protected":false},"author":1,"featured_media":0,"comment_status":"closed","ping_status":"open","sticky":false,"template":"","format":"standard","meta":{"_crdt_document":"","_monsterinsights_skip_tracking":false,"_monsterinsights_sitenote_active":false,"_monsterinsights_sitenote_note":"","_monsterinsights_sitenote_category":0,"footnotes":""},"categories":[10,6],"tags":[3,8,24],"class_list":["post-27358","post","type-post","status-publish","format-standard","hentry","category-familjen","category-natur","tag-arbete","tag-historia","tag-karlek"],"_links":{"self":[{"href":"https:\/\/sven-ove.nu\/index.php?rest_route=\/wp\/v2\/posts\/27358","targetHints":{"allow":["GET"]}}],"collection":[{"href":"https:\/\/sven-ove.nu\/index.php?rest_route=\/wp\/v2\/posts"}],"about":[{"href":"https:\/\/sven-ove.nu\/index.php?rest_route=\/wp\/v2\/types\/post"}],"author":[{"embeddable":true,"href":"https:\/\/sven-ove.nu\/index.php?rest_route=\/wp\/v2\/users\/1"}],"replies":[{"embeddable":true,"href":"https:\/\/sven-ove.nu\/index.php?rest_route=%2Fwp%2Fv2%2Fcomments&post=27358"}],"version-history":[{"count":6,"href":"https:\/\/sven-ove.nu\/index.php?rest_route=\/wp\/v2\/posts\/27358\/revisions"}],"predecessor-version":[{"id":27409,"href":"https:\/\/sven-ove.nu\/index.php?rest_route=\/wp\/v2\/posts\/27358\/revisions\/27409"}],"wp:attachment":[{"href":"https:\/\/sven-ove.nu\/index.php?rest_route=%2Fwp%2Fv2%2Fmedia&parent=27358"}],"wp:term":[{"taxonomy":"category","embeddable":true,"href":"https:\/\/sven-ove.nu\/index.php?rest_route=%2Fwp%2Fv2%2Fcategories&post=27358"},{"taxonomy":"post_tag","embeddable":true,"href":"https:\/\/sven-ove.nu\/index.php?rest_route=%2Fwp%2Fv2%2Ftags&post=27358"}],"curies":[{"name":"wp","href":"https:\/\/api.w.org\/{rel}","templated":true}]}}