{"id":27371,"date":"2024-12-11T04:01:00","date_gmt":"2024-12-11T03:01:00","guid":{"rendered":"https:\/\/sven-ove.nu\/?p=27371"},"modified":"2024-12-09T07:32:56","modified_gmt":"2024-12-09T06:32:56","slug":"11-dec-mitt-liv-som-kaffedrickare-5","status":"publish","type":"post","link":"https:\/\/sven-ove.nu\/?p=27371","title":{"rendered":"Mitt liv som kaffedrickare (5)"},"content":{"rendered":"\n<figure class=\"wp-block-image size-full\"><a href=\"https:\/\/sven-ove.nu\/wp-content\/uploads\/2024\/12\/Skarmavbild-2024-12-07-kl.-12.42.39.png\"><img loading=\"lazy\" decoding=\"async\" width=\"718\" height=\"678\" src=\"https:\/\/sven-ove.nu\/wp-content\/uploads\/2024\/12\/Skarmavbild-2024-12-07-kl.-12.42.39.png\" alt=\"\" class=\"wp-image-27372\" srcset=\"https:\/\/sven-ove.nu\/wp-content\/uploads\/2024\/12\/Skarmavbild-2024-12-07-kl.-12.42.39.png 718w, https:\/\/sven-ove.nu\/wp-content\/uploads\/2024\/12\/Skarmavbild-2024-12-07-kl.-12.42.39-300x283.png 300w\" sizes=\"auto, (max-width: 718px) 100vw, 718px\" \/><\/a><\/figure>\n\n\n\n<p class=\"has-text-align-right wp-block-paragraph\"><em>Tjejlatte?<\/em><\/p>\n\n\n\n<blockquote class=\"wp-block-quote is-layout-flow wp-block-quote-is-layout-flow\">\n<p class=\"wp-block-paragraph\">Forts\u00e4ttning p\u00e5 mitt manus fr\u00e5n Gamla Kraftstationen i fredags:<\/p>\n<\/blockquote>\n\n\n\n<p class=\"wp-block-paragraph\"><strong>6.<\/strong><br>N\u00e5gra \u00e5r jobbar jag p\u00e5 SOS-centralen. Den arbetsplatsen, precis som m\u00e5nga redaktioner, drivs p\u00e5 kaffe. S\u00e4rskilt n\u00e4r vi ska jobba natt.<\/p>\n\n\n\n<p class=\"wp-block-paragraph\">D\u00e4r larmar det ett visst klockslag varje natt. D\u00e5 ska vi diska kaffemaskinen.<\/p>\n\n\n\n<p class=\"wp-block-paragraph\">En s\u00e4rskilt stressig kv\u00e4ll gl\u00f6mmer en kollega stoppa mugg i plasthandtaget n\u00e4r han ska ta en snabbfika. F\u00f6rv\u00e5nat ser han hur kaffet rinner rakt igenom.<\/p>\n\n\n\n<p class=\"wp-block-paragraph\">Snabbt tar han n\u00e4sta 90 000-samtal.<\/p>\n\n\n\n<p class=\"wp-block-paragraph\"><strong>7.<\/strong><br>Nu &#8211; \u00e4r det slutet p\u00e5 1990-talet. Jag h\u00e5ller skrivarkurs f\u00f6r kommunalare i Karlstad och ber\u00e4ttar att ordet \u201dkaffe\u201d kommer fr\u00e5n arabiskan. Ett annat ord som vi alla s\u00e4ger tv\u00e5 g\u00e5nger om dagen kommer fr\u00e5n Malungskullorna. Eller m\u00f6jligen fr\u00e5n S\u00f6der i Stockholm. Dom v\u00e4nde bakochfram p\u00e5 ordet \u201dkaffi\u201d, d\u00e5 blev det \u201dfika\u201d. Det kallas backslang.<\/p>\n\n\n\n<p class=\"wp-block-paragraph\">Tolv undersk\u00f6terskor, vaktm\u00e4stare och st\u00e4derskor tittar skeptiskt p\u00e5 mig.<br>&#8211; Tv\u00e5 g\u00e5nger om dagen? D\u00e4r har du fel.<br>&#8211; Har jag?<br>&#8211; Ja-a. Fika \u00e4r det bara tj\u00e4nstem\u00e4n som s\u00e4ger. Vi andra s\u00e4ger kaffe.<br>&#8211; G\u00f6r ni? Vet du n\u00e4r \u201dfika\u201d kom in i svenska spr\u00e5ket d\u00e5?<br>&#8211; Nej.<br>&#8211; 1910.<br>&#8211; Kul kul. Men klockan \u00e4r mycket. Nu tar vi kaffe, magistern.<\/p>\n\n\n\n<p class=\"wp-block-paragraph\"><strong>8.<\/strong><br>Det h\u00e4nder sig att jag f\u00e5r jobb som informat\u00f6r p\u00e5 v\u00e5rt l\u00e4nstrafikbolag. Nu har det blivit inne med fokusgrupper. Allts\u00e5 har vi skapat en s\u00e5dan. Den h\u00e4r g\u00e5ngen ett g\u00e4ng 15-16-\u00e5ringar eftersom det \u00e4r en ungdomssatsning vi vill testa.<\/p>\n\n\n\n<p class=\"wp-block-paragraph\">Ungdomarna \u00e4r till bra hj\u00e4lp. N\u00e4r sista m\u00f6tet \u00e4r klart ska jag bjuda p\u00e5 fika.<br> &#8211; Vart vill ni g\u00e5?<br>&#8211; Espresso House.<br>Vi g\u00e5r dit, alla f\u00e5r best\u00e4lla och sist i k\u00f6n st\u00e5r jag som ska betala. Framf\u00f6r mig st\u00e5r tre av tjejerna i fokusgruppen. De har best\u00e4llt samma alla tre, s\u00e5 jag t\u00e4nker f\u00f6rs\u00f6ka vara lite ungdomlig och best\u00e4lla likadant.<br>&#8211; Jag vill ocks\u00e5 ha en tjejlatte, s\u00e4ger jag.<\/p>\n\n\n\n<p class=\"wp-block-paragraph\">D\u00e5 v\u00e4nder sig en hel fokusgrupp bak\u00e5t mot informationschefen och inser att de beh\u00f6vs.<br>Det \u00e4r chailatte de har best\u00e4llt.<\/p>\n\n\n\n<p class=\"wp-block-paragraph\">(Chailatte kommer fr\u00e5n Indien. En varm, s\u00f6t och kryddig dryck med mj\u00f6lk, kardemumma, nejlika och kanel, tydligen popul\u00e4r bland unga damer i Karlstad just den h\u00e4r dagen.)<\/p>\n\n\n\n<p class=\"wp-block-paragraph\">H\u00e4r \u00e4r en dikt fr\u00e5n min blogg den 5 juli i \u00e5r:<\/p>\n\n\n\n<p class=\"wp-block-paragraph\"><strong><em>\u201dTjejlatte<\/em><\/strong><\/p>\n\n\n\n<p class=\"wp-block-paragraph\"><em>Vad \u00e4r det? s\u00e4ger den unga kvinnan<\/em><br><em>med l\u00f6s\u00f6gonfransar<\/em><br><em>n\u00e4r jag n\u00e4mner fl\u00e4skkotletten jag \u00e5t till lunch.<\/em><\/p>\n\n\n\n<p class=\"wp-block-paragraph\"><em>Vad \u00e4r det?<\/em><\/p>\n\n\n\n<p class=\"wp-block-paragraph\"><em>Jag tycker om den fr\u00e5gan.<\/em><br><em>Sverige \u00e4r st\u00f6rre \u00e4n vi tror.<\/em><\/p>\n\n\n\n<p class=\"wp-block-paragraph\"><em>\u00c4ven spr\u00e5ket lever och v\u00e4xer.<\/em><br><em>Inte visste jag vad chai var,<\/em><br><em>en annan g\u00e5ng f\u00f6r l\u00e4nge sedan.<\/em><\/p>\n\n\n\n<p class=\"wp-block-paragraph\"><em>Jag vill ocks\u00e5 ha tjejlatte sa jag<\/em><br><em>i ett manligt f\u00f6rs\u00f6k att h\u00e4nga med.<\/em><\/p>\n\n\n\n<p class=\"wp-block-paragraph\"><em>Jag tycker om deras leenden d\u00e5.\u201d<\/em><\/p>\n\n\n\n<p class=\"wp-block-paragraph\"><strong>9. Avslutning<\/strong><br>N\u00e4r jag \u00e4r 13 slutar jag med kaffet ett tag, mest f\u00f6r att verka m\u00e4rkv\u00e4rdig. Tanterna f\u00e5r bjuda p\u00e5 saft n\u00e4r pappa och jag \u00e4r ute i bygderna i grisaff\u00e4rer.<\/p>\n\n\n\n<p class=\"wp-block-paragraph\">Sen b\u00f6rjar jag i gymnasiet.<\/p>\n\n\n\n<p class=\"wp-block-paragraph\">D\u00e4r m\u00e5ste man dricka kaffe. I mitt g\u00e4ng p\u00e5 Sundstagymnasiet dricker vi bryggkaffe p\u00e5 lokal n\u00e4r vi ska l\u00f6sa v\u00e4rldsproblemen.<\/p>\n\n\n\n<p class=\"wp-block-paragraph\">Det g\u00f6r vi flitigt.<br>Vi \u00e4r inte f\u00e4rdiga \u00e4n.<\/p>\n\n\n\n<p class=\"wp-block-paragraph\">Men vi jobbar p\u00e5\u2019t.<\/p>\n\n\n<p><!-- \/wp:post-content --><\/p>\n<p><!-- ### Begin BoD ShopWidget --><\/p>\n<div id=\"bodShopWidget_4141158_print\" class=\"bodShopWidget\">\u00a0<\/div>\n<p><script type=\"text\/javascript\">if(typeof checkLibExist == \"undefined\"){var script = document.createElement(\"script\");script.src =\"\/\/www.bod.se\/public\/js\/bod\/v1.1\/shopWidget.min.js\";script.type = \"text\/javascript\";document.head.appendChild(script);var checkLibExist = true;}if(typeof books === \"undefined\") var books=[];books.push({\"objID\":\"4141158\",\"swKey\":\"8545d47796f26f938202464032860f10\",\"type\":\"print\",\"size\":\"large\",\"font\":\"nonSerif\",\"shadow\":false,\"contour\":true,\"coverContour\":true,\"fontColor\":\"#212529\",\"contourColor\":\"#212529\",\"shadowBtn\":false,\"contourBtn\":false,\"bgColor\":\"#fff\",\"btnFontColor\":\"#fff\",\"btnColor\":\"#fd6041\",\"btnContourColor\":\"#fd6041\",\"shop\":\"se\",\"mandantShopUrl\":\"https:\/\/www.bod.se\/bokshop\",\"lang\":\"se\"});<\/script><!-- ### End BoD ShopWidget --><\/p>\n<p><span style=\"color: #7979f2;\"><strong><em><a style=\"color: #7979f2;\" href=\"https:\/\/sven-ove.nu\/\">Hem<\/a>\u00a0|\u00a0<a style=\"color: #7979f2;\" href=\"https:\/\/sven-ove.nu\/?page_id=170\">Om mig<\/a>\u00a0|\u00a0<a style=\"color: #7979f2;\" href=\"https:\/\/sven-ove.nu\/?page_id=1385\">Skriva &amp; prata<\/a>\u00a0|\u00a0<a style=\"color: #7979f2;\" href=\"https:\/\/sven-ove.nu\/?page_id=100\">Politik<\/a>\u00a0|\u00a0<a style=\"color: #7979f2;\" href=\"https:\/\/sven-ove.nu\/?page_id=102\">L\u00f6pa<\/a>\u00a0|\u00a0<a style=\"color: #7979f2;\" href=\"https:\/\/sven-ove.nu\/?page_id=108\">Viktor Root<\/a>\u00a0\u00a0<\/em><\/strong><\/span><br \/><span style=\"color: #7979f2;\"><em>Inl\u00e4gg nr 2 420, (c) Sven-Ove Svensson (men dela g\u00e4rna<\/em>).<\/span><\/p>\n<p><!-- \/wp:paragraph --><\/p>\n<p><!-- wp:paragraph --><\/p>\n<p><!-- \/wp:paragraph --><\/p\n\n<!-- wp:paragraph -->\n<p><\/p>\n<!-- \/wp:paragraph -->","protected":false},"excerpt":{"rendered":"<p>Tjejlatte? Forts\u00e4ttning p\u00e5 mitt manus fr\u00e5n Gamla Kraftstationen i fredags: 6.N\u00e5gra \u00e5r jobbar jag p\u00e5 SOS-centralen. Den arbetsplatsen, precis som m\u00e5nga redaktioner, drivs p\u00e5 kaffe. S\u00e4rskilt n\u00e4r vi ska jobba natt. D\u00e4r larmar det ett visst klockslag varje natt. D\u00e5 ska vi diska kaffemaskinen. En s\u00e4rskilt stressig kv\u00e4ll gl\u00f6mmer en kollega stoppa mugg i plasthandtaget &hellip; <a href=\"https:\/\/sven-ove.nu\/?p=27371\" class=\"more-link\">Forts\u00e4tt l\u00e4sa <span class=\"screen-reader-text\">Mitt liv som kaffedrickare (5)<\/span><\/a><\/p>\n","protected":false},"author":1,"featured_media":0,"comment_status":"closed","ping_status":"open","sticky":false,"template":"","format":"standard","meta":{"_crdt_document":"","_monsterinsights_skip_tracking":false,"_monsterinsights_sitenote_active":false,"_monsterinsights_sitenote_note":"","_monsterinsights_sitenote_category":0,"footnotes":""},"categories":[10,28,9],"tags":[3,8,18,21],"class_list":["post-27371","post","type-post","status-publish","format-standard","hentry","category-familjen","category-kreativt-folk","category-politik","tag-arbete","tag-historia","tag-lardomar","tag-ord"],"_links":{"self":[{"href":"https:\/\/sven-ove.nu\/index.php?rest_route=\/wp\/v2\/posts\/27371","targetHints":{"allow":["GET"]}}],"collection":[{"href":"https:\/\/sven-ove.nu\/index.php?rest_route=\/wp\/v2\/posts"}],"about":[{"href":"https:\/\/sven-ove.nu\/index.php?rest_route=\/wp\/v2\/types\/post"}],"author":[{"embeddable":true,"href":"https:\/\/sven-ove.nu\/index.php?rest_route=\/wp\/v2\/users\/1"}],"replies":[{"embeddable":true,"href":"https:\/\/sven-ove.nu\/index.php?rest_route=%2Fwp%2Fv2%2Fcomments&post=27371"}],"version-history":[{"count":19,"href":"https:\/\/sven-ove.nu\/index.php?rest_route=\/wp\/v2\/posts\/27371\/revisions"}],"predecessor-version":[{"id":27397,"href":"https:\/\/sven-ove.nu\/index.php?rest_route=\/wp\/v2\/posts\/27371\/revisions\/27397"}],"wp:attachment":[{"href":"https:\/\/sven-ove.nu\/index.php?rest_route=%2Fwp%2Fv2%2Fmedia&parent=27371"}],"wp:term":[{"taxonomy":"category","embeddable":true,"href":"https:\/\/sven-ove.nu\/index.php?rest_route=%2Fwp%2Fv2%2Fcategories&post=27371"},{"taxonomy":"post_tag","embeddable":true,"href":"https:\/\/sven-ove.nu\/index.php?rest_route=%2Fwp%2Fv2%2Ftags&post=27371"}],"curies":[{"name":"wp","href":"https:\/\/api.w.org\/{rel}","templated":true}]}}