{"id":27402,"date":"2024-12-12T04:51:00","date_gmt":"2024-12-12T03:51:00","guid":{"rendered":"https:\/\/sven-ove.nu\/?p=27402"},"modified":"2024-12-10T10:23:49","modified_gmt":"2024-12-10T09:23:49","slug":"dalig-sjalvbild","status":"publish","type":"post","link":"https:\/\/sven-ove.nu\/?p=27402","title":{"rendered":"D\u00e5lig sj\u00e4lvbild"},"content":{"rendered":"\n<figure class=\"wp-block-image size-large\"><a href=\"https:\/\/sven-ove.nu\/wp-content\/uploads\/2024\/12\/IMG_0934.jpeg\"><img loading=\"lazy\" decoding=\"async\" width=\"1024\" height=\"1024\" src=\"https:\/\/sven-ove.nu\/wp-content\/uploads\/2024\/12\/IMG_0934-1024x1024.jpeg\" alt=\"\" class=\"wp-image-27403\" srcset=\"https:\/\/sven-ove.nu\/wp-content\/uploads\/2024\/12\/IMG_0934-1024x1024.jpeg 1024w, https:\/\/sven-ove.nu\/wp-content\/uploads\/2024\/12\/IMG_0934-300x300.jpeg 300w, https:\/\/sven-ove.nu\/wp-content\/uploads\/2024\/12\/IMG_0934-150x150.jpeg 150w, https:\/\/sven-ove.nu\/wp-content\/uploads\/2024\/12\/IMG_0934-768x768.jpeg 768w, https:\/\/sven-ove.nu\/wp-content\/uploads\/2024\/12\/IMG_0934-1536x1536.jpeg 1536w, https:\/\/sven-ove.nu\/wp-content\/uploads\/2024\/12\/IMG_0934-2048x2048.jpeg 2048w\" sizes=\"auto, (max-width: 1024px) 100vw, 1024px\" \/><\/a><\/figure>\n\n\n\n<blockquote class=\"wp-block-quote is-layout-flow wp-block-quote-is-layout-flow\">\n<p class=\"wp-block-paragraph\">&#8211; Du f\u00f6rst\u00e5r, vissa fr\u00e4mlingsfientliga kan inte spr\u00e5ket s\u00e5 bra.<\/p>\n<\/blockquote>\n\n\n\n<p class=\"wp-block-paragraph\"><em>\u201dGodhetsknarkare\u201d?<\/em><br>G\u00e4rna. Vem vill vara motsatsen?<\/p>\n\n\n\n<p class=\"wp-block-paragraph\"><em>\u201dPensionsr\u00e4ddare\u201d?<\/em><br>Ja, de \u00e4r ju det.<\/p>\n\n\n\n<p class=\"wp-block-paragraph\"><em>\u201dWoke\u201d?<\/em><br>Absolut. Vi \u00e4r vakna.<\/p>\n\n\n\n<p class=\"wp-block-paragraph\">***<\/p>\n\n\n\n<p class=\"wp-block-paragraph\"><em>\u201dSv\u00e4rjev\u00e4nner\u201d?<\/em><br>Det borde de inte kalla sig. Den sj\u00e4lvbilden ljuger.<\/p>\n\n\n\n<p class=\"wp-block-paragraph\">M\u00e4rker de inte sj\u00e4lva hur illa de pratar om v\u00e5rt land hela tiden?<\/p>\n\n\n\n<p class=\"has-light-blue-background-color has-background wp-block-paragraph\"><a href=\"https:\/\/sven-ove.nu\/\">Hem<\/a>&nbsp;|&nbsp;<a href=\"https:\/\/sven-ove.nu\/?page_id=170\">Om mig<\/a>&nbsp;|&nbsp;<a href=\"https:\/\/sven-ove.nu\/?page_id=1385\">Skriva &amp; prata<\/a>&nbsp;|&nbsp;<a href=\"https:\/\/sven-ove.nu\/?page_id=100\">Politik<\/a>&nbsp;|&nbsp;<a href=\"https:\/\/sven-ove.nu\/?page_id=102\">L\u00f6pa<\/a>&nbsp;|&nbsp;<a href=\"https:\/\/sven-ove.nu\/?page_id=108\">Viktor Root<\/a>&nbsp;&nbsp;<br><em>Inl\u00e4gg nr 2 421, (c) Sven-Ove Svensson (men dela g\u00e4rna<\/em>).<\/p>\n","protected":false},"excerpt":{"rendered":"<p>&#8211; Du f\u00f6rst\u00e5r, vissa fr\u00e4mlingsfientliga kan inte spr\u00e5ket s\u00e5 bra. \u201dGodhetsknarkare\u201d?G\u00e4rna. Vem vill vara motsatsen? \u201dPensionsr\u00e4ddare\u201d?Ja, de \u00e4r ju det. \u201dWoke\u201d?Absolut. Vi \u00e4r vakna. *** \u201dSv\u00e4rjev\u00e4nner\u201d?Det borde de inte kalla sig. Den sj\u00e4lvbilden ljuger. M\u00e4rker de inte sj\u00e4lva hur illa de pratar om v\u00e5rt land hela tiden? Hem&nbsp;|&nbsp;Om mig&nbsp;|&nbsp;Skriva &amp; prata&nbsp;|&nbsp;Politik&nbsp;|&nbsp;L\u00f6pa&nbsp;|&nbsp;Viktor Root&nbsp;&nbsp;Inl\u00e4gg nr 2 421, &hellip; <a href=\"https:\/\/sven-ove.nu\/?p=27402\" class=\"more-link\">Forts\u00e4tt l\u00e4sa <span class=\"screen-reader-text\">D\u00e5lig sj\u00e4lvbild<\/span><\/a><\/p>\n","protected":false},"author":1,"featured_media":0,"comment_status":"closed","ping_status":"open","sticky":false,"template":"","format":"standard","meta":{"_crdt_document":"","_monsterinsights_skip_tracking":false,"_monsterinsights_sitenote_active":false,"_monsterinsights_sitenote_note":"","_monsterinsights_sitenote_category":0,"footnotes":""},"categories":[9],"tags":[21],"class_list":["post-27402","post","type-post","status-publish","format-standard","hentry","category-politik","tag-ord"],"_links":{"self":[{"href":"https:\/\/sven-ove.nu\/index.php?rest_route=\/wp\/v2\/posts\/27402","targetHints":{"allow":["GET"]}}],"collection":[{"href":"https:\/\/sven-ove.nu\/index.php?rest_route=\/wp\/v2\/posts"}],"about":[{"href":"https:\/\/sven-ove.nu\/index.php?rest_route=\/wp\/v2\/types\/post"}],"author":[{"embeddable":true,"href":"https:\/\/sven-ove.nu\/index.php?rest_route=\/wp\/v2\/users\/1"}],"replies":[{"embeddable":true,"href":"https:\/\/sven-ove.nu\/index.php?rest_route=%2Fwp%2Fv2%2Fcomments&post=27402"}],"version-history":[{"count":4,"href":"https:\/\/sven-ove.nu\/index.php?rest_route=\/wp\/v2\/posts\/27402\/revisions"}],"predecessor-version":[{"id":27410,"href":"https:\/\/sven-ove.nu\/index.php?rest_route=\/wp\/v2\/posts\/27402\/revisions\/27410"}],"wp:attachment":[{"href":"https:\/\/sven-ove.nu\/index.php?rest_route=%2Fwp%2Fv2%2Fmedia&parent=27402"}],"wp:term":[{"taxonomy":"category","embeddable":true,"href":"https:\/\/sven-ove.nu\/index.php?rest_route=%2Fwp%2Fv2%2Fcategories&post=27402"},{"taxonomy":"post_tag","embeddable":true,"href":"https:\/\/sven-ove.nu\/index.php?rest_route=%2Fwp%2Fv2%2Ftags&post=27402"}],"curies":[{"name":"wp","href":"https:\/\/api.w.org\/{rel}","templated":true}]}}