{"id":27411,"date":"2024-12-13T04:38:00","date_gmt":"2024-12-13T03:38:00","guid":{"rendered":"https:\/\/sven-ove.nu\/?p=27411"},"modified":"2024-12-13T06:13:11","modified_gmt":"2024-12-13T05:13:11","slug":"skogens-hjaltar-fikans-kungar","status":"publish","type":"post","link":"https:\/\/sven-ove.nu\/?p=27411","title":{"rendered":"&#8221;Skogens hj\u00e4ltar, fikans kungar&#8221;"},"content":{"rendered":"\n<figure class=\"wp-block-image size-large\"><a href=\"https:\/\/sven-ove.nu\/wp-content\/uploads\/2024\/12\/IMG_1392-2-scaled.jpeg\"><img loading=\"lazy\" decoding=\"async\" width=\"1024\" height=\"1024\" src=\"https:\/\/sven-ove.nu\/wp-content\/uploads\/2024\/12\/IMG_1392-2-1024x1024.jpeg\" alt=\"\" class=\"wp-image-27412\" srcset=\"https:\/\/sven-ove.nu\/wp-content\/uploads\/2024\/12\/IMG_1392-2-1024x1024.jpeg 1024w, https:\/\/sven-ove.nu\/wp-content\/uploads\/2024\/12\/IMG_1392-2-300x300.jpeg 300w, https:\/\/sven-ove.nu\/wp-content\/uploads\/2024\/12\/IMG_1392-2-150x150.jpeg 150w, https:\/\/sven-ove.nu\/wp-content\/uploads\/2024\/12\/IMG_1392-2-768x768.jpeg 768w, https:\/\/sven-ove.nu\/wp-content\/uploads\/2024\/12\/IMG_1392-2-1536x1536.jpeg 1536w, https:\/\/sven-ove.nu\/wp-content\/uploads\/2024\/12\/IMG_1392-2-2048x2048.jpeg 2048w\" sizes=\"auto, (max-width: 1024px) 100vw, 1024px\" \/><\/a><\/figure>\n\n\n\n<blockquote class=\"wp-block-quote is-layout-flow wp-block-quote-is-layout-flow\">\n<p class=\"wp-block-paragraph\">Jag skriver och ber AI-programmet ChatGPT hj\u00e4lpa mig:<br>\u201dSkriv ett sk\u00e4mtsamt litet tal som jag kan h\u00e5lla n\u00e4r jag och de andra \u00e4ldre herrarna fikar i skogen.\u201d <br>Det \u00e4r den enda instruktionen. Efter n\u00e5gon sekund kommer texten i mobilen:<\/p>\n<\/blockquote>\n\n\n\n<p class=\"wp-block-paragraph\">&#8221;<strong><em>Tal f\u00f6r fikastunden i skogen<br><\/em><\/strong><em>Ja, grabbar \u2013 eller ska jag s\u00e4ga gubbar \u2013 vilken fin dag vi har f\u00e5tt! Solen skiner, f\u00e5glarna kvittrar, och h\u00e4r sitter vi med kaffetermosar och bullar. Det h\u00e4r \u00e4r livets h\u00f6jdpunkt \u2013 eller ja, \u00e5tminstone h\u00f6jdpunkten f\u00f6r den h\u00e4r veckan.<\/em><\/p>\n\n\n\n<p class=\"wp-block-paragraph\"><em>Jag t\u00e4nkte att vi skulle passa p\u00e5 att hylla oss sj\u00e4lva lite. F\u00f6r h\u00e4r \u00e4r vi, ett g\u00e4ng \u00e4ldre herrar som trotsar b\u00e5de knakande kn\u00e4n och envisa ryggar f\u00f6r att ta oss ut i skogen. Det \u00e4r n\u00e4stan som en sorts superkraft \u2013 men i st\u00e4llet f\u00f6r att flyga eller lyfta bilar, \u00e4r vi m\u00e4stare p\u00e5 att klaga lagom mycket och \u00e4nd\u00e5 ta oss fram.<\/em><\/p>\n\n\n\n<p class=\"wp-block-paragraph\"><em>Det \u00e4r ju faktiskt imponerande. Vi har till och med en sorts rangordning h\u00e4r i g\u00e4nget. Den med den mest slitna ryggs\u00e4cken leder, f\u00f6ljt av den som har det mest v\u00e4lanv\u00e4nda sittunderlaget. Och s\u00e5 klart, den som kan ta sig upp fr\u00e5n stubben utan att se ut som att de brottas med en bj\u00f6rn \u2013 den f\u00e5r automatiskt respekt.<\/em><\/p>\n\n\n\n<p class=\"wp-block-paragraph\"><em>Men vet ni vad som g\u00f6r det h\u00e4r riktigt speciellt? Det \u00e4r att vi fortfarande tar oss tid f\u00f6r det viktiga: fika och en massa skratt. F\u00f6r om vi nu \u00e4nd\u00e5 ska bli \u00e4ldre, s\u00e5 kan vi v\u00e4l \u00e5tminstone g\u00f6ra det med stil \u2013 och med en extra sm\u00f6rg\u00e5s i v\u00e4skan.<\/em><\/p>\n\n\n\n<p class=\"wp-block-paragraph\"><em>S\u00e5, l\u00e5t oss h\u00f6ja v\u00e5ra kaffemuggar och sk\u00e5la f\u00f6r oss sj\u00e4lva. Skogens hj\u00e4ltar, fikans kungar och de eviga optimisterna! Tack f\u00f6r att ni \u00e4r de b\u00e4sta s\u00e4llskapet man kan ha p\u00e5 en stubbe i skogen!&#8221;<\/em><\/p>\n\n\n\n<p class=\"wp-block-paragraph\"><strong>Fulla av f\u00f6rundran i gl\u00e4ntan<br><\/strong>P\u00e5 torsdagen l\u00e4ser jag upp talet medan solen g\u00e5r upp \u00f6ver Klar\u00e4lvens is strax intill och kaffet i gl\u00e4ntan f\u00e5r smakl\u00f6karna att krulla sig.<\/p>\n\n\n\n<p class=\"wp-block-paragraph\">Herrarna i Gryningspatrullen reagerar precis som jag.<br>De f\u00f6rundras.<\/p>\n\n\n\n<p class=\"has-light-blue-background-color has-background wp-block-paragraph\"><a href=\"https:\/\/sven-ove.nu\/\">Hem<\/a>&nbsp;|&nbsp;<a href=\"https:\/\/sven-ove.nu\/?page_id=170\">Om mig<\/a>&nbsp;|&nbsp;<a href=\"https:\/\/sven-ove.nu\/?page_id=1385\">Skriva &amp; prata<\/a>&nbsp;|&nbsp;<a href=\"https:\/\/sven-ove.nu\/?page_id=100\">Politik<\/a>&nbsp;|&nbsp;<a href=\"https:\/\/sven-ove.nu\/?page_id=102\">L\u00f6pa<\/a>&nbsp;|&nbsp;<a href=\"https:\/\/sven-ove.nu\/?page_id=108\">Viktor Root<\/a>&nbsp;&nbsp;<br><em>Inl\u00e4gg nr 2 422, (c) Sven-Ove Svensson (men dela g\u00e4rna<\/em>).<\/p>\n","protected":false},"excerpt":{"rendered":"<p>Jag skriver och ber AI-programmet ChatGPT hj\u00e4lpa mig:\u201dSkriv ett sk\u00e4mtsamt litet tal som jag kan h\u00e5lla n\u00e4r jag och de andra \u00e4ldre herrarna fikar i skogen.\u201d Det \u00e4r den enda instruktionen. Efter n\u00e5gon sekund kommer texten i mobilen: &#8221;Tal f\u00f6r fikastunden i skogenJa, grabbar \u2013 eller ska jag s\u00e4ga gubbar \u2013 vilken fin dag vi &hellip; <a href=\"https:\/\/sven-ove.nu\/?p=27411\" class=\"more-link\">Forts\u00e4tt l\u00e4sa <span class=\"screen-reader-text\">&#8221;Skogens hj\u00e4ltar, fikans kungar&#8221;<\/span><\/a><\/p>\n","protected":false},"author":1,"featured_media":0,"comment_status":"closed","ping_status":"open","sticky":false,"template":"","format":"standard","meta":{"_crdt_document":"","_monsterinsights_skip_tracking":false,"_monsterinsights_sitenote_active":false,"_monsterinsights_sitenote_note":"","_monsterinsights_sitenote_category":0,"footnotes":""},"categories":[6],"tags":[14,15,21,13],"class_list":["post-27411","post","type-post","status-publish","format-standard","hentry","category-natur","tag-lasning","tag-mediedjungeln","tag-ord","tag-utrustning"],"_links":{"self":[{"href":"https:\/\/sven-ove.nu\/index.php?rest_route=\/wp\/v2\/posts\/27411","targetHints":{"allow":["GET"]}}],"collection":[{"href":"https:\/\/sven-ove.nu\/index.php?rest_route=\/wp\/v2\/posts"}],"about":[{"href":"https:\/\/sven-ove.nu\/index.php?rest_route=\/wp\/v2\/types\/post"}],"author":[{"embeddable":true,"href":"https:\/\/sven-ove.nu\/index.php?rest_route=\/wp\/v2\/users\/1"}],"replies":[{"embeddable":true,"href":"https:\/\/sven-ove.nu\/index.php?rest_route=%2Fwp%2Fv2%2Fcomments&post=27411"}],"version-history":[{"count":3,"href":"https:\/\/sven-ove.nu\/index.php?rest_route=\/wp\/v2\/posts\/27411\/revisions"}],"predecessor-version":[{"id":27422,"href":"https:\/\/sven-ove.nu\/index.php?rest_route=\/wp\/v2\/posts\/27411\/revisions\/27422"}],"wp:attachment":[{"href":"https:\/\/sven-ove.nu\/index.php?rest_route=%2Fwp%2Fv2%2Fmedia&parent=27411"}],"wp:term":[{"taxonomy":"category","embeddable":true,"href":"https:\/\/sven-ove.nu\/index.php?rest_route=%2Fwp%2Fv2%2Fcategories&post=27411"},{"taxonomy":"post_tag","embeddable":true,"href":"https:\/\/sven-ove.nu\/index.php?rest_route=%2Fwp%2Fv2%2Ftags&post=27411"}],"curies":[{"name":"wp","href":"https:\/\/api.w.org\/{rel}","templated":true}]}}