{"id":27459,"date":"2024-12-23T04:22:00","date_gmt":"2024-12-23T03:22:00","guid":{"rendered":"https:\/\/sven-ove.nu\/?p=27459"},"modified":"2024-12-22T10:34:50","modified_gmt":"2024-12-22T09:34:50","slug":"min-snabbe-van-vet-varfor-vi-springer","status":"publish","type":"post","link":"https:\/\/sven-ove.nu\/?p=27459","title":{"rendered":"Min snabbe v\u00e4n vet varf\u00f6r vi springer"},"content":{"rendered":"\n<figure class=\"wp-block-image size-full\"><a href=\"https:\/\/sven-ove.nu\/wp-content\/uploads\/2024\/12\/Springglad10.jpg\"><img loading=\"lazy\" decoding=\"async\" width=\"853\" height=\"702\" src=\"https:\/\/sven-ove.nu\/wp-content\/uploads\/2024\/12\/Springglad10.jpg\" alt=\"\" class=\"wp-image-27460\" srcset=\"https:\/\/sven-ove.nu\/wp-content\/uploads\/2024\/12\/Springglad10.jpg 853w, https:\/\/sven-ove.nu\/wp-content\/uploads\/2024\/12\/Springglad10-300x247.jpg 300w, https:\/\/sven-ove.nu\/wp-content\/uploads\/2024\/12\/Springglad10-768x632.jpg 768w\" sizes=\"auto, (max-width: 853px) 100vw, 853px\" \/><\/a><\/figure>\n\n\n\n<blockquote class=\"wp-block-quote is-layout-flow wp-block-quote-is-layout-flow\">\n<p class=\"wp-block-paragraph\">Varf\u00f6r springer m\u00e4nniskan? fr\u00e5gar jag min datamaskin.<br>En sekund senare svarar han:<\/p>\n<\/blockquote>\n\n\n\n<p class=\"wp-block-paragraph\"><em>\u201dM\u00e4nniskan springer av m\u00e5nga olika anledningar \u2013 fysiska, mentala, kulturella och biologiska. H\u00e4r \u00e4r n\u00e5gra perspektiv:<\/em><\/p>\n\n\n\n<p class=\"wp-block-paragraph\"><em><strong>1. Biologiskt arv:<\/strong><br>Springandet \u00e4r djupt rotat i m\u00e4nniskans evolution. V\u00e5ra f\u00f6rf\u00e4der var uth\u00e5llighetsj\u00e4gare och anv\u00e4nde l\u00f6pning f\u00f6r att jaga byten \u00f6ver l\u00e5nga avst\u00e5nd tills de blev utmattade. V\u00e5ra kroppar \u00e4r anpassade f\u00f6r detta \u2013 med svettk\u00f6rtlar, uppr\u00e4tt g\u00e5ng och l\u00e5nga senor som lagrar energi.<\/em><\/p>\n\n\n\n<p class=\"wp-block-paragraph\"><em><strong>2. F\u00f6r att \u00f6verleva:<\/strong><br>Historiskt har vi sprungit f\u00f6r att fly fr\u00e5n fara, till exempel rovdjur eller andra hot. \u00c4ven i dag finns en instinkt att springa n\u00e4r vi k\u00e4nner oss hotade.<\/em><\/p>\n\n\n\n<p class=\"wp-block-paragraph\"><em><strong>3. Fysisk h\u00e4lsa:<\/strong><br>I modern tid springer m\u00e5nga f\u00f6r att f\u00f6rb\u00e4ttra sin h\u00e4lsa \u2013 f\u00f6r att st\u00e4rka hj\u00e4rta, lungor och muskler, eller f\u00f6r att minska risken f\u00f6r sjukdomar. Springandet h\u00e5ller kroppen i r\u00f6relse och \u00e4r en av de enklaste tr\u00e4ningsformerna.<\/em><\/p>\n\n\n\n<p class=\"wp-block-paragraph\"><em><strong>4. Mental frihet:<\/strong><br>M\u00e5nga springer f\u00f6r att rensa tankarna och hitta ro. L\u00f6pning fris\u00e4tter endorfiner, de s\u00e5 kallade \u2019m\u00e5-bra-hormonerna\u2019 vilka kan lindra stress, \u00e5ngest och depression. Det \u00e4r en form av meditation i r\u00f6relse.<\/em><\/p>\n\n\n\n<p class=\"wp-block-paragraph\"><em><strong>5. Utmaning och prestation:<\/strong><br>Att springa ett lopp, sl\u00e5 en personlig rekordtid eller bara klara av ett tr\u00e4ningspass kan ge en enorm k\u00e4nsla av prestation. L\u00f6pning handlar lika mycket om att \u00f6vervinna mentala hinder som fysiska.<\/em><\/p>\n\n\n\n<p class=\"wp-block-paragraph\"><em><strong>6. Gemenskap:<\/strong><br>Springandet f\u00f6renar m\u00e4nniskor. Det finns l\u00f6parklubbar, stafetter och t\u00e4vlingar d\u00e4r gemenskapen \u00e4r lika viktig som sj\u00e4lva l\u00f6pningen.<\/em><\/p>\n\n\n\n<p class=\"wp-block-paragraph\"><em><strong>7. Njutning och frihet:<\/strong><br>F\u00f6r m\u00e5nga handlar l\u00f6pningen om frihet \u2013 att k\u00e4nna vinden i ansiktet, marken under f\u00f6tterna och r\u00f6relsen genom landskapet. Det \u00e4r en stund f\u00f6r sig sj\u00e4lv, l\u00e5ngt fr\u00e5n vardagens krav.<\/em><\/p>\n\n\n\n<p class=\"wp-block-paragraph\"><em>Kort sagt springer m\u00e4nniskan f\u00f6r att det \u00e4r en del av vilka vi \u00e4r \u2013 en kombination av instinkt, kropp och sj\u00e4l. Vad f\u00e5r dig att springa?\u201d<\/em><\/p>\n\n\n\n<p class=\"wp-block-paragraph\"><strong>Undrar hur &#8221;han&#8221; g\u00f6r<\/strong><br>D\u00e4r \u00e4r det slut p\u00e5 svaret fr\u00e5n maskinen. D\u00e5 sl\u00e5r jag igen min dator och ger mig ut i decemberf\u00f6rmiddagen och springer. Varf\u00f6r jag g\u00f6r det f\u00e5r du r\u00e4kna ut sj\u00e4lv.<\/p>\n\n\n\n<p class=\"wp-block-paragraph\">Texten ovan fick jag av AI-programmet ChatGPT. Det var &#8221;han&#8221; som svarade p\u00e5 min fr\u00e5ga. En bra sammanfattning tycker jag.<\/p>\n\n\n\n<p class=\"wp-block-paragraph\">Sj\u00e4lv springer han inte mycket om dagarna men snabb i tanken \u00e4r han. Jag undrar s\u00e5  hur det g\u00e5r till.<\/p>\n\n\n\n<p class=\"has-text-align-right wp-block-paragraph\"><em><strong>BILDEN<\/strong>: En springglad majdag p\u00e5 Grossbolstorps h\u00f6jder. <\/em><br><em>(Foto: Inger Nilsson)<\/em><\/p>\n\n\n\n<p class=\"has-background wp-block-paragraph\" style=\"background-color:#bffac3\"><a href=\"https:\/\/sven-ove.nu\/\">Hem<\/a>&nbsp;|&nbsp;<a href=\"https:\/\/sven-ove.nu\/?page_id=170\">Om mig<\/a>&nbsp;|&nbsp;<a href=\"https:\/\/sven-ove.nu\/?page_id=1385\">Skriva &amp; prata<\/a>&nbsp;|&nbsp;<a href=\"https:\/\/sven-ove.nu\/?page_id=100\">Politik<\/a>&nbsp;|&nbsp;<a href=\"https:\/\/sven-ove.nu\/?page_id=102\">L\u00f6pa<\/a>&nbsp;|&nbsp;<a href=\"https:\/\/sven-ove.nu\/?page_id=108\">Viktor Root<\/a>&nbsp;&nbsp;<br><em>Inl\u00e4gg nr 2 424, (c) Sven-Ove Svensson (men dela g\u00e4rna<\/em>).<\/p>\n","protected":false},"excerpt":{"rendered":"<p>Varf\u00f6r springer m\u00e4nniskan? fr\u00e5gar jag min datamaskin.En sekund senare svarar han: \u201dM\u00e4nniskan springer av m\u00e5nga olika anledningar \u2013 fysiska, mentala, kulturella och biologiska. H\u00e4r \u00e4r n\u00e5gra perspektiv: 1. Biologiskt arv:Springandet \u00e4r djupt rotat i m\u00e4nniskans evolution. V\u00e5ra f\u00f6rf\u00e4der var uth\u00e5llighetsj\u00e4gare och anv\u00e4nde l\u00f6pning f\u00f6r att jaga byten \u00f6ver l\u00e5nga avst\u00e5nd tills de blev utmattade. V\u00e5ra &hellip; <a href=\"https:\/\/sven-ove.nu\/?p=27459\" class=\"more-link\">Forts\u00e4tt l\u00e4sa <span class=\"screen-reader-text\">Min snabbe v\u00e4n vet varf\u00f6r vi springer<\/span><\/a><\/p>\n","protected":false},"author":1,"featured_media":0,"comment_status":"closed","ping_status":"open","sticky":false,"template":"","format":"standard","meta":{"_crdt_document":"","_monsterinsights_skip_tracking":false,"_monsterinsights_sitenote_active":false,"_monsterinsights_sitenote_note":"","_monsterinsights_sitenote_category":0,"footnotes":""},"categories":[28,5,6],"tags":[8,24,18,15],"class_list":["post-27459","post","type-post","status-publish","format-standard","hentry","category-kreativt-folk","category-lopning","category-natur","tag-historia","tag-karlek","tag-lardomar","tag-mediedjungeln"],"_links":{"self":[{"href":"https:\/\/sven-ove.nu\/index.php?rest_route=\/wp\/v2\/posts\/27459","targetHints":{"allow":["GET"]}}],"collection":[{"href":"https:\/\/sven-ove.nu\/index.php?rest_route=\/wp\/v2\/posts"}],"about":[{"href":"https:\/\/sven-ove.nu\/index.php?rest_route=\/wp\/v2\/types\/post"}],"author":[{"embeddable":true,"href":"https:\/\/sven-ove.nu\/index.php?rest_route=\/wp\/v2\/users\/1"}],"replies":[{"embeddable":true,"href":"https:\/\/sven-ove.nu\/index.php?rest_route=%2Fwp%2Fv2%2Fcomments&post=27459"}],"version-history":[{"count":8,"href":"https:\/\/sven-ove.nu\/index.php?rest_route=\/wp\/v2\/posts\/27459\/revisions"}],"predecessor-version":[{"id":27469,"href":"https:\/\/sven-ove.nu\/index.php?rest_route=\/wp\/v2\/posts\/27459\/revisions\/27469"}],"wp:attachment":[{"href":"https:\/\/sven-ove.nu\/index.php?rest_route=%2Fwp%2Fv2%2Fmedia&parent=27459"}],"wp:term":[{"taxonomy":"category","embeddable":true,"href":"https:\/\/sven-ove.nu\/index.php?rest_route=%2Fwp%2Fv2%2Fcategories&post=27459"},{"taxonomy":"post_tag","embeddable":true,"href":"https:\/\/sven-ove.nu\/index.php?rest_route=%2Fwp%2Fv2%2Ftags&post=27459"}],"curies":[{"name":"wp","href":"https:\/\/api.w.org\/{rel}","templated":true}]}}