{"id":27477,"date":"2024-12-30T04:10:00","date_gmt":"2024-12-30T03:10:00","guid":{"rendered":"https:\/\/sven-ove.nu\/?p=27477"},"modified":"2024-12-30T05:37:05","modified_gmt":"2024-12-30T04:37:05","slug":"peter-fick-mig-att-fortsatta-skriva","status":"publish","type":"post","link":"https:\/\/sven-ove.nu\/?p=27477","title":{"rendered":"Peter fick mig att forts\u00e4tta skriva"},"content":{"rendered":"\n<figure class=\"wp-block-image size-large\"><a href=\"https:\/\/sven-ove.nu\/wp-content\/uploads\/2024\/12\/Block-och-penna-1.jpg\"><img loading=\"lazy\" decoding=\"async\" width=\"1024\" height=\"1024\" src=\"https:\/\/sven-ove.nu\/wp-content\/uploads\/2024\/12\/Block-och-penna-1-1024x1024.jpg\" alt=\"\" class=\"wp-image-27486\" srcset=\"https:\/\/sven-ove.nu\/wp-content\/uploads\/2024\/12\/Block-och-penna-1-1024x1024.jpg 1024w, https:\/\/sven-ove.nu\/wp-content\/uploads\/2024\/12\/Block-och-penna-1-300x300.jpg 300w, https:\/\/sven-ove.nu\/wp-content\/uploads\/2024\/12\/Block-och-penna-1-150x150.jpg 150w, https:\/\/sven-ove.nu\/wp-content\/uploads\/2024\/12\/Block-och-penna-1-768x768.jpg 768w, https:\/\/sven-ove.nu\/wp-content\/uploads\/2024\/12\/Block-och-penna-1-1536x1536.jpg 1536w, https:\/\/sven-ove.nu\/wp-content\/uploads\/2024\/12\/Block-och-penna-1-2048x2048.jpg 2048w\" sizes=\"auto, (max-width: 1024px) 100vw, 1024px\" \/><\/a><\/figure>\n\n\n\n<blockquote class=\"wp-block-quote is-layout-flow wp-block-quote-is-layout-flow\">\n<p class=\"wp-block-paragraph\">En g\u00e5ng i tiden var det Peter Olausson som s\u00e5g till att jag kom att forts\u00e4tta skriva sk\u00f6nlitter\u00e4rt. De d\u00e4r \u00e5ren n\u00e4r jag hade fullt upp med f\u00f6rs\u00f6rjningsjobb och n\u00e4r mitt andra skrivande hade g\u00e5tt i st\u00e5.<\/p>\n<\/blockquote>\n\n\n\n<p class=\"wp-block-paragraph\">D\u00e5 brukade det komma en best\u00e4llning fr\u00e5n tidskriften V\u00e4rml\u00e4ndsk Kultur d\u00e4r Peter var en av redakt\u00f6rerna.<br>&#8211; Vi ska ha ett nummer om hembygdsr\u00f6relsen. Kan inte du skriva en text om vad du skulle vilja att hembygdsg\u00e5rden st\u00e4llde ut? Hur ska den f\u00f6rbli levande? Ska den bara visa fram bondekulturen?<br>&#8211; Vi ska skriva om invandringen. Vill du skriva en text?<\/p>\n\n\n\n<p class=\"wp-block-paragraph\"><strong>Jag \u00e4r s\u00e5 tacksam<\/strong><br>Hans best\u00e4llningar inspirerade. Naturligtvis skrev jag. Noveller, kr\u00f6nikor, debattartiklar. Inte m\u00e5nga men f\u00f6r mig var de viktiga. Det var s\u00e5 sk\u00f6nt att f\u00e5 skriva n\u00e5got annat \u00e4n nyhetsnotiser, bildtexter och trubbiga rubriker.<\/p>\n\n\n\n<p class=\"wp-block-paragraph\">N\u00e4r jag ber\u00e4ttade f\u00f6r en tid sedan vad han betytt s\u00e5g han f\u00f6rv\u00e5nad ut.<br>Jag kan bara upprepa hur tacksam jag \u00e4r.<\/p>\n\n\n\n<p class=\"wp-block-paragraph\"><strong>\u201dSven-Ove blir glad av att springa\u201d<\/strong><br>I sommar var Peter en av dem som recenserade min l\u00f6parbok. Recensionen publicerades i F\u00f6reningen V\u00e4rmlandslitteraturs tidskrift Wermlandiana och p\u00e5 dess webbplats <a href=\"https:\/\/varmlandslitteratur.se\/\">varmlandslitteratur.se<\/a>. S\u00e5 h\u00e4r skriver han:<\/p>\n\n\n\n<p class=\"wp-block-paragraph\"><em><strong>\u201dSvensson, Sven-Ove,<\/strong><a>&nbsp;<\/a><a href=\"https:\/\/varmlandslitteratur.se\/Bokrecensioner_2024.htm#Svensson,_Sven-Ove,_Mitt_liv_som_V%C3%A4rmlands_s%C3%A4msta_l%C3%B6pare\" data-type=\"link\" data-id=\"https:\/\/varmlandslitteratur.se\/Bokrecensioner_2024.htm#Svensson,_Sven-Ove,_Mitt_liv_som_V%C3%A4rmlands_s%C3%A4msta_l%C3%B6pare\">Mitt liv som V\u00e4rmlands s\u00e4msta l\u00f6pare<\/a>. BoD 2024. 263 s.<\/em><\/p>\n\n\n\n<p class=\"wp-block-paragraph\"><em>N\u00e4r jag n\u00e5gon g\u00e5ng st\u00f6ter ihop med Sven-Ove Svensson blir det ofta korta m\u00f6ten \u2013 Sven-Ove \u00e4r en man i farten. Att han var det till den milda grad att han \u00e4gnade en stor del av fritiden \u00e5t att l\u00f6pa land och rike (=V\u00e4rmland) runt och d\u00e4rtill \u00e4gna \u00e4ven v\u00e4rlden utanf\u00f6r v\u00e5r provins och nation en och annan mara \u2013 det var f\u00f6r mig en nyhet. Om detta svettiga men rikt givande liv f\u00e5r vi nu veta det mesta i hans nya bok. Han sprang, enligt f\u00f6r\u00e4ldrarna, redan vid ett \u00e5rs \u00e5lder genom att hoppa \u00f6ver det d\u00e4r g\u00e5-stadiet som de flesta av oss n\u00f6jt oss med till en b\u00f6rjan. Sedan har han uppenbarligen bara fortsatt att springa p\u00e5.<br>Texterna har m\u00e5nga g\u00e5nger kommit till under l\u00f6prundorna och boken uppeh\u00e5ller sig mycket vid intrycken fr\u00e5n alla platser som Sven-Ove utforskat och upplevt under l\u00f6pningen. Allt har inte varit eufori och gr\u00f6na skogar \u2013 det \u00e4r rimligen inte s\u00e5 att man drar p\u00e5 smilbanden \u00e5t inflammerade h\u00e4lsenor eller en sprucken h\u00f6gert\u00e5 under Berlin marathon eller \u201dde tappade naglarna mellan V\u00e4rmlandsn\u00e4s sydspets och S\u00e4ffle\u201d (hur gick det till?) \u2013 men mycket roligt och underbart har det varit \u00e4nd\u00e5, f\u00f6rst\u00e5r man. Boken andas liniment och stinkande l\u00f6parskor (kurerade med tep\u00e5sar\u2026) men i lika h\u00f6g grad doften fr\u00e5n f\u00f6rbisprungna granar, fr\u00e5n en \u00e4ng v\u00e5r, sommar, h\u00f6st och vinter eller fr\u00e5n de rundade villakvarterens blommande rosenrabatter i Forshaga eller Deje. Sven-Ove blir glad av att springa. Och man blir glad av att l\u00e4sa hans som alltid underfundiga k\u00e5serier. F\u00f6r det \u00e4r s\u00e5 boken till stor del \u00e4r tillkommen: som en sammanl\u00e4ggning av de m\u00e5nga kr\u00f6nikor som f\u00f6rfattaren under \u00e5rtionden skrivit f\u00f6r tidningen&nbsp;Springtime\/Runner\u00b4s World Sverige.&nbsp;Den bakgrunden m\u00e4rks ibland n\u00e4r samma inneh\u00e5ll r\u00e4tt on\u00f6digtvis \u00e5terkommer flera g\u00e5nger i boken. Det korta kapitelformatet \u00e4r dock \u00f6verlag charmigt.<br>Baksidestexten talar om en t\u00e4nkebok f\u00f6r nyb\u00f6rjare, endorfinj\u00e4gare och \u201dgatuplockare\u201d (vad det \u00e4r f\u00e5r ni l\u00e4sa sj\u00e4lva). Visst kan den inspirera, om \u00e4n vissa av oss nog f\u00f6rblir s\u00e5dana som g\u00e4rna beundrar l\u00f6pning och l\u00f6pare, men fr\u00e5n soffan. F\u00f6rfattaren kommer med m\u00e5nga konkreta r\u00e5d om saker att t\u00e4nka p\u00e5. Ibland k\u00e4nns texterna v\u00e4l interna och tekniska. Boken kunde blivit vassare om den ocks\u00e5 varit lite kortare i meningen stramare redigerad. Men Sven-Ove Svensson kan man liksom aldrig f\u00e5 f\u00f6r mycket av.<\/em><\/p>\n\n\n\n<p class=\"wp-block-paragraph\"><strong><em>Peter Olausson<\/em><\/strong><br><em>Wermlandiana<\/em>&nbsp;2024:3\u201d<\/p>\n\n\n\n<p class=\"has-light-blue-background-color has-background wp-block-paragraph\"><strong>###<\/strong> L\u00e4s om Peter p\u00e5 Karlstads universitets webbplats: <a href=\"https:\/\/www.kau.se\/forskare\/peter-olausson\">Peter Olausson.<\/a><br><strong>###<\/strong> Min bok kan du best\u00e4lla h\u00e4r: <a href=\"https:\/\/bokshop.bod.se\/mitt-liv-som-vaermlands-saemsta-loepare-sven-ove-svensson-9789180973496\">Mitt liv som V\u00e4rmlands s\u00e4msta l\u00f6pare<\/a>. (D\u00e4r g\u00e5r det \u00e4ven att provl\u00e4sa n\u00e5gra texter).<br><strong>###<\/strong> Du kan ocks\u00e5 best\u00e4lla den genom att mejla till <a href=\"mailto:sven-ove@telia.com\">sven-ove@telia.com<\/a>. Jag tar 140 kr plus eventuellt porto.<\/p>\n\n\n\n<p class=\"has-light-gray-background-color has-background wp-block-paragraph\"><a href=\"https:\/\/sven-ove.nu\/\">Hem<\/a>&nbsp;|&nbsp;<a href=\"https:\/\/sven-ove.nu\/?page_id=170\">Om mig<\/a>&nbsp;|&nbsp;<a href=\"https:\/\/sven-ove.nu\/?page_id=1385\">Skriva &amp; prata<\/a>&nbsp;|&nbsp;<a href=\"https:\/\/sven-ove.nu\/?page_id=100\">Politik<\/a>&nbsp;|&nbsp;<a href=\"https:\/\/sven-ove.nu\/?page_id=102\">L\u00f6pa<\/a>&nbsp;|&nbsp;<a href=\"https:\/\/sven-ove.nu\/?page_id=108\">Viktor Root<\/a>&nbsp;&nbsp;<br><em>Inl\u00e4gg nr 2 426, (c) Sven-Ove Svensson (men dela g\u00e4rna<\/em>).<\/p>\n","protected":false},"excerpt":{"rendered":"<p>En g\u00e5ng i tiden var det Peter Olausson som s\u00e5g till att jag kom att forts\u00e4tta skriva sk\u00f6nlitter\u00e4rt. De d\u00e4r \u00e5ren n\u00e4r jag hade fullt upp med f\u00f6rs\u00f6rjningsjobb och n\u00e4r mitt andra skrivande hade g\u00e5tt i st\u00e5. D\u00e5 brukade det komma en best\u00e4llning fr\u00e5n tidskriften V\u00e4rml\u00e4ndsk Kultur d\u00e4r Peter var en av redakt\u00f6rerna.&#8211; Vi ska &hellip; <a href=\"https:\/\/sven-ove.nu\/?p=27477\" class=\"more-link\">Forts\u00e4tt l\u00e4sa <span class=\"screen-reader-text\">Peter fick mig att forts\u00e4tta skriva<\/span><\/a><\/p>\n","protected":false},"author":1,"featured_media":0,"comment_status":"closed","ping_status":"open","sticky":false,"template":"","format":"standard","meta":{"_crdt_document":"","_monsterinsights_skip_tracking":false,"_monsterinsights_sitenote_active":false,"_monsterinsights_sitenote_note":"","_monsterinsights_sitenote_category":0,"footnotes":""},"categories":[28,5,4],"tags":[14],"class_list":["post-27477","post","type-post","status-publish","format-standard","hentry","category-kreativt-folk","category-lopning","category-skrivande","tag-lasning"],"_links":{"self":[{"href":"https:\/\/sven-ove.nu\/index.php?rest_route=\/wp\/v2\/posts\/27477","targetHints":{"allow":["GET"]}}],"collection":[{"href":"https:\/\/sven-ove.nu\/index.php?rest_route=\/wp\/v2\/posts"}],"about":[{"href":"https:\/\/sven-ove.nu\/index.php?rest_route=\/wp\/v2\/types\/post"}],"author":[{"embeddable":true,"href":"https:\/\/sven-ove.nu\/index.php?rest_route=\/wp\/v2\/users\/1"}],"replies":[{"embeddable":true,"href":"https:\/\/sven-ove.nu\/index.php?rest_route=%2Fwp%2Fv2%2Fcomments&post=27477"}],"version-history":[{"count":11,"href":"https:\/\/sven-ove.nu\/index.php?rest_route=\/wp\/v2\/posts\/27477\/revisions"}],"predecessor-version":[{"id":27490,"href":"https:\/\/sven-ove.nu\/index.php?rest_route=\/wp\/v2\/posts\/27477\/revisions\/27490"}],"wp:attachment":[{"href":"https:\/\/sven-ove.nu\/index.php?rest_route=%2Fwp%2Fv2%2Fmedia&parent=27477"}],"wp:term":[{"taxonomy":"category","embeddable":true,"href":"https:\/\/sven-ove.nu\/index.php?rest_route=%2Fwp%2Fv2%2Fcategories&post=27477"},{"taxonomy":"post_tag","embeddable":true,"href":"https:\/\/sven-ove.nu\/index.php?rest_route=%2Fwp%2Fv2%2Ftags&post=27477"}],"curies":[{"name":"wp","href":"https:\/\/api.w.org\/{rel}","templated":true}]}}