{"id":27505,"date":"2025-01-15T04:43:00","date_gmt":"2025-01-15T03:43:00","guid":{"rendered":"https:\/\/sven-ove.nu\/?p=27505"},"modified":"2025-01-14T14:49:17","modified_gmt":"2025-01-14T13:49:17","slug":"en-dag-pa-lokal","status":"publish","type":"post","link":"https:\/\/sven-ove.nu\/?p=27505","title":{"rendered":"En dag p\u00e5 lokal"},"content":{"rendered":"\n<p class=\"wp-block-paragraph\">Pension\u00e4rslyx. \u00c5ker till stan, k\u00f6per bok och g\u00e5r p\u00e5 lokal f\u00f6r att fika. Det h\u00e4r blir en bra stund, t\u00e4nker jag.<\/p>\n\n\n\n<p class=\"wp-block-paragraph\">D\u00e5 b\u00f6rjar jag l\u00e4sa boken.<\/p>\n\n\n\n<figure class=\"wp-block-image size-large\"><a href=\"https:\/\/sven-ove.nu\/wp-content\/uploads\/2025\/01\/Fika-med-farsk-bok-scaled.jpeg\"><img loading=\"lazy\" decoding=\"async\" width=\"1024\" height=\"1024\" src=\"https:\/\/sven-ove.nu\/wp-content\/uploads\/2025\/01\/Fika-med-farsk-bok-1024x1024.jpeg\" alt=\"\" class=\"wp-image-27506\" srcset=\"https:\/\/sven-ove.nu\/wp-content\/uploads\/2025\/01\/Fika-med-farsk-bok-1024x1024.jpeg 1024w, https:\/\/sven-ove.nu\/wp-content\/uploads\/2025\/01\/Fika-med-farsk-bok-300x300.jpeg 300w, https:\/\/sven-ove.nu\/wp-content\/uploads\/2025\/01\/Fika-med-farsk-bok-150x150.jpeg 150w, https:\/\/sven-ove.nu\/wp-content\/uploads\/2025\/01\/Fika-med-farsk-bok-768x768.jpeg 768w, https:\/\/sven-ove.nu\/wp-content\/uploads\/2025\/01\/Fika-med-farsk-bok-1536x1536.jpeg 1536w, https:\/\/sven-ove.nu\/wp-content\/uploads\/2025\/01\/Fika-med-farsk-bok-2048x2048.jpeg 2048w\" sizes=\"auto, (max-width: 1024px) 100vw, 1024px\" \/><\/a><\/figure>\n\n\n\n<p class=\"has-light-gray-background-color has-background wp-block-paragraph\"><a href=\"https:\/\/sven-ove.nu\/\">Hem<\/a>\u00a0|\u00a0<a href=\"https:\/\/sven-ove.nu\/?page_id=170\">Om mig<\/a>\u00a0|\u00a0<a href=\"https:\/\/sven-ove.nu\/?page_id=1385\">Skriva &amp; prata<\/a>\u00a0|\u00a0<a href=\"https:\/\/sven-ove.nu\/?page_id=100\">Politik<\/a>\u00a0|\u00a0<a href=\"https:\/\/sven-ove.nu\/?page_id=102\">L\u00f6pa<\/a>\u00a0|\u00a0<a href=\"https:\/\/sven-ove.nu\/?page_id=108\">Viktor Root<\/a>\u00a0\u00a0<br><em>Inl\u00e4gg nr 2 428, (c) Sven-Ove Svensson (men dela g\u00e4rna<\/em>)<\/p>\n","protected":false},"excerpt":{"rendered":"<p>Pension\u00e4rslyx. \u00c5ker till stan, k\u00f6per bok och g\u00e5r p\u00e5 lokal f\u00f6r att fika. Det h\u00e4r blir en bra stund, t\u00e4nker jag. D\u00e5 b\u00f6rjar jag l\u00e4sa boken. Hem\u00a0|\u00a0Om mig\u00a0|\u00a0Skriva &amp; prata\u00a0|\u00a0Politik\u00a0|\u00a0L\u00f6pa\u00a0|\u00a0Viktor Root\u00a0\u00a0Inl\u00e4gg nr 2 428, (c) Sven-Ove Svensson (men dela g\u00e4rna)<\/p>\n","protected":false},"author":1,"featured_media":0,"comment_status":"closed","ping_status":"open","sticky":false,"template":"","format":"standard","meta":{"_crdt_document":"","_monsterinsights_skip_tracking":false,"_monsterinsights_sitenote_active":false,"_monsterinsights_sitenote_note":"","_monsterinsights_sitenote_category":0,"footnotes":""},"categories":[28,9],"tags":[14],"class_list":["post-27505","post","type-post","status-publish","format-standard","hentry","category-kreativt-folk","category-politik","tag-lasning"],"_links":{"self":[{"href":"https:\/\/sven-ove.nu\/index.php?rest_route=\/wp\/v2\/posts\/27505","targetHints":{"allow":["GET"]}}],"collection":[{"href":"https:\/\/sven-ove.nu\/index.php?rest_route=\/wp\/v2\/posts"}],"about":[{"href":"https:\/\/sven-ove.nu\/index.php?rest_route=\/wp\/v2\/types\/post"}],"author":[{"embeddable":true,"href":"https:\/\/sven-ove.nu\/index.php?rest_route=\/wp\/v2\/users\/1"}],"replies":[{"embeddable":true,"href":"https:\/\/sven-ove.nu\/index.php?rest_route=%2Fwp%2Fv2%2Fcomments&post=27505"}],"version-history":[{"count":2,"href":"https:\/\/sven-ove.nu\/index.php?rest_route=\/wp\/v2\/posts\/27505\/revisions"}],"predecessor-version":[{"id":27508,"href":"https:\/\/sven-ove.nu\/index.php?rest_route=\/wp\/v2\/posts\/27505\/revisions\/27508"}],"wp:attachment":[{"href":"https:\/\/sven-ove.nu\/index.php?rest_route=%2Fwp%2Fv2%2Fmedia&parent=27505"}],"wp:term":[{"taxonomy":"category","embeddable":true,"href":"https:\/\/sven-ove.nu\/index.php?rest_route=%2Fwp%2Fv2%2Fcategories&post=27505"},{"taxonomy":"post_tag","embeddable":true,"href":"https:\/\/sven-ove.nu\/index.php?rest_route=%2Fwp%2Fv2%2Ftags&post=27505"}],"curies":[{"name":"wp","href":"https:\/\/api.w.org\/{rel}","templated":true}]}}