{"id":27509,"date":"2025-01-16T04:57:00","date_gmt":"2025-01-16T03:57:00","guid":{"rendered":"https:\/\/sven-ove.nu\/?p=27509"},"modified":"2025-01-15T09:01:18","modified_gmt":"2025-01-15T08:01:18","slug":"utan-krisen-ingen-trump","status":"publish","type":"post","link":"https:\/\/sven-ove.nu\/?p=27509","title":{"rendered":"Utan krisen ingen Trump"},"content":{"rendered":"\n<blockquote class=\"wp-block-quote is-layout-flow wp-block-quote-is-layout-flow\">\n<p class=\"wp-block-paragraph\">Jag forts\u00e4tter att l\u00e4sa ekonomijournalisten Andreas Cervenkas bok Fuskbygget.<br>H\u00e4r \u00e4r n\u00e5gra citat:<\/p>\n<\/blockquote>\n\n\n\n<p class=\"wp-block-paragraph\">\u201dI Sverige bor n\u00e4stan 200 000 unga mellan 20 och 27 \u00e5r ofrivilligt kvar i f\u00f6r\u00e4ldrahemmet, enligt Hyresg\u00e4stf\u00f6reningen.\u201d<\/p>\n\n\n\n<p class=\"wp-block-paragraph\">\u201dFinanskrisen 2008, utl\u00f6st av en l\u00e5nefinansierad husbubbla i USA och i flera andra l\u00e4nder, drog inte bara ner v\u00e4rldsekonomin i den djupaste krisen sedan 1930-talet, den f\u00f6r\u00e4ndrade ocks\u00e5 politiken i grunden. Som Donald Trumps r\u00e5dgivare Steve Bannon har sammanfattat saken: utan finanskrisen, ingen Donald Trump.\u201d<\/p>\n\n\n\n<figure class=\"wp-block-image size-large\"><a href=\"https:\/\/sven-ove.nu\/wp-content\/uploads\/2025\/01\/IMG_1701.jpeg\"><img loading=\"lazy\" decoding=\"async\" width=\"1024\" height=\"1024\" src=\"https:\/\/sven-ove.nu\/wp-content\/uploads\/2025\/01\/IMG_1701-1024x1024.jpeg\" alt=\"\" class=\"wp-image-27512\" srcset=\"https:\/\/sven-ove.nu\/wp-content\/uploads\/2025\/01\/IMG_1701-1024x1024.jpeg 1024w, https:\/\/sven-ove.nu\/wp-content\/uploads\/2025\/01\/IMG_1701-300x300.jpeg 300w, https:\/\/sven-ove.nu\/wp-content\/uploads\/2025\/01\/IMG_1701-150x150.jpeg 150w, https:\/\/sven-ove.nu\/wp-content\/uploads\/2025\/01\/IMG_1701-768x768.jpeg 768w, https:\/\/sven-ove.nu\/wp-content\/uploads\/2025\/01\/IMG_1701-1536x1536.jpeg 1536w, https:\/\/sven-ove.nu\/wp-content\/uploads\/2025\/01\/IMG_1701-2048x2048.jpeg 2048w\" sizes=\"auto, (max-width: 1024px) 100vw, 1024px\" \/><\/a><\/figure>\n\n\n\n<p class=\"has-light-gray-background-color has-background wp-block-paragraph\"><a href=\"https:\/\/sven-ove.nu\/\">Hem<\/a>\u00a0|\u00a0<a href=\"https:\/\/sven-ove.nu\/?page_id=170\">Om mig<\/a>\u00a0|\u00a0<a href=\"https:\/\/sven-ove.nu\/?page_id=1385\">Skriva &amp; prata<\/a>\u00a0|\u00a0<a href=\"https:\/\/sven-ove.nu\/?page_id=100\">Politik<\/a>\u00a0|\u00a0<a href=\"https:\/\/sven-ove.nu\/?page_id=102\">L\u00f6pa<\/a>\u00a0|\u00a0<a href=\"https:\/\/sven-ove.nu\/?page_id=108\">Viktor Root<\/a>\u00a0\u00a0<br><em>Inl\u00e4gg nr 2 429, (c) Sven-Ove Svensson (men dela g\u00e4rna<\/em>)<\/p>\n","protected":false},"excerpt":{"rendered":"<p>Jag forts\u00e4tter att l\u00e4sa ekonomijournalisten Andreas Cervenkas bok Fuskbygget.H\u00e4r \u00e4r n\u00e5gra citat: \u201dI Sverige bor n\u00e4stan 200 000 unga mellan 20 och 27 \u00e5r ofrivilligt kvar i f\u00f6r\u00e4ldrahemmet, enligt Hyresg\u00e4stf\u00f6reningen.\u201d \u201dFinanskrisen 2008, utl\u00f6st av en l\u00e5nefinansierad husbubbla i USA och i flera andra l\u00e4nder, drog inte bara ner v\u00e4rldsekonomin i den djupaste krisen sedan 1930-talet, &hellip; <a href=\"https:\/\/sven-ove.nu\/?p=27509\" class=\"more-link\">Forts\u00e4tt l\u00e4sa <span class=\"screen-reader-text\">Utan krisen ingen Trump<\/span><\/a><\/p>\n","protected":false},"author":1,"featured_media":0,"comment_status":"closed","ping_status":"open","sticky":false,"template":"","format":"standard","meta":{"_crdt_document":"","_monsterinsights_skip_tracking":false,"_monsterinsights_sitenote_active":false,"_monsterinsights_sitenote_note":"","_monsterinsights_sitenote_category":0,"footnotes":""},"categories":[28,9],"tags":[14],"class_list":["post-27509","post","type-post","status-publish","format-standard","hentry","category-kreativt-folk","category-politik","tag-lasning"],"_links":{"self":[{"href":"https:\/\/sven-ove.nu\/index.php?rest_route=\/wp\/v2\/posts\/27509","targetHints":{"allow":["GET"]}}],"collection":[{"href":"https:\/\/sven-ove.nu\/index.php?rest_route=\/wp\/v2\/posts"}],"about":[{"href":"https:\/\/sven-ove.nu\/index.php?rest_route=\/wp\/v2\/types\/post"}],"author":[{"embeddable":true,"href":"https:\/\/sven-ove.nu\/index.php?rest_route=\/wp\/v2\/users\/1"}],"replies":[{"embeddable":true,"href":"https:\/\/sven-ove.nu\/index.php?rest_route=%2Fwp%2Fv2%2Fcomments&post=27509"}],"version-history":[{"count":3,"href":"https:\/\/sven-ove.nu\/index.php?rest_route=\/wp\/v2\/posts\/27509\/revisions"}],"predecessor-version":[{"id":27513,"href":"https:\/\/sven-ove.nu\/index.php?rest_route=\/wp\/v2\/posts\/27509\/revisions\/27513"}],"wp:attachment":[{"href":"https:\/\/sven-ove.nu\/index.php?rest_route=%2Fwp%2Fv2%2Fmedia&parent=27509"}],"wp:term":[{"taxonomy":"category","embeddable":true,"href":"https:\/\/sven-ove.nu\/index.php?rest_route=%2Fwp%2Fv2%2Fcategories&post=27509"},{"taxonomy":"post_tag","embeddable":true,"href":"https:\/\/sven-ove.nu\/index.php?rest_route=%2Fwp%2Fv2%2Ftags&post=27509"}],"curies":[{"name":"wp","href":"https:\/\/api.w.org\/{rel}","templated":true}]}}