{"id":27519,"date":"2025-01-22T06:49:53","date_gmt":"2025-01-22T05:49:53","guid":{"rendered":"https:\/\/sven-ove.nu\/?p=27519"},"modified":"2025-01-22T07:39:47","modified_gmt":"2025-01-22T06:39:47","slug":"den-varsta-tjalen","status":"publish","type":"post","link":"https:\/\/sven-ove.nu\/?p=27519","title":{"rendered":"Den v\u00e4rsta tj\u00e4len"},"content":{"rendered":"\n<figure class=\"wp-block-image size-large\"><a href=\"https:\/\/sven-ove.nu\/wp-content\/uploads\/2025\/01\/IMG_1712.jpeg\"><img loading=\"lazy\" decoding=\"async\" width=\"1024\" height=\"1024\" src=\"https:\/\/sven-ove.nu\/wp-content\/uploads\/2025\/01\/IMG_1712-1024x1024.jpeg\" alt=\"\" class=\"wp-image-27520\" srcset=\"https:\/\/sven-ove.nu\/wp-content\/uploads\/2025\/01\/IMG_1712-1024x1024.jpeg 1024w, https:\/\/sven-ove.nu\/wp-content\/uploads\/2025\/01\/IMG_1712-300x300.jpeg 300w, https:\/\/sven-ove.nu\/wp-content\/uploads\/2025\/01\/IMG_1712-150x150.jpeg 150w, https:\/\/sven-ove.nu\/wp-content\/uploads\/2025\/01\/IMG_1712-768x768.jpeg 768w, https:\/\/sven-ove.nu\/wp-content\/uploads\/2025\/01\/IMG_1712.jpeg 1179w\" sizes=\"auto, (max-width: 1024px) 100vw, 1024px\" \/><\/a><figcaption class=\"wp-element-caption\">Uppdaterad bild fr\u00e5n &#8221;v\u00e5r&#8221; v\u00e4derkamera vid 62:an.<\/figcaption><\/figure>\n\n\n\n<blockquote class=\"wp-block-quote is-layout-flow wp-block-quote-is-layout-flow\">\n<p class=\"wp-block-paragraph\">Den digitala tekniken \u00e4r sp\u00e4nnande.<br>Med ett par knapptryck kan jag f\u00e5 fram tj\u00e4ldjupet i Filipstad, marktemperaturen uppe vid stora v\u00e4gen n\u00e5gra hundra meter hemifr\u00e5n eller var folk har sett den trivsamma f\u00e5geln tallbit i v\u00e5r kommun nu senast.<\/p>\n<\/blockquote>\n\n\n\n<p class=\"wp-block-paragraph\">G\u00f6r jag mig besv\u00e4r med att skriva ner en best\u00e4llning kan jag till och med f\u00e5 mobilen att spotta fram ett kl\u00e4mmigt tal till mina v\u00e4nner vandrargubbarna i skogen.<\/p>\n\n\n\n<p class=\"wp-block-paragraph\">Allt detta \u00e4r roligt, bra att ha eller f\u00f6runderligt, t\u00e4nker jag.<\/p>\n\n\n\n<p class=\"wp-block-paragraph\"><strong>Den g\u00e5ngen visste vi b\u00e4ttre<\/strong><br>Men. Det \u00e4r d\u00e5 jag inser vem jag \u00e4r. Den har ju en baksida ocks\u00e5, all sp\u00e4nnande teknisk utveckling. Jag \u00e4r inte bara en nyfiken anv\u00e4ndare. Jag \u00e4r en fundersam 74-\u00e5ring med backspegel ocks\u00e5. En som minns n\u00e4r alla hush\u00e5ll h\u00f6ll sig med en dagstidning som alla l\u00e4ste. D\u00e5, n\u00e4r det fanns en gemensam offentlighet i landet och v\u00e5ra morgontidningar hade journalister p\u00e5 plats i kommunerna som kunde bevaka och ber\u00e4tta, lokalt.<\/p>\n\n\n\n<p class=\"wp-block-paragraph\">S\u00e5 vi skulle veta.<\/p>\n\n\n\n<p class=\"wp-block-paragraph\">Nu l\u00e4gger tv\u00e5 tidningar till ner sina pappersupplagor, l\u00e4ser jag. Bohusl\u00e4ningen och ST-tidningen. Aftonbladet st\u00e5r n\u00e4st p\u00e5 tur, anar jag mellan raderna.<\/p>\n\n\n\n<p class=\"wp-block-paragraph\">Demokratin blir allt enklare att manipulera.<\/p>\n\n\n\n<p class=\"has-light-blue-background-color has-background wp-block-paragraph\"><em>### Tj\u00e4len \u00e4r drygt 50 centimeter djup under en grusv\u00e4g i Filipstad, om du undrar.<br>### Sj\u00e4lv undrar jag hur de m\u00e4ter\u2019t.<br>### F\u00f6r \u00f6vrigt l\u00e4ser jag min tidning digitalt, \u00e4ven jag, m\u00e5nga dagar. Men jag vet varf\u00f6r den blivit s\u00e5 tunn och klen som demokratisk granskare och informat\u00f6r.\u00a0<\/em><br><em><br>Den tj\u00e4len \u00e4r v\u00e4rre.<\/em><\/p>\n\n\n\n<p class=\"has-light-gray-background-color has-background wp-block-paragraph\"><a href=\"https:\/\/sven-ove.nu\/\">Hem<\/a>&nbsp;|&nbsp;<a href=\"https:\/\/sven-ove.nu\/?page_id=170\">Om mig<\/a>&nbsp;|&nbsp;<a href=\"https:\/\/sven-ove.nu\/?page_id=1385\">Skriva &amp; prata<\/a>&nbsp;|&nbsp;<a href=\"https:\/\/sven-ove.nu\/?page_id=100\">Politik<\/a>&nbsp;|&nbsp;<a href=\"https:\/\/sven-ove.nu\/?page_id=102\">L\u00f6pa<\/a>&nbsp;|&nbsp;<a href=\"https:\/\/sven-ove.nu\/?page_id=108\">Viktor Root<\/a>&nbsp;&nbsp;<br><em>Inl\u00e4gg nr 2 431, (c) Sven-Ove Svensson (men dela g\u00e4rna<\/em>)<\/p>\n","protected":false},"excerpt":{"rendered":"<p>Den digitala tekniken \u00e4r sp\u00e4nnande.Med ett par knapptryck kan jag f\u00e5 fram tj\u00e4ldjupet i Filipstad, marktemperaturen uppe vid stora v\u00e4gen n\u00e5gra hundra meter hemifr\u00e5n eller var folk har sett den trivsamma f\u00e5geln tallbit i v\u00e5r kommun nu senast. G\u00f6r jag mig besv\u00e4r med att skriva ner en best\u00e4llning kan jag till och med f\u00e5 mobilen &hellip; <a href=\"https:\/\/sven-ove.nu\/?p=27519\" class=\"more-link\">Forts\u00e4tt l\u00e4sa <span class=\"screen-reader-text\">Den v\u00e4rsta tj\u00e4len<\/span><\/a><\/p>\n","protected":false},"author":1,"featured_media":0,"comment_status":"closed","ping_status":"open","sticky":false,"template":"","format":"standard","meta":{"_crdt_document":"","_monsterinsights_skip_tracking":false,"_monsterinsights_sitenote_active":false,"_monsterinsights_sitenote_note":"","_monsterinsights_sitenote_category":0,"footnotes":""},"categories":[28],"tags":[8,18,14,15,13],"class_list":["post-27519","post","type-post","status-publish","format-standard","hentry","category-kreativt-folk","tag-historia","tag-lardomar","tag-lasning","tag-mediedjungeln","tag-utrustning"],"_links":{"self":[{"href":"https:\/\/sven-ove.nu\/index.php?rest_route=\/wp\/v2\/posts\/27519","targetHints":{"allow":["GET"]}}],"collection":[{"href":"https:\/\/sven-ove.nu\/index.php?rest_route=\/wp\/v2\/posts"}],"about":[{"href":"https:\/\/sven-ove.nu\/index.php?rest_route=\/wp\/v2\/types\/post"}],"author":[{"embeddable":true,"href":"https:\/\/sven-ove.nu\/index.php?rest_route=\/wp\/v2\/users\/1"}],"replies":[{"embeddable":true,"href":"https:\/\/sven-ove.nu\/index.php?rest_route=%2Fwp%2Fv2%2Fcomments&post=27519"}],"version-history":[{"count":3,"href":"https:\/\/sven-ove.nu\/index.php?rest_route=\/wp\/v2\/posts\/27519\/revisions"}],"predecessor-version":[{"id":27530,"href":"https:\/\/sven-ove.nu\/index.php?rest_route=\/wp\/v2\/posts\/27519\/revisions\/27530"}],"wp:attachment":[{"href":"https:\/\/sven-ove.nu\/index.php?rest_route=%2Fwp%2Fv2%2Fmedia&parent=27519"}],"wp:term":[{"taxonomy":"category","embeddable":true,"href":"https:\/\/sven-ove.nu\/index.php?rest_route=%2Fwp%2Fv2%2Fcategories&post=27519"},{"taxonomy":"post_tag","embeddable":true,"href":"https:\/\/sven-ove.nu\/index.php?rest_route=%2Fwp%2Fv2%2Ftags&post=27519"}],"curies":[{"name":"wp","href":"https:\/\/api.w.org\/{rel}","templated":true}]}}