{"id":27523,"date":"2025-01-23T04:28:00","date_gmt":"2025-01-23T03:28:00","guid":{"rendered":"https:\/\/sven-ove.nu\/?p=27523"},"modified":"2025-01-22T07:50:21","modified_gmt":"2025-01-22T06:50:21","slug":"har-hittar-jag-tjaldjupet","status":"publish","type":"post","link":"https:\/\/sven-ove.nu\/?p=27523","title":{"rendered":"H\u00e4r hittar jag tj\u00e4ldjupet"},"content":{"rendered":"\n<figure class=\"wp-block-image size-medium\"><a href=\"https:\/\/sven-ove.nu\/wp-content\/uploads\/2025\/01\/Skarmavbild-2025-01-22-kl.-07.39.16.jpeg\"><img loading=\"lazy\" decoding=\"async\" width=\"300\" height=\"300\" src=\"https:\/\/sven-ove.nu\/wp-content\/uploads\/2025\/01\/Skarmavbild-2025-01-22-kl.-07.39.16-300x300.jpeg\" alt=\"\" class=\"wp-image-27531\" srcset=\"https:\/\/sven-ove.nu\/wp-content\/uploads\/2025\/01\/Skarmavbild-2025-01-22-kl.-07.39.16-300x300.jpeg 300w, https:\/\/sven-ove.nu\/wp-content\/uploads\/2025\/01\/Skarmavbild-2025-01-22-kl.-07.39.16-150x150.jpeg 150w, https:\/\/sven-ove.nu\/wp-content\/uploads\/2025\/01\/Skarmavbild-2025-01-22-kl.-07.39.16.jpeg 520w\" sizes=\"auto, (max-width: 300px) 100vw, 300px\" \/><\/a><\/figure>\n\n\n\n<blockquote class=\"wp-block-quote is-layout-flow wp-block-quote-is-layout-flow\">\n<p class=\"wp-block-paragraph\">Hur kan du se tj\u00e4ldjupet i Filipstad? fr\u00e5gar folk som har l\u00e4st g\u00e5rdagens inl\u00e4gg. H\u00e4r \u00e4r allts\u00e5 n\u00e5gra l\u00e4nkar till sajter som jag ber\u00f6rde:<\/p>\n<\/blockquote>\n\n\n\n<p class=\"has-dark-gray-color has-text-color has-link-color wp-elements-9e2c78c3e01f46aa9ec0f2670a82b545 wp-block-paragraph\"><strong>L\u00e4nkar<\/strong><br><a href=\"https:\/\/tjaldjup.trafikverket.se\/#\/\">Tj\u00e4ldjupet<\/a><br><a href=\"https:\/\/www.trafikverket.se\/trafikinformation\/vag\/?TrafficType=personalTraffic&amp;map=1%2F606442.17%2F6886316.22%2F&amp;Layers=RoadWeather%2B&amp;map_x=402307.76477&amp;map_y=6605659.30391&amp;map_z=3&amp;map_l=100000001000000\">V\u00e4derkamerorna<\/a><br><a href=\"https:\/\/www.artportalen.se\/\">Artportalen<\/a><\/p>\n\n\n\n<p class=\"wp-block-paragraph\">V\u00e4derkamerorna tittar jag ofta p\u00e5 om vintrarna, n\u00e4r jag ska ut p\u00e5 l\u00e5ngtur med bilen. V\u00e4gtemperaturen \u00e4r nyttig att k\u00e4nna till.<\/p>\n\n\n\n<p class=\"has-light-blue-background-color has-background wp-block-paragraph\"><a href=\"https:\/\/sven-ove.nu\/\">Hem<\/a>&nbsp;|&nbsp;<a href=\"https:\/\/sven-ove.nu\/?page_id=170\">Om mig<\/a>&nbsp;|&nbsp;<a href=\"https:\/\/sven-ove.nu\/?page_id=1385\">Skriva &amp; prata<\/a>&nbsp;|&nbsp;<a href=\"https:\/\/sven-ove.nu\/?page_id=100\">Politik<\/a>&nbsp;|&nbsp;<a href=\"https:\/\/sven-ove.nu\/?page_id=102\">L\u00f6pa<\/a>&nbsp;|&nbsp;<a href=\"https:\/\/sven-ove.nu\/?page_id=108\">Viktor Root<\/a>&nbsp;&nbsp;<br><em>Inl\u00e4gg nr 2 432, (c) Sven-Ove Svensson (men dela g\u00e4rna<\/em>)<\/p>\n","protected":false},"excerpt":{"rendered":"<p>Hur kan du se tj\u00e4ldjupet i Filipstad? fr\u00e5gar folk som har l\u00e4st g\u00e5rdagens inl\u00e4gg. H\u00e4r \u00e4r allts\u00e5 n\u00e5gra l\u00e4nkar till sajter som jag ber\u00f6rde: L\u00e4nkarTj\u00e4ldjupetV\u00e4derkamerornaArtportalen V\u00e4derkamerorna tittar jag ofta p\u00e5 om vintrarna, n\u00e4r jag ska ut p\u00e5 l\u00e5ngtur med bilen. V\u00e4gtemperaturen \u00e4r nyttig att k\u00e4nna till. Hem&nbsp;|&nbsp;Om mig&nbsp;|&nbsp;Skriva &amp; prata&nbsp;|&nbsp;Politik&nbsp;|&nbsp;L\u00f6pa&nbsp;|&nbsp;Viktor Root&nbsp;&nbsp;Inl\u00e4gg nr 2 432, (c) &hellip; <a href=\"https:\/\/sven-ove.nu\/?p=27523\" class=\"more-link\">Forts\u00e4tt l\u00e4sa <span class=\"screen-reader-text\">H\u00e4r hittar jag tj\u00e4ldjupet<\/span><\/a><\/p>\n","protected":false},"author":1,"featured_media":0,"comment_status":"closed","ping_status":"open","sticky":false,"template":"","format":"standard","meta":{"_crdt_document":"","_monsterinsights_skip_tracking":false,"_monsterinsights_sitenote_active":false,"_monsterinsights_sitenote_note":"","_monsterinsights_sitenote_category":0,"footnotes":""},"categories":[6],"tags":[15,13],"class_list":["post-27523","post","type-post","status-publish","format-standard","hentry","category-natur","tag-mediedjungeln","tag-utrustning"],"_links":{"self":[{"href":"https:\/\/sven-ove.nu\/index.php?rest_route=\/wp\/v2\/posts\/27523","targetHints":{"allow":["GET"]}}],"collection":[{"href":"https:\/\/sven-ove.nu\/index.php?rest_route=\/wp\/v2\/posts"}],"about":[{"href":"https:\/\/sven-ove.nu\/index.php?rest_route=\/wp\/v2\/types\/post"}],"author":[{"embeddable":true,"href":"https:\/\/sven-ove.nu\/index.php?rest_route=\/wp\/v2\/users\/1"}],"replies":[{"embeddable":true,"href":"https:\/\/sven-ove.nu\/index.php?rest_route=%2Fwp%2Fv2%2Fcomments&post=27523"}],"version-history":[{"count":6,"href":"https:\/\/sven-ove.nu\/index.php?rest_route=\/wp\/v2\/posts\/27523\/revisions"}],"predecessor-version":[{"id":27534,"href":"https:\/\/sven-ove.nu\/index.php?rest_route=\/wp\/v2\/posts\/27523\/revisions\/27534"}],"wp:attachment":[{"href":"https:\/\/sven-ove.nu\/index.php?rest_route=%2Fwp%2Fv2%2Fmedia&parent=27523"}],"wp:term":[{"taxonomy":"category","embeddable":true,"href":"https:\/\/sven-ove.nu\/index.php?rest_route=%2Fwp%2Fv2%2Fcategories&post=27523"},{"taxonomy":"post_tag","embeddable":true,"href":"https:\/\/sven-ove.nu\/index.php?rest_route=%2Fwp%2Fv2%2Ftags&post=27523"}],"curies":[{"name":"wp","href":"https:\/\/api.w.org\/{rel}","templated":true}]}}