{"id":27536,"date":"2025-01-28T09:44:00","date_gmt":"2025-01-28T08:44:00","guid":{"rendered":"https:\/\/sven-ove.nu\/?p=27536"},"modified":"2025-01-28T09:56:35","modified_gmt":"2025-01-28T08:56:35","slug":"27536","status":"publish","type":"post","link":"https:\/\/sven-ove.nu\/?p=27536","title":{"rendered":"Filartisdag inf\u00f6r skrivars\u00f6ndag"},"content":{"rendered":"\n<figure class=\"wp-block-image size-large\"><a href=\"https:\/\/sven-ove.nu\/wp-content\/uploads\/2025\/01\/IMG_1772.jpeg\"><img loading=\"lazy\" decoding=\"async\" width=\"1024\" height=\"1003\" src=\"https:\/\/sven-ove.nu\/wp-content\/uploads\/2025\/01\/IMG_1772-1024x1003.jpeg\" alt=\"\" class=\"wp-image-27540\" srcset=\"https:\/\/sven-ove.nu\/wp-content\/uploads\/2025\/01\/IMG_1772-1024x1003.jpeg 1024w, https:\/\/sven-ove.nu\/wp-content\/uploads\/2025\/01\/IMG_1772-300x294.jpeg 300w, https:\/\/sven-ove.nu\/wp-content\/uploads\/2025\/01\/IMG_1772-768x752.jpeg 768w, https:\/\/sven-ove.nu\/wp-content\/uploads\/2025\/01\/IMG_1772-1536x1505.jpeg 1536w, https:\/\/sven-ove.nu\/wp-content\/uploads\/2025\/01\/IMG_1772-2048x2006.jpeg 2048w\" sizes=\"auto, (max-width: 1024px) 100vw, 1024px\" \/><\/a><\/figure>\n\n\n\n<blockquote class=\"wp-block-quote is-layout-flow wp-block-quote-is-layout-flow\">\n<p class=\"wp-block-paragraph\">Jag sitter och filar p\u00e5 ett kommande framtr\u00e4dande. Skrivs\u00f6ndag p\u00e5 Forshaga bibliotek den 9 mars.<\/p>\n\n\n\n<p class=\"wp-block-paragraph\">\u201dSven-Ove Svensson ber\u00e4ttar varf\u00f6r han b\u00f6rjade skriva, om skrivandets gl\u00e4dje och tv\u00e5ng\u201d, st\u00e5r det i inbjudan. \u201dHan l\u00e4ser ur sina b\u00f6cker och delar med sig av n\u00e5gra tips till dig som tycker om att skriva.\u201d<\/p>\n<\/blockquote>\n\n\n\n<p class=\"wp-block-paragraph\">Det \u00e4r f\u00f6rsta g\u00e5ngen p\u00e5 biblioteket h\u00e4r hemma. D\u00e5 hj\u00e4lper det inte att jag st\u00e5tt framf\u00f6r en publik snart 800 g\u00e5nger. Hemmaplan \u00e4r alltid extra.<\/p>\n\n\n\n<p class=\"wp-block-paragraph\">Hur ska jag f\u00f6rklara varf\u00f6r jag skriver? Vad ska jag s\u00e4ga om vem jag v\u00e4nder mig till? Hur kan jag ber\u00e4tta om gl\u00e4djen?<br>Finns det n\u00e5gon bra bok om skrivande som jag kan tipsa om?<\/p>\n\n\n\n<p class=\"wp-block-paragraph\">Vilka tips kan jag ge till den som skriver? Vilka b\u00f6cker som jag skrivit ska jag ta med? Vilka texten ur dem ska jag l\u00e4sa? Finns det n\u00e5gra som jag inte l\u00e4st s\u00f6nder?<\/p>\n\n\n\n<p class=\"wp-block-paragraph\">Det \u00e4r s\u00e5 roligt detta.<br>Jag som inte v\u00e5gade s\u00e4ga ett ord framf\u00f6r folk.<\/p>\n\n\n\n<p class=\"has-light-blue-background-color has-background wp-block-paragraph\"><em>### Kanske ska ta den om backhopparen?<\/em><br><em>### Eller r\u00e5bocken? Storv\u00e4sten?<\/em><br><em>### Kanske kan jag till och med f\u00e5 n\u00e5gon att uppt\u00e4cka den f\u00f6rsvagande f\u00f6rst\u00e4rkningen?<\/em><\/p>\n\n\n\n<p class=\"wp-block-paragraph\">&#8211; 9 mars. Det \u00e4r snart, va\u2019?<\/p>\n\n\n\n<p class=\"has-light-gray-background-color has-background wp-block-paragraph\"><a href=\"https:\/\/sven-ove.nu\/\">Hem<\/a>&nbsp;|&nbsp;<a href=\"https:\/\/sven-ove.nu\/?page_id=170\">Om mig<\/a>&nbsp;|&nbsp;<a href=\"https:\/\/sven-ove.nu\/?page_id=1385\">Skriva &amp; prata<\/a>&nbsp;|&nbsp;<a href=\"https:\/\/sven-ove.nu\/?page_id=100\">Politik<\/a>&nbsp;|&nbsp;<a href=\"https:\/\/sven-ove.nu\/?page_id=102\">L\u00f6pa<\/a>&nbsp;|&nbsp;<a href=\"https:\/\/sven-ove.nu\/?page_id=108\">Viktor Root<\/a>&nbsp;&nbsp;<br><em>Inl\u00e4gg nr 2 433, (c) Sven-Ove Svensson (men dela g\u00e4rna<\/em>)<\/p>\n","protected":false},"excerpt":{"rendered":"<p>Jag sitter och filar p\u00e5 ett kommande framtr\u00e4dande. Skrivs\u00f6ndag p\u00e5 Forshaga bibliotek den 9 mars. \u201dSven-Ove Svensson ber\u00e4ttar varf\u00f6r han b\u00f6rjade skriva, om skrivandets gl\u00e4dje och tv\u00e5ng\u201d, st\u00e5r det i inbjudan. \u201dHan l\u00e4ser ur sina b\u00f6cker och delar med sig av n\u00e5gra tips till dig som tycker om att skriva.\u201d Det \u00e4r f\u00f6rsta g\u00e5ngen p\u00e5 &hellip; <a href=\"https:\/\/sven-ove.nu\/?p=27536\" class=\"more-link\">Forts\u00e4tt l\u00e4sa <span class=\"screen-reader-text\">Filartisdag inf\u00f6r skrivars\u00f6ndag<\/span><\/a><\/p>\n","protected":false},"author":1,"featured_media":0,"comment_status":"closed","ping_status":"open","sticky":false,"template":"","format":"standard","meta":{"_crdt_document":"","_monsterinsights_skip_tracking":false,"_monsterinsights_sitenote_active":false,"_monsterinsights_sitenote_note":"","_monsterinsights_sitenote_category":0,"footnotes":""},"categories":[28],"tags":[],"class_list":["post-27536","post","type-post","status-publish","format-standard","hentry","category-kreativt-folk"],"_links":{"self":[{"href":"https:\/\/sven-ove.nu\/index.php?rest_route=\/wp\/v2\/posts\/27536","targetHints":{"allow":["GET"]}}],"collection":[{"href":"https:\/\/sven-ove.nu\/index.php?rest_route=\/wp\/v2\/posts"}],"about":[{"href":"https:\/\/sven-ove.nu\/index.php?rest_route=\/wp\/v2\/types\/post"}],"author":[{"embeddable":true,"href":"https:\/\/sven-ove.nu\/index.php?rest_route=\/wp\/v2\/users\/1"}],"replies":[{"embeddable":true,"href":"https:\/\/sven-ove.nu\/index.php?rest_route=%2Fwp%2Fv2%2Fcomments&post=27536"}],"version-history":[{"count":4,"href":"https:\/\/sven-ove.nu\/index.php?rest_route=\/wp\/v2\/posts\/27536\/revisions"}],"predecessor-version":[{"id":27542,"href":"https:\/\/sven-ove.nu\/index.php?rest_route=\/wp\/v2\/posts\/27536\/revisions\/27542"}],"wp:attachment":[{"href":"https:\/\/sven-ove.nu\/index.php?rest_route=%2Fwp%2Fv2%2Fmedia&parent=27536"}],"wp:term":[{"taxonomy":"category","embeddable":true,"href":"https:\/\/sven-ove.nu\/index.php?rest_route=%2Fwp%2Fv2%2Fcategories&post=27536"},{"taxonomy":"post_tag","embeddable":true,"href":"https:\/\/sven-ove.nu\/index.php?rest_route=%2Fwp%2Fv2%2Ftags&post=27536"}],"curies":[{"name":"wp","href":"https:\/\/api.w.org\/{rel}","templated":true}]}}