{"id":27543,"date":"2025-02-03T05:15:00","date_gmt":"2025-02-03T04:15:00","guid":{"rendered":"https:\/\/sven-ove.nu\/?p=27543"},"modified":"2025-02-02T19:21:47","modified_gmt":"2025-02-02T18:21:47","slug":"nastan-alla-ska-med","status":"publish","type":"post","link":"https:\/\/sven-ove.nu\/?p=27543","title":{"rendered":"&#8221;N\u00e4stan alla ska med&#8221;"},"content":{"rendered":"<div class=\"wp-block-image\">\n<figure class=\"alignleft size-large is-resized\"><a href=\"https:\/\/sven-ove.nu\/wp-content\/uploads\/2025\/02\/IMG_1786.jpeg\"><img loading=\"lazy\" decoding=\"async\" width=\"810\" height=\"1024\" src=\"https:\/\/sven-ove.nu\/wp-content\/uploads\/2025\/02\/IMG_1786-810x1024.jpeg\" alt=\"\" class=\"wp-image-27544\" style=\"width:690px;height:auto\" srcset=\"https:\/\/sven-ove.nu\/wp-content\/uploads\/2025\/02\/IMG_1786-810x1024.jpeg 810w, https:\/\/sven-ove.nu\/wp-content\/uploads\/2025\/02\/IMG_1786-237x300.jpeg 237w, https:\/\/sven-ove.nu\/wp-content\/uploads\/2025\/02\/IMG_1786-768x971.jpeg 768w, https:\/\/sven-ove.nu\/wp-content\/uploads\/2025\/02\/IMG_1786.jpeg 1179w\" sizes=\"auto, (max-width: 810px) 100vw, 810px\" \/><\/a><\/figure>\n<\/div>\n\n\n<p class=\"has-text-align-right wp-block-paragraph\"><em>Bild fr\u00e5n Facebook.<\/em><\/p>\n\n\n\n<blockquote class=\"wp-block-quote is-layout-flow wp-block-quote-is-layout-flow\">\n<p class=\"wp-block-paragraph\">Socialdemokraterna vill skydda vanliga svenskar mot bombd\u00e5d.<br>Det l\u00e5ter ju klokt och bra f\u00f6rst. Den senaste tidens spr\u00e4ngattentat \u00e4r f\u00f6rf\u00e4rliga.<\/p>\n<\/blockquote>\n\n\n\n<p class=\"wp-block-paragraph\">Sedan l\u00e4ser jag texten en g\u00e5ng till. Vad \u00e4r det de skriver egentligen?! \u201dVanliga svenskar\u201d?<\/p>\n\n\n\n<p class=\"wp-block-paragraph\">Vilka \u00e4r det d\u00e5 som INTE ska skyddas? Syriska flyktingar i Forshaga? Indiska arbetskraftsinvandrare i Karlstad? Romska tiggare i G\u00f6teborg?<\/p>\n\n\n\n<p class=\"wp-block-paragraph\">Pl\u00f6tsligt f\u00e5r jag en v\u00e4ldigt d\u00e5lig smak i k\u00e4ften. Har partiet som uppfann folkhemspolitiken sjunkit s\u00e5 l\u00e5gt att de ocks\u00e5 g\u00f6r skillnad p\u00e5 folk nu?<\/p>\n\n\n\n<p class=\"wp-block-paragraph\"><strong>Ett test?<\/strong><br>T\u00e4nk om, go\u2019v\u00e4nner. Rid inte p\u00e5 den fr\u00e4mlingsfientliga v\u00e5gen ni med. Folkf\u00f6rakt \u00e4r folkf\u00f6rakt, vilken partiexpedition som \u00e4n testar att skicka ut det.<\/p>\n\n\n\n<p class=\"wp-block-paragraph\">\u201dN\u00e4stan alla ska med\u201d \u00e4r ingen vacker paroll.<\/p>\n\n\n\n<figure class=\"wp-block-image size-large\"><a href=\"https:\/\/sven-ove.nu\/wp-content\/uploads\/2025\/02\/IMG_1784.jpeg\"><img loading=\"lazy\" decoding=\"async\" width=\"735\" height=\"1024\" src=\"https:\/\/sven-ove.nu\/wp-content\/uploads\/2025\/02\/IMG_1784-735x1024.jpeg\" alt=\"\" class=\"wp-image-27545\" srcset=\"https:\/\/sven-ove.nu\/wp-content\/uploads\/2025\/02\/IMG_1784-735x1024.jpeg 735w, https:\/\/sven-ove.nu\/wp-content\/uploads\/2025\/02\/IMG_1784-215x300.jpeg 215w, https:\/\/sven-ove.nu\/wp-content\/uploads\/2025\/02\/IMG_1784-768x1070.jpeg 768w, https:\/\/sven-ove.nu\/wp-content\/uploads\/2025\/02\/IMG_1784-1103x1536.jpeg 1103w, https:\/\/sven-ove.nu\/wp-content\/uploads\/2025\/02\/IMG_1784.jpeg 1179w\" sizes=\"auto, (max-width: 735px) 100vw, 735px\" \/><\/a><\/figure>\n\n\n\n<p class=\"has-text-align-right wp-block-paragraph\"><em>Sk\u00e4rmdump fr\u00e5n Socialdemokraternas webbplats.<\/em><\/p>\n\n\n\n<p class=\"has-light-gray-background-color has-background wp-block-paragraph\"><a href=\"https:\/\/sven-ove.nu\/\">Hem<\/a>&nbsp;|&nbsp;<a href=\"https:\/\/sven-ove.nu\/?page_id=170\">Om mig<\/a>&nbsp;|&nbsp;<a href=\"https:\/\/sven-ove.nu\/?page_id=1385\">Skriva &amp; prata<\/a>&nbsp;|&nbsp;<a href=\"https:\/\/sven-ove.nu\/?page_id=100\">Politik<\/a>&nbsp;|&nbsp;<a href=\"https:\/\/sven-ove.nu\/?page_id=102\">L\u00f6pa<\/a>&nbsp;|&nbsp;<a href=\"https:\/\/sven-ove.nu\/?page_id=108\">Viktor Root<\/a>&nbsp;&nbsp;<br><em>Inl\u00e4gg nr 2 434, (c) Sven-Ove Svensson (men dela g\u00e4rna<\/em>)<\/p>\n","protected":false},"excerpt":{"rendered":"<p>Bild fr\u00e5n Facebook. Socialdemokraterna vill skydda vanliga svenskar mot bombd\u00e5d.Det l\u00e5ter ju klokt och bra f\u00f6rst. Den senaste tidens spr\u00e4ngattentat \u00e4r f\u00f6rf\u00e4rliga. Sedan l\u00e4ser jag texten en g\u00e5ng till. Vad \u00e4r det de skriver egentligen?! \u201dVanliga svenskar\u201d? Vilka \u00e4r det d\u00e5 som INTE ska skyddas? Syriska flyktingar i Forshaga? Indiska arbetskraftsinvandrare i Karlstad? Romska tiggare &hellip; <a href=\"https:\/\/sven-ove.nu\/?p=27543\" class=\"more-link\">Forts\u00e4tt l\u00e4sa <span class=\"screen-reader-text\">&#8221;N\u00e4stan alla ska med&#8221;<\/span><\/a><\/p>\n","protected":false},"author":1,"featured_media":0,"comment_status":"closed","ping_status":"open","sticky":false,"template":"","format":"standard","meta":{"_crdt_document":"","_monsterinsights_skip_tracking":false,"_monsterinsights_sitenote_active":false,"_monsterinsights_sitenote_note":"","_monsterinsights_sitenote_category":0,"footnotes":""},"categories":[9,4],"tags":[16],"class_list":["post-27543","post","type-post","status-publish","format-standard","hentry","category-politik","category-skrivande","tag-dumheter"],"_links":{"self":[{"href":"https:\/\/sven-ove.nu\/index.php?rest_route=\/wp\/v2\/posts\/27543","targetHints":{"allow":["GET"]}}],"collection":[{"href":"https:\/\/sven-ove.nu\/index.php?rest_route=\/wp\/v2\/posts"}],"about":[{"href":"https:\/\/sven-ove.nu\/index.php?rest_route=\/wp\/v2\/types\/post"}],"author":[{"embeddable":true,"href":"https:\/\/sven-ove.nu\/index.php?rest_route=\/wp\/v2\/users\/1"}],"replies":[{"embeddable":true,"href":"https:\/\/sven-ove.nu\/index.php?rest_route=%2Fwp%2Fv2%2Fcomments&post=27543"}],"version-history":[{"count":2,"href":"https:\/\/sven-ove.nu\/index.php?rest_route=\/wp\/v2\/posts\/27543\/revisions"}],"predecessor-version":[{"id":27547,"href":"https:\/\/sven-ove.nu\/index.php?rest_route=\/wp\/v2\/posts\/27543\/revisions\/27547"}],"wp:attachment":[{"href":"https:\/\/sven-ove.nu\/index.php?rest_route=%2Fwp%2Fv2%2Fmedia&parent=27543"}],"wp:term":[{"taxonomy":"category","embeddable":true,"href":"https:\/\/sven-ove.nu\/index.php?rest_route=%2Fwp%2Fv2%2Fcategories&post=27543"},{"taxonomy":"post_tag","embeddable":true,"href":"https:\/\/sven-ove.nu\/index.php?rest_route=%2Fwp%2Fv2%2Ftags&post=27543"}],"curies":[{"name":"wp","href":"https:\/\/api.w.org\/{rel}","templated":true}]}}