{"id":2757,"date":"2012-07-27T13:04:40","date_gmt":"2012-07-27T12:04:40","guid":{"rendered":"http:\/\/sven-ove.nu\/?p=2757"},"modified":"2012-07-29T11:26:01","modified_gmt":"2012-07-29T10:26:01","slug":"notiser-fran-norska-resan","status":"publish","type":"post","link":"https:\/\/sven-ove.nu\/?p=2757","title":{"rendered":"Notiser fr\u00e5n norska resan"},"content":{"rendered":"<p>Semester v\u00e4ster- och nordv\u00e4st \u00e5t. I Morokulien tr\u00e4ngs en busslast f\u00f6rv\u00e5nade kineser runt den obevakade riksgr\u00e4nsen mitt i byggnaden. L\u00e5ter sig fotograferas en efter en framf\u00f6r borden och flaggorna, med v\u00e4nster fot i Norge och h\u00f6ger fot i Sverige. Obevakade. Gr\u00e4nsen en decimeterbred vit rand i golvet.<\/p>\n<p>F\u00f6rundrade kinesiska ord byter \u00e4gare. Vi vet inte vad de s\u00e4ger. Vi vet precis vad de s\u00e4ger. Vi h\u00e5ller med.<\/p>\n<p style=\"padding-left: 30px;\">*<\/p>\n<p>Bilar genom ett v\u00e4lm\u00e5ende norskt jordbrukslandskap. Varenda loge v\u00e4lbeh\u00e5llen, h\u00e4r och d\u00e4r en nyodling. Nordens mest decentraliserade samh\u00e4lle.<\/p>\n<p style=\"padding-left: 30px;\">*<\/p>\n<p>Trafikrytmen \u00e4r behagligt lugn, som i norra Kalifornien. Hemma skulle jag storkna \u00f6ver att beh\u00f6va k\u00f6ra i 60-70-80 kilometer i timmen mil efter mil efter mil. H\u00e4r finner jag mig och trivs. Inte en m\u00e4nniska k\u00f6r om. Jo, nu kom det en.<\/p>\n<p style=\"padding-left: 30px;\">*<\/p>\n<p>V\u00e4garbeten efter Mj\u00f6sa. Gick verkligen v\u00e4gen h\u00e4r 1977 n\u00e4r jag kom p\u00e5 motorcykeln? Besviket inser jag att jag inte kan visa den k\u00e4ra v\u00e4nnen sj\u00f6landskapsutsikten fr\u00e5n d\u00e5. I Hamar \u00e4r vi svultna, \u00e4ter pepparstek, blir folk igen. Sitter i jernbaneparken och pratar om den norske poeten Rolf Jacobsen, som jag l\u00e4st dikt f\u00f6r en g\u00e5ng i stadens bibliotek. Jag \u2013 f\u00f6r honom!<\/p>\n<p style=\"padding-left: 30px;\">*<\/p>\n<p><a href=\"https:\/\/sven-ove.nu\/wp-content\/uploads\/2012\/07\/G\u00e5-hem-och-l\u00e4s-Falkberget.jpg\"><img loading=\"lazy\" decoding=\"async\" class=\"alignright size-medium wp-image-2777\" title=\"G\u00e5 hem och l\u00e4s Falkberget\" src=\"https:\/\/sven-ove.nu\/wp-content\/uploads\/2012\/07\/G\u00e5-hem-och-l\u00e4s-Falkberget-300x225.jpg\" alt=\"\" width=\"300\" height=\"225\" srcset=\"https:\/\/sven-ove.nu\/wp-content\/uploads\/2012\/07\/G\u00e5-hem-och-l\u00e4s-Falkberget-300x225.jpg 300w, https:\/\/sven-ove.nu\/wp-content\/uploads\/2012\/07\/G\u00e5-hem-och-l\u00e4s-Falkberget-1024x768.jpg 1024w, https:\/\/sven-ove.nu\/wp-content\/uploads\/2012\/07\/G\u00e5-hem-och-l\u00e4s-Falkberget.jpg 1600w\" sizes=\"auto, (max-width: 300px) 100vw, 300px\" \/><\/a>R\u00f6ros. En p\u00e4rla bland tr\u00e4st\u00e4der i v\u00e5r miniturn\u00e9 de senaste somrarna. 333 \u00e5rs kopparhantering \u00e4r slut men historien lever. Guiden som vandrar oss runt \u00e4r kunnig, kan ber\u00e4tta och har humor. Gl\u00f6m inte de som slet redan som barn och byggde samh\u00e4llet, s\u00e4ger han. G\u00e5 hem och l\u00e4s Falkberget.<\/p>\n<p style=\"padding-left: 30px;\">*<\/p>\n<p>Sedan \u00e5ker vi hem. Fikar p\u00e5 nya verandan och pratar om det dyra, k\u00e4ra Norge. Rondane var vackert med dramatiska bergformationer, plana fj\u00e4llvidder och allt sitt porlande vatten. F\u00f6nsterlaven och renlaven (tror jag det var) gjorde marken helt vit p\u00e5 tallmoarna innan Folldal. \u00a0F\u00e5ren, lugnt tuggande gr\u00e4s efter v\u00e4g 27. Slaggh\u00f6garna vid Sleggveien i R\u00f6ros, 300 \u00e5r gammal scenografi till pj\u00e4sen Elden som Leif Stinnerbom regisserat.<\/p>\n<p>Alla renarna som fick oss att k\u00f6ra s\u00e4rskilt f\u00f6rsiktigt i kurvorna strax innan Sveriges h\u00f6gst bel\u00e4gna by H\u00f6gv\u00e5len, 830 meter \u00f6ver havet.<\/p>\n<p><a href=\"https:\/\/sven-ove.nu\/wp-content\/uploads\/2012\/07\/R\u00f6ros-en-p\u00e4rla2.jpg\"><img loading=\"lazy\" decoding=\"async\" class=\"alignright size-full wp-image-2781\" title=\"R\u00f6ros en p\u00e4rla\" src=\"https:\/\/sven-ove.nu\/wp-content\/uploads\/2012\/07\/R\u00f6ros-en-p\u00e4rla2.jpg\" alt=\"\" width=\"240\" height=\"160\" \/><\/a>*<\/p>\n<p>N\u00e4sta \u00e5r en ny liten stad. F\u00f6ljer du med mig till biblioteket och fr\u00e5gar efter Johan Falkberget? Han var \u00e5tta \u00e5r n\u00e4r han b\u00f6rjade arbeta i Christianus Sextus, en av koppargruvorna p\u00e5 R\u00f6rosvidda. 1901 kom f\u00f6rsta boken.<\/p>\n<p style=\"padding-left: 30px;\"><strong>R\u00f6ros har en gata som visar v\u00e4rlden. I den \u00e4nde d\u00e4r \u00f6verheten bodde var Bergmannsgata 24 meter bred. N\u00e4r hon bytte namn till M\u00f6rkstugata, efter h\u00e4ktet, var hon till sist fyra meter bred. Perspektivet blev snyggt \u2013 men or\u00e4ttvisan tydlig. Gatan finns kvar, \u00e4n finns mycket att g\u00f6ra, om v\u00e4rlden ska bli som Falkberget dr\u00f6mde n\u00e4r han klev upp ur gruvan och b\u00f6rjade skriva.<\/strong><\/p>\n<p>Vem dr\u00f6mmer inte den dr\u00f6mmen.<\/p>\n","protected":false},"excerpt":{"rendered":"<p>Semester v\u00e4ster- och nordv\u00e4st \u00e5t. I Morokulien tr\u00e4ngs en busslast f\u00f6rv\u00e5nade kineser runt den obevakade riksgr\u00e4nsen mitt i byggnaden. L\u00e5ter sig fotograferas en efter en framf\u00f6r borden och flaggorna, med v\u00e4nster fot i Norge och h\u00f6ger fot i Sverige. Obevakade. Gr\u00e4nsen en decimeterbred vit rand i golvet. F\u00f6rundrade kinesiska ord byter \u00e4gare. Vi vet inte &hellip; <a href=\"https:\/\/sven-ove.nu\/?p=2757\" class=\"more-link\">Forts\u00e4tt l\u00e4sa <span class=\"screen-reader-text\">Notiser fr\u00e5n norska resan<\/span><\/a><\/p>\n","protected":false},"author":1,"featured_media":0,"comment_status":"open","ping_status":"open","sticky":false,"template":"","format":"standard","meta":{"_crdt_document":"","_monsterinsights_skip_tracking":false,"_monsterinsights_sitenote_active":false,"_monsterinsights_sitenote_note":"","_monsterinsights_sitenote_category":0,"footnotes":""},"categories":[10,9],"tags":[3,8,14,26],"class_list":["post-2757","post","type-post","status-publish","format-standard","hentry","category-familjen","category-politik","tag-arbete","tag-historia","tag-lasning","tag-natur-2"],"_links":{"self":[{"href":"https:\/\/sven-ove.nu\/index.php?rest_route=\/wp\/v2\/posts\/2757","targetHints":{"allow":["GET"]}}],"collection":[{"href":"https:\/\/sven-ove.nu\/index.php?rest_route=\/wp\/v2\/posts"}],"about":[{"href":"https:\/\/sven-ove.nu\/index.php?rest_route=\/wp\/v2\/types\/post"}],"author":[{"embeddable":true,"href":"https:\/\/sven-ove.nu\/index.php?rest_route=\/wp\/v2\/users\/1"}],"replies":[{"embeddable":true,"href":"https:\/\/sven-ove.nu\/index.php?rest_route=%2Fwp%2Fv2%2Fcomments&post=2757"}],"version-history":[{"count":10,"href":"https:\/\/sven-ove.nu\/index.php?rest_route=\/wp\/v2\/posts\/2757\/revisions"}],"predecessor-version":[{"id":2800,"href":"https:\/\/sven-ove.nu\/index.php?rest_route=\/wp\/v2\/posts\/2757\/revisions\/2800"}],"wp:attachment":[{"href":"https:\/\/sven-ove.nu\/index.php?rest_route=%2Fwp%2Fv2%2Fmedia&parent=2757"}],"wp:term":[{"taxonomy":"category","embeddable":true,"href":"https:\/\/sven-ove.nu\/index.php?rest_route=%2Fwp%2Fv2%2Fcategories&post=2757"},{"taxonomy":"post_tag","embeddable":true,"href":"https:\/\/sven-ove.nu\/index.php?rest_route=%2Fwp%2Fv2%2Ftags&post=2757"}],"curies":[{"name":"wp","href":"https:\/\/api.w.org\/{rel}","templated":true}]}}