{"id":27577,"date":"2025-02-07T04:12:00","date_gmt":"2025-02-07T03:12:00","guid":{"rendered":"https:\/\/sven-ove.nu\/?p=27577"},"modified":"2025-02-06T20:19:37","modified_gmt":"2025-02-06T19:19:37","slug":"nar-sorg-och-analys-tar-vid","status":"publish","type":"post","link":"https:\/\/sven-ove.nu\/?p=27577","title":{"rendered":"N\u00e4r sorg och analys tar vid"},"content":{"rendered":"\n<figure class=\"wp-block-image size-full\"><a href=\"https:\/\/sven-ove.nu\/wp-content\/uploads\/2025\/02\/IMG_1811.jpeg\"><img loading=\"lazy\" decoding=\"async\" width=\"366\" height=\"310\" src=\"https:\/\/sven-ove.nu\/wp-content\/uploads\/2025\/02\/IMG_1811.jpeg\" alt=\"\" class=\"wp-image-27578\" srcset=\"https:\/\/sven-ove.nu\/wp-content\/uploads\/2025\/02\/IMG_1811.jpeg 366w, https:\/\/sven-ove.nu\/wp-content\/uploads\/2025\/02\/IMG_1811-300x254.jpeg 300w\" sizes=\"auto, (max-width: 366px) 100vw, 366px\" \/><\/a><\/figure>\n\n\n\n<blockquote class=\"wp-block-quote is-layout-flow wp-block-quote-is-layout-flow\">\n<p class=\"wp-block-paragraph\">Jag \u00e4r gammal SOS-operat\u00f6r. D\u00e5 l\u00e4r man sig att larmet har sin tid och sorgen sin.<\/p>\n<\/blockquote>\n\n\n\n<p class=\"wp-block-paragraph\">Inte vet den som ringer och larmar exakt vad som har h\u00e4nt. Inte har insatspersonalen alltid hela bilden. Inte journalisterna, den d\u00e4r f\u00f6rsta febrila stunden. Inte vittnet som bara ser halva h\u00e4ndelsen.<\/p>\n\n\n\n<p class=\"wp-block-paragraph\">N\u00e5, nu har det g\u00e5tt n\u00e5gra dagar och n\u00e4tter efter den f\u00f6rf\u00e4rliga skjutningen. Vi har hunnit lyssna, l\u00e4sa och t\u00e4nka efter.<\/p>\n\n\n\n<p class=\"wp-block-paragraph\"><strong>Signaturen Dubbelful<\/strong><br>En sak vet jag best\u00e4mt. Den som sitter anonym p\u00e5 Flashback och pekar ut oskyldiga m\u00e4nniskor med namn och l\u00e4nk och p\u00e5st\u00e5r att de \u00e4r mass-m\u00f6rdare &#8211; den karln f\u00f6raktar jag.<\/p>\n\n\n\n<p class=\"wp-block-paragraph\">Djupt och innerligt.<\/p>\n\n\n\n<p class=\"wp-block-paragraph\">Till och med skittidningar har en ansvarig utgivare som kan tvingas ta ansvar. Det har inte signaturen Dubbelful p\u00e5 Flashback. Eller vad du nu kallar dig.<\/p>\n\n\n\n<p class=\"wp-block-paragraph\"><strong>Ett val han gjorde<\/strong><br>En sak till vet jag. Det var inte en helvit samling stekare p\u00e5 l\u00e5t s\u00e4ga f\u00f6rsta b\u00e4sta internat bort\u00e5t Lundsbergstrakten som massm\u00f6rdaren gav sig p\u00e5.<\/p>\n\n\n\n<p class=\"wp-block-paragraph\">Det var en grupp d\u00e4r m\u00e5nga hade m\u00f6rkare skinn och snarare talte invandrarsvenska \u00e4n Djursholmsdialekt.<\/p>\n\n\n\n<p class=\"wp-block-paragraph\">Jag vet varf\u00f6r jag tror han gjorde det valet.<\/p>\n\n\n\n<p class=\"wp-block-paragraph\"><em>### Vilka som inspirerar till fr\u00e4mlingsfientlighet vet vi.<br>### Nu har vi \u00e4n en g\u00e5ng sett det yttersta resultatet.<br>### Nu, n\u00e4r larmet har tystnat och sorg och analys tar vid.<\/em><\/p>\n\n\n\n<p class=\"wp-block-paragraph\">Stackars ni drabbade.<br>Stackars vi alla.<\/p>\n\n\n\n<p class=\"has-light-gray-background-color has-background wp-block-paragraph\"><a href=\"https:\/\/sven-ove.nu\/\">Hem<\/a>&nbsp;|&nbsp;<a href=\"https:\/\/sven-ove.nu\/?page_id=170\">Om mig<\/a>&nbsp;|&nbsp;<a href=\"https:\/\/sven-ove.nu\/?page_id=1385\">Skriva &amp; prata<\/a>&nbsp;|&nbsp;<a href=\"https:\/\/sven-ove.nu\/?page_id=100\">Politik<\/a>&nbsp;|&nbsp;<a href=\"https:\/\/sven-ove.nu\/?page_id=102\">L\u00f6pa<\/a>&nbsp;|&nbsp;<a href=\"https:\/\/sven-ove.nu\/?page_id=108\">Viktor Root<\/a>&nbsp;&nbsp;<br><em>Inl\u00e4gg nr 2 436, (c) Sven-Ove Svensson (men dela g\u00e4rna<\/em>)<\/p>\n","protected":false},"excerpt":{"rendered":"<p>Jag \u00e4r gammal SOS-operat\u00f6r. D\u00e5 l\u00e4r man sig att larmet har sin tid och sorgen sin. Inte vet den som ringer och larmar exakt vad som har h\u00e4nt. Inte har insatspersonalen alltid hela bilden. Inte journalisterna, den d\u00e4r f\u00f6rsta febrila stunden. Inte vittnet som bara ser halva h\u00e4ndelsen. N\u00e5, nu har det g\u00e5tt n\u00e5gra dagar &hellip; <a href=\"https:\/\/sven-ove.nu\/?p=27577\" class=\"more-link\">Forts\u00e4tt l\u00e4sa <span class=\"screen-reader-text\">N\u00e4r sorg och analys tar vid<\/span><\/a><\/p>\n","protected":false},"author":1,"featured_media":0,"comment_status":"closed","ping_status":"open","sticky":false,"template":"","format":"standard","meta":{"_crdt_document":"","_monsterinsights_skip_tracking":false,"_monsterinsights_sitenote_active":false,"_monsterinsights_sitenote_note":"","_monsterinsights_sitenote_category":0,"footnotes":""},"categories":[9],"tags":[8,18,14,15,17],"class_list":["post-27577","post","type-post","status-publish","format-standard","hentry","category-politik","tag-historia","tag-lardomar","tag-lasning","tag-mediedjungeln","tag-solidaritet"],"_links":{"self":[{"href":"https:\/\/sven-ove.nu\/index.php?rest_route=\/wp\/v2\/posts\/27577","targetHints":{"allow":["GET"]}}],"collection":[{"href":"https:\/\/sven-ove.nu\/index.php?rest_route=\/wp\/v2\/posts"}],"about":[{"href":"https:\/\/sven-ove.nu\/index.php?rest_route=\/wp\/v2\/types\/post"}],"author":[{"embeddable":true,"href":"https:\/\/sven-ove.nu\/index.php?rest_route=\/wp\/v2\/users\/1"}],"replies":[{"embeddable":true,"href":"https:\/\/sven-ove.nu\/index.php?rest_route=%2Fwp%2Fv2%2Fcomments&post=27577"}],"version-history":[{"count":4,"href":"https:\/\/sven-ove.nu\/index.php?rest_route=\/wp\/v2\/posts\/27577\/revisions"}],"predecessor-version":[{"id":27582,"href":"https:\/\/sven-ove.nu\/index.php?rest_route=\/wp\/v2\/posts\/27577\/revisions\/27582"}],"wp:attachment":[{"href":"https:\/\/sven-ove.nu\/index.php?rest_route=%2Fwp%2Fv2%2Fmedia&parent=27577"}],"wp:term":[{"taxonomy":"category","embeddable":true,"href":"https:\/\/sven-ove.nu\/index.php?rest_route=%2Fwp%2Fv2%2Fcategories&post=27577"},{"taxonomy":"post_tag","embeddable":true,"href":"https:\/\/sven-ove.nu\/index.php?rest_route=%2Fwp%2Fv2%2Ftags&post=27577"}],"curies":[{"name":"wp","href":"https:\/\/api.w.org\/{rel}","templated":true}]}}