{"id":27599,"date":"2025-02-14T04:44:00","date_gmt":"2025-02-14T03:44:00","guid":{"rendered":"https:\/\/sven-ove.nu\/?p=27599"},"modified":"2025-02-14T08:33:38","modified_gmt":"2025-02-14T07:33:38","slug":"mitt-liv-som-trend-guru","status":"publish","type":"post","link":"https:\/\/sven-ove.nu\/?p=27599","title":{"rendered":"Mitt liv som trend-guru"},"content":{"rendered":"\n<blockquote class=\"wp-block-quote is-layout-flow wp-block-quote-is-layout-flow\">\n<p class=\"wp-block-paragraph\">I g\u00e5r trendade hon.<br>N\u00e4tundertr\u00f6jan.<\/p>\n\n\n\n<p class=\"wp-block-paragraph\">Och jag var med.<\/p>\n<\/blockquote>\n\n\n\n<p class=\"wp-block-paragraph\">F\u00f6rst informerade jag intresserade bloggbes\u00f6kare p\u00e5 f\u00f6rmiddagen om att jag fortfarande \u00e4ger en s\u00e5dan brynja. Stolt kunde jag publicera bildbevis p\u00e5 detta.<\/p>\n\n\n\n<figure class=\"wp-block-image size-medium\"><a href=\"https:\/\/sven-ove.nu\/wp-content\/uploads\/2025\/02\/image-1.png\"><img loading=\"lazy\" decoding=\"async\" width=\"300\" height=\"185\" src=\"https:\/\/sven-ove.nu\/wp-content\/uploads\/2025\/02\/image-1-300x185.png\" alt=\"\" class=\"wp-image-27609\" srcset=\"https:\/\/sven-ove.nu\/wp-content\/uploads\/2025\/02\/image-1-300x185.png 300w, https:\/\/sven-ove.nu\/wp-content\/uploads\/2025\/02\/image-1-768x475.png 768w, https:\/\/sven-ove.nu\/wp-content\/uploads\/2025\/02\/image-1.png 825w\" sizes=\"auto, (max-width: 300px) 100vw, 300px\" \/><\/a><\/figure>\n\n\n\n<p class=\"wp-block-paragraph\"><strong>L\u00c4NK<\/strong>: <a href=\"https:\/\/sven-ove.nu\/?p=27586\" data-type=\"link\" data-id=\"https:\/\/sven-ove.nu\/?p=27586\">l\u00e4s mer h\u00e4r<\/a><a href=\"https:\/\/sven-ove.nu\/?p=27586\"><\/a><\/p>\n\n\n\n<p class=\"wp-block-paragraph\">Sedan var jag p\u00e5 teater p\u00e5 kv\u00e4llen med ett av barnbarnen. Stadsteatern i G\u00f6teborg gav en bra och rolig f\u00f6rest\u00e4llning av Kung Ubu p\u00e5 Lilla Scen. Rekommenderas! Redan scenografi och rekvisita \u00e4r v\u00e4rda bes\u00f6ket.<br>&#8211; Titta vad hon har p\u00e5 sig, sa mitt barnbarn om huvudrollsinnehavaren Mia H\u00f6glund-Melin i andra akten.<\/p>\n\n\n\n<p class=\"wp-block-paragraph\">Ja j\u00e4spalt.<br>B\u00e4r inte m\u00e4nniskan en n\u00e4tbrynja.<\/p>\n\n\n\n<p class=\"wp-block-paragraph\">Jag har skapat en trend.<\/p>\n\n\n\n<figure class=\"wp-block-image size-large\"><a href=\"https:\/\/sven-ove.nu\/wp-content\/uploads\/2025\/02\/IMG_1868.jpeg\"><img loading=\"lazy\" decoding=\"async\" width=\"1024\" height=\"1024\" src=\"https:\/\/sven-ove.nu\/wp-content\/uploads\/2025\/02\/IMG_1868-1024x1024.jpeg\" alt=\"\" class=\"wp-image-27605\" srcset=\"https:\/\/sven-ove.nu\/wp-content\/uploads\/2025\/02\/IMG_1868-1024x1024.jpeg 1024w, https:\/\/sven-ove.nu\/wp-content\/uploads\/2025\/02\/IMG_1868-300x300.jpeg 300w, https:\/\/sven-ove.nu\/wp-content\/uploads\/2025\/02\/IMG_1868-150x150.jpeg 150w, https:\/\/sven-ove.nu\/wp-content\/uploads\/2025\/02\/IMG_1868-768x768.jpeg 768w, https:\/\/sven-ove.nu\/wp-content\/uploads\/2025\/02\/IMG_1868-1536x1536.jpeg 1536w, https:\/\/sven-ove.nu\/wp-content\/uploads\/2025\/02\/IMG_1868.jpeg 1819w\" sizes=\"auto, (max-width: 1024px) 100vw, 1024px\" \/><\/a><\/figure>\n\n\n\n<p class=\"has-light-blue-background-color has-background wp-block-paragraph\"><a href=\"https:\/\/sven-ove.nu\/\">Hem<\/a>&nbsp;|&nbsp;<a href=\"https:\/\/sven-ove.nu\/?page_id=170\">Om mig<\/a>&nbsp;|&nbsp;<a href=\"https:\/\/sven-ove.nu\/?page_id=1385\">Skriva &amp; prata<\/a>&nbsp;|&nbsp;<a href=\"https:\/\/sven-ove.nu\/?page_id=100\">Politik<\/a>&nbsp;|&nbsp;<a href=\"https:\/\/sven-ove.nu\/?page_id=102\">L\u00f6pa<\/a>&nbsp;|&nbsp;<a href=\"https:\/\/sven-ove.nu\/?page_id=108\">Viktor Root<\/a>&nbsp;&nbsp;<br><em>Inl\u00e4gg nr 2 439, (c) Sven-Ove Svensson (men dela g\u00e4rna<\/em>)<\/p>\n","protected":false},"excerpt":{"rendered":"<p>I g\u00e5r trendade hon.N\u00e4tundertr\u00f6jan. Och jag var med. F\u00f6rst informerade jag intresserade bloggbes\u00f6kare p\u00e5 f\u00f6rmiddagen om att jag fortfarande \u00e4ger en s\u00e5dan brynja. Stolt kunde jag publicera bildbevis p\u00e5 detta. L\u00c4NK: l\u00e4s mer h\u00e4r Sedan var jag p\u00e5 teater p\u00e5 kv\u00e4llen med ett av barnbarnen. Stadsteatern i G\u00f6teborg gav en bra och rolig f\u00f6rest\u00e4llning av &hellip; <a href=\"https:\/\/sven-ove.nu\/?p=27599\" class=\"more-link\">Forts\u00e4tt l\u00e4sa <span class=\"screen-reader-text\">Mitt liv som trend-guru<\/span><\/a><\/p>\n","protected":false},"author":1,"featured_media":0,"comment_status":"closed","ping_status":"open","sticky":false,"template":"","format":"standard","meta":{"_crdt_document":"","_monsterinsights_skip_tracking":false,"_monsterinsights_sitenote_active":false,"_monsterinsights_sitenote_note":"","_monsterinsights_sitenote_category":0,"footnotes":""},"categories":[28],"tags":[13],"class_list":["post-27599","post","type-post","status-publish","format-standard","hentry","category-kreativt-folk","tag-utrustning"],"_links":{"self":[{"href":"https:\/\/sven-ove.nu\/index.php?rest_route=\/wp\/v2\/posts\/27599","targetHints":{"allow":["GET"]}}],"collection":[{"href":"https:\/\/sven-ove.nu\/index.php?rest_route=\/wp\/v2\/posts"}],"about":[{"href":"https:\/\/sven-ove.nu\/index.php?rest_route=\/wp\/v2\/types\/post"}],"author":[{"embeddable":true,"href":"https:\/\/sven-ove.nu\/index.php?rest_route=\/wp\/v2\/users\/1"}],"replies":[{"embeddable":true,"href":"https:\/\/sven-ove.nu\/index.php?rest_route=%2Fwp%2Fv2%2Fcomments&post=27599"}],"version-history":[{"count":13,"href":"https:\/\/sven-ove.nu\/index.php?rest_route=\/wp\/v2\/posts\/27599\/revisions"}],"predecessor-version":[{"id":27617,"href":"https:\/\/sven-ove.nu\/index.php?rest_route=\/wp\/v2\/posts\/27599\/revisions\/27617"}],"wp:attachment":[{"href":"https:\/\/sven-ove.nu\/index.php?rest_route=%2Fwp%2Fv2%2Fmedia&parent=27599"}],"wp:term":[{"taxonomy":"category","embeddable":true,"href":"https:\/\/sven-ove.nu\/index.php?rest_route=%2Fwp%2Fv2%2Fcategories&post=27599"},{"taxonomy":"post_tag","embeddable":true,"href":"https:\/\/sven-ove.nu\/index.php?rest_route=%2Fwp%2Fv2%2Ftags&post=27599"}],"curies":[{"name":"wp","href":"https:\/\/api.w.org\/{rel}","templated":true}]}}