{"id":27631,"date":"2025-02-17T04:33:00","date_gmt":"2025-02-17T03:33:00","guid":{"rendered":"https:\/\/sven-ove.nu\/?p=27631"},"modified":"2025-02-15T09:46:10","modified_gmt":"2025-02-15T08:46:10","slug":"vassaru","status":"publish","type":"post","link":"https:\/\/sven-ove.nu\/?p=27631","title":{"rendered":"Vassaru?"},"content":{"rendered":"\n<figure class=\"wp-block-image size-large\"><a href=\"https:\/\/sven-ove.nu\/wp-content\/uploads\/2025\/02\/68AFEB33-1308-44F9-9E17-74D8EDC111A8.jpg\"><img loading=\"lazy\" decoding=\"async\" width=\"1024\" height=\"1024\" src=\"https:\/\/sven-ove.nu\/wp-content\/uploads\/2025\/02\/68AFEB33-1308-44F9-9E17-74D8EDC111A8-1024x1024.jpg\" alt=\"\" class=\"wp-image-27636\" srcset=\"https:\/\/sven-ove.nu\/wp-content\/uploads\/2025\/02\/68AFEB33-1308-44F9-9E17-74D8EDC111A8-1024x1024.jpg 1024w, https:\/\/sven-ove.nu\/wp-content\/uploads\/2025\/02\/68AFEB33-1308-44F9-9E17-74D8EDC111A8-300x300.jpg 300w, https:\/\/sven-ove.nu\/wp-content\/uploads\/2025\/02\/68AFEB33-1308-44F9-9E17-74D8EDC111A8-150x150.jpg 150w, https:\/\/sven-ove.nu\/wp-content\/uploads\/2025\/02\/68AFEB33-1308-44F9-9E17-74D8EDC111A8-768x768.jpg 768w, https:\/\/sven-ove.nu\/wp-content\/uploads\/2025\/02\/68AFEB33-1308-44F9-9E17-74D8EDC111A8.jpg 1440w\" sizes=\"auto, (max-width: 1024px) 100vw, 1024px\" \/><\/a><\/figure>\n\n\n\n<blockquote class=\"wp-block-quote is-layout-flow wp-block-quote-is-layout-flow\">\n<p class=\"wp-block-paragraph\">N\u00e4r jag var ung log vi \u00e5t k\u00e4re far som bad oss l\u00e4mna rummet d\u00e5 han skulle tala i telefon. Pappa fick sv\u00e5rt att h\u00f6ra om det var tv\u00e5 ljud samtidigt.<\/p>\n<\/blockquote>\n\n\n\n<p class=\"wp-block-paragraph\">40 \u00e5r senare var jag d\u00e4r sj\u00e4lv.<br>50 \u00e5r senare b\u00f6rjade jag s\u00e4ga \u201dVassaru\u201d allt oftare.<br>55 \u00e5r senare hade de flesta gr\u00e4shoppor tystnat.<br>60 \u00e5r senare uppt\u00e4ckte jag att vandrarkompisarna h\u00f6r kungsf\u00e5gel ibland n\u00e4r vi \u00e4r ute och g\u00e5r i skogen. \u201dVicken kungsf\u00e5gel?\u201d.<\/p>\n\n\n\n<p class=\"wp-block-paragraph\"><strong>Remiss till Stockholm<\/strong><br>D\u00e5 hade jag vetat l\u00e4nge att jag h\u00f6r d\u00e5ligt. Kanske \u00e4r det \u00e4rftligt. Kanske har tre \u00e5r p\u00e5 mitt \u00e4lskade s\u00e5gverk gjort sitt till.<\/p>\n\n\n\n<p class=\"wp-block-paragraph\">I onsdags for jag till Stockholm med remiss fr\u00e5n Region V\u00e4rmland. Deras egen k\u00f6 i Karlstad \u00e4r f\u00f6r l\u00e5ng.<\/p>\n\n\n\n<p class=\"wp-block-paragraph\"><strong>\u00c4nnu en fantastisk<\/strong><br>Hon gillar att springa, precis som jag. Hon b\u00e4r en h\u00f6rapparat jag inte s\u00e5g. Hon begrep mig direkt.<\/p>\n\n\n\n<p class=\"wp-block-paragraph\">Jag pratar om \u00e4nnu en av dessa fantastiska m\u00e4nniskor jag m\u00f6tt i svensk sjukv\u00e5rd de senaste \u00e5ren. En ung och klok audionom som intervjuade, unders\u00f6kte och snart kunde konstatera att jag beh\u00f6ver h\u00f6rapparat.<\/p>\n\n\n\n<p class=\"wp-block-paragraph\">&#8211; Tur att du inte \u00e4r 90, sa hon.<br>&#8211; Jas\u00e5?<br>&#8211; Nej f\u00f6r d\u00e5 \u00e4r det inte s\u00e4kert att hj\u00e4rnan kan v\u00e4nja sig.<\/p>\n\n\n\n<p class=\"wp-block-paragraph\"><strong>K\u00e4nns b\u00e4ttre redan<\/strong><br>Sedan lotsade hon mig inlevelsefullt till en milj\u00f6v\u00e4nlig modell vi tror ska passa mig. Och min hj\u00e4rna.<\/p>\n\n\n\n<p class=\"wp-block-paragraph\">Om n\u00e5gra veckor ska jag tillbaka och h\u00e4mta grejorna. Just nu pluggar jag bruksanvisning mest hela tiden.<\/p>\n\n\n\n<p class=\"wp-block-paragraph\">Det \u00e4r som om jag h\u00f6r b\u00e4ttre redan.<\/p>\n\n\n<div class=\"wp-block-image\">\n<figure class=\"aligncenter size-medium\"><a href=\"https:\/\/sven-ove.nu\/wp-content\/uploads\/2025\/02\/IMG_1875.jpeg\"><img loading=\"lazy\" decoding=\"async\" width=\"300\" height=\"219\" src=\"https:\/\/sven-ove.nu\/wp-content\/uploads\/2025\/02\/IMG_1875-300x219.jpeg\" alt=\"\" class=\"wp-image-27634\" srcset=\"https:\/\/sven-ove.nu\/wp-content\/uploads\/2025\/02\/IMG_1875-300x219.jpeg 300w, https:\/\/sven-ove.nu\/wp-content\/uploads\/2025\/02\/IMG_1875-768x560.jpeg 768w, https:\/\/sven-ove.nu\/wp-content\/uploads\/2025\/02\/IMG_1875.jpeg 940w\" sizes=\"auto, (max-width: 300px) 100vw, 300px\" \/><\/a><\/figure>\n<\/div>\n\n\n<p class=\"has-background wp-block-paragraph\" style=\"background-color:#b8f0a4\"><a href=\"https:\/\/sven-ove.nu\/\">Hem<\/a>&nbsp;|&nbsp;<a href=\"https:\/\/sven-ove.nu\/?page_id=170\">Om mig<\/a>&nbsp;|&nbsp;<a href=\"https:\/\/sven-ove.nu\/?page_id=1385\">Skriva &amp; prata<\/a>&nbsp;|&nbsp;<a href=\"https:\/\/sven-ove.nu\/?page_id=100\">Politik<\/a>&nbsp;|&nbsp;<a href=\"https:\/\/sven-ove.nu\/?page_id=102\">L\u00f6pa<\/a>&nbsp;|&nbsp;<a href=\"https:\/\/sven-ove.nu\/?page_id=108\">Viktor Root<\/a>&nbsp;&nbsp;<br><em>Inl\u00e4gg nr 2 441, (c) Sven-Ove Svensson (men dela g\u00e4rna<\/em>)<\/p>\n","protected":false},"excerpt":{"rendered":"<p>N\u00e4r jag var ung log vi \u00e5t k\u00e4re far som bad oss l\u00e4mna rummet d\u00e5 han skulle tala i telefon. Pappa fick sv\u00e5rt att h\u00f6ra om det var tv\u00e5 ljud samtidigt. 40 \u00e5r senare var jag d\u00e4r sj\u00e4lv.50 \u00e5r senare b\u00f6rjade jag s\u00e4ga \u201dVassaru\u201d allt oftare.55 \u00e5r senare hade de flesta gr\u00e4shoppor tystnat.60 \u00e5r senare &hellip; <a href=\"https:\/\/sven-ove.nu\/?p=27631\" class=\"more-link\">Forts\u00e4tt l\u00e4sa <span class=\"screen-reader-text\">Vassaru?<\/span><\/a><\/p>\n","protected":false},"author":1,"featured_media":0,"comment_status":"closed","ping_status":"open","sticky":false,"template":"","format":"standard","meta":{"_crdt_document":"","_monsterinsights_skip_tracking":false,"_monsterinsights_sitenote_active":false,"_monsterinsights_sitenote_note":"","_monsterinsights_sitenote_category":0,"footnotes":""},"categories":[10,28,6],"tags":[24,14,13],"class_list":["post-27631","post","type-post","status-publish","format-standard","hentry","category-familjen","category-kreativt-folk","category-natur","tag-karlek","tag-lasning","tag-utrustning"],"_links":{"self":[{"href":"https:\/\/sven-ove.nu\/index.php?rest_route=\/wp\/v2\/posts\/27631","targetHints":{"allow":["GET"]}}],"collection":[{"href":"https:\/\/sven-ove.nu\/index.php?rest_route=\/wp\/v2\/posts"}],"about":[{"href":"https:\/\/sven-ove.nu\/index.php?rest_route=\/wp\/v2\/types\/post"}],"author":[{"embeddable":true,"href":"https:\/\/sven-ove.nu\/index.php?rest_route=\/wp\/v2\/users\/1"}],"replies":[{"embeddable":true,"href":"https:\/\/sven-ove.nu\/index.php?rest_route=%2Fwp%2Fv2%2Fcomments&post=27631"}],"version-history":[{"count":7,"href":"https:\/\/sven-ove.nu\/index.php?rest_route=\/wp\/v2\/posts\/27631\/revisions"}],"predecessor-version":[{"id":27642,"href":"https:\/\/sven-ove.nu\/index.php?rest_route=\/wp\/v2\/posts\/27631\/revisions\/27642"}],"wp:attachment":[{"href":"https:\/\/sven-ove.nu\/index.php?rest_route=%2Fwp%2Fv2%2Fmedia&parent=27631"}],"wp:term":[{"taxonomy":"category","embeddable":true,"href":"https:\/\/sven-ove.nu\/index.php?rest_route=%2Fwp%2Fv2%2Fcategories&post=27631"},{"taxonomy":"post_tag","embeddable":true,"href":"https:\/\/sven-ove.nu\/index.php?rest_route=%2Fwp%2Fv2%2Ftags&post=27631"}],"curies":[{"name":"wp","href":"https:\/\/api.w.org\/{rel}","templated":true}]}}