{"id":2766,"date":"2012-07-31T04:00:54","date_gmt":"2012-07-31T03:00:54","guid":{"rendered":"http:\/\/sven-ove.nu\/?p=2766"},"modified":"2012-07-28T17:07:52","modified_gmt":"2012-07-28T16:07:52","slug":"privata-sommaren-bild","status":"publish","type":"post","link":"https:\/\/sven-ove.nu\/?p=2766","title":{"rendered":"Privata sommaren"},"content":{"rendered":"<p><a href=\"https:\/\/sven-ove.nu\/wp-content\/uploads\/2012\/07\/Gummisnoddsoppa.jpg\"><img loading=\"lazy\" decoding=\"async\" class=\"alignright size-medium wp-image-2783\" title=\"Gummisnoddsoppa\" src=\"https:\/\/sven-ove.nu\/wp-content\/uploads\/2012\/07\/Gummisnoddsoppa-300x225.jpg\" alt=\"\" width=\"300\" height=\"225\" srcset=\"https:\/\/sven-ove.nu\/wp-content\/uploads\/2012\/07\/Gummisnoddsoppa-300x225.jpg 300w, https:\/\/sven-ove.nu\/wp-content\/uploads\/2012\/07\/Gummisnoddsoppa-1024x768.jpg 1024w, https:\/\/sven-ove.nu\/wp-content\/uploads\/2012\/07\/Gummisnoddsoppa.jpg 1600w\" sizes=\"auto, (max-width: 300px) 100vw, 300px\" \/><\/a>P\u00e5 det privata planet har sommaren haft sin tjusning. Vi har haft barnbarnen p\u00e5 bes\u00f6k, n\u00e5gra av dem h\u00e4rligt l\u00e4nge. S\u00e5dant \u00e4r nyttigt. Vem skulle annars l\u00e4ra v\u00e4stkustbarnen viktiga uttryck som \u201dVi ha feska\u201d och \u201dK\u00f6ckling \u00e4 g\u00f4tt\u201d?<\/p>\n<p>Och vem skulle d\u00e4mma b\u00e4cken med badankor och p\u00e5minna morfar om den halvt bortgl\u00f6mda konsten att g\u00f6ra gummisnoddsoppa?<\/p>\n<p>&nbsp;<\/p>\n","protected":false},"excerpt":{"rendered":"<p>P\u00e5 det privata planet har sommaren haft sin tjusning. Vi har haft barnbarnen p\u00e5 bes\u00f6k, n\u00e5gra av dem h\u00e4rligt l\u00e4nge. S\u00e5dant \u00e4r nyttigt. Vem skulle annars l\u00e4ra v\u00e4stkustbarnen viktiga uttryck som \u201dVi ha feska\u201d och \u201dK\u00f6ckling \u00e4 g\u00f4tt\u201d? Och vem skulle d\u00e4mma b\u00e4cken med badankor och p\u00e5minna morfar om den halvt bortgl\u00f6mda konsten att g\u00f6ra &hellip; <a href=\"https:\/\/sven-ove.nu\/?p=2766\" class=\"more-link\">Forts\u00e4tt l\u00e4sa <span class=\"screen-reader-text\">Privata sommaren<\/span><\/a><\/p>\n","protected":false},"author":1,"featured_media":0,"comment_status":"open","ping_status":"open","sticky":false,"template":"","format":"standard","meta":{"_crdt_document":"","_monsterinsights_skip_tracking":false,"_monsterinsights_sitenote_active":false,"_monsterinsights_sitenote_note":"","_monsterinsights_sitenote_category":0,"footnotes":""},"categories":[10],"tags":[24,21],"class_list":["post-2766","post","type-post","status-publish","format-standard","hentry","category-familjen","tag-karlek","tag-ord"],"_links":{"self":[{"href":"https:\/\/sven-ove.nu\/index.php?rest_route=\/wp\/v2\/posts\/2766","targetHints":{"allow":["GET"]}}],"collection":[{"href":"https:\/\/sven-ove.nu\/index.php?rest_route=\/wp\/v2\/posts"}],"about":[{"href":"https:\/\/sven-ove.nu\/index.php?rest_route=\/wp\/v2\/types\/post"}],"author":[{"embeddable":true,"href":"https:\/\/sven-ove.nu\/index.php?rest_route=\/wp\/v2\/users\/1"}],"replies":[{"embeddable":true,"href":"https:\/\/sven-ove.nu\/index.php?rest_route=%2Fwp%2Fv2%2Fcomments&post=2766"}],"version-history":[{"count":4,"href":"https:\/\/sven-ove.nu\/index.php?rest_route=\/wp\/v2\/posts\/2766\/revisions"}],"predecessor-version":[{"id":2768,"href":"https:\/\/sven-ove.nu\/index.php?rest_route=\/wp\/v2\/posts\/2766\/revisions\/2768"}],"wp:attachment":[{"href":"https:\/\/sven-ove.nu\/index.php?rest_route=%2Fwp%2Fv2%2Fmedia&parent=2766"}],"wp:term":[{"taxonomy":"category","embeddable":true,"href":"https:\/\/sven-ove.nu\/index.php?rest_route=%2Fwp%2Fv2%2Fcategories&post=2766"},{"taxonomy":"post_tag","embeddable":true,"href":"https:\/\/sven-ove.nu\/index.php?rest_route=%2Fwp%2Fv2%2Ftags&post=2766"}],"curies":[{"name":"wp","href":"https:\/\/api.w.org\/{rel}","templated":true}]}}