{"id":27669,"date":"2025-02-27T04:48:00","date_gmt":"2025-02-27T03:48:00","guid":{"rendered":"https:\/\/sven-ove.nu\/?p=27669"},"modified":"2025-02-27T07:00:59","modified_gmt":"2025-02-27T06:00:59","slug":"tesladekalerna-isgatan-och-min-avskrackning","status":"publish","type":"post","link":"https:\/\/sven-ove.nu\/?p=27669","title":{"rendered":"Bildekalerna, isgatan och min avskr\u00e4ckning"},"content":{"rendered":"\n<figure class=\"wp-block-image size-full\"><a href=\"https:\/\/sven-ove.nu\/wp-content\/uploads\/2025\/02\/Inbjudan-GP.jpg\"><img loading=\"lazy\" decoding=\"async\" width=\"975\" height=\"908\" src=\"https:\/\/sven-ove.nu\/wp-content\/uploads\/2025\/02\/Inbjudan-GP.jpg\" alt=\"\" class=\"wp-image-27670\" srcset=\"https:\/\/sven-ove.nu\/wp-content\/uploads\/2025\/02\/Inbjudan-GP.jpg 975w, https:\/\/sven-ove.nu\/wp-content\/uploads\/2025\/02\/Inbjudan-GP-300x279.jpg 300w, https:\/\/sven-ove.nu\/wp-content\/uploads\/2025\/02\/Inbjudan-GP-768x715.jpg 768w\" sizes=\"auto, (max-width: 975px) 100vw, 975px\" \/><\/a><\/figure>\n\n\n\n<blockquote class=\"wp-block-quote is-layout-flow wp-block-quote-is-layout-flow\">\n<p class=\"wp-block-paragraph\">Det \u00e4r dystra tider i v\u00e4rlden. Trump 2.0 var v\u00e4rre \u00e4n mina v\u00e4rsta farh\u00e5gor, hans heilande v\u00e4n med elbilen och raketen \u00e4r \u00e4nnu bedr\u00f6vligare.<\/p>\n<\/blockquote>\n\n\n\n<p class=\"wp-block-paragraph\">\u201dJag k\u00f6pte den h\u00e4r innan E blev galen\u201d st\u00e5r det p\u00e5 dekalerna som p\u00e5passliga entrepren\u00f6rer snabbt b\u00f6rjat s\u00e4lja. S\u00e5 blev till och med galenskapen\/v\u00e4lf\u00e4rdsslakten\/folkf\u00f6raktet\/fascismen en inkomstk\u00e4lla f\u00f6r n\u00e5gon.<\/p>\n\n\n\n<p class=\"wp-block-paragraph\">Det \u00e4r n\u00e5got b\u00e4ttre tider p\u00e5 n\u00e4rmare h\u00e5ll, strax utanf\u00f6r min tr\u00f6skel. Gott om f\u00e5glar vid matningen i paradis\u00e4ppeltr\u00e4det, r\u00e5djur p\u00e5 tomten och vid mina l\u00f6pturer i skogen, fem dagar kvar tills jag ska f\u00e5 mina h\u00f6rapparater.<\/p>\n\n\n\n<p class=\"wp-block-paragraph\"><strong>Rekar inf\u00f6r dagens vandring<\/strong><br>Glad i h\u00e5gen ger jag mig ut bland gran och tall f\u00f6r en sista koll inf\u00f6r n\u00e4sta vandring med mina v\u00e4nner. Den vi ska g\u00e5 i dag. Jag har sett ut en trevlig runda med en aning strapatser, en aning lugna gatan och med inspirerande skogsutsikt vid fikat. Den k\u00e4ra v\u00e4nnen och jag har provg\u00e5tt med broddar p\u00e5.<\/p>\n\n\n\n<p class=\"wp-block-paragraph\">&#8211; Tycker du det \u00e4r f\u00f6r mycket is p\u00e5 k\u00f6rv\u00e4gen mot slutet?<br>&#8211; Det sm\u00e4lter.<\/p>\n\n\n\n<p class=\"wp-block-paragraph\">Inte fasen har det sm\u00e4lt. Det blir till att snabbt skaka fram en ny runda. En med sviktande skogsstig, porlande v\u00e5rb\u00e4ckar och bra b\u00e4nk att fika vid.<\/p>\n\n\n\n<p class=\"has-light-blue-background-color has-background wp-block-paragraph\"><em>### I dag f\u00e5r vi se om kamraterna tycker att jag har lyckats.<\/em><br><em>### Hoppas inte bilden ovan som jag skickade med inbjudan har avskr\u00e4ckt n\u00e5gon. Tihi.<\/em><\/p>\n\n\n\n<p class=\"has-background wp-block-paragraph\" style=\"background-color:#c6f1a6\"><strong>Mina framtr\u00e4danden den n\u00e4rmaste tiden<\/strong><br><s>-Tisdag 11 februari: Gr\u00f6na mattan, stadsbiblioteket, Karlstad.<br><\/s>-S\u00f6ndag 9 mars 11-13.00: Skrivs\u00f6ndag, biblioteket Forshaga.<br>-Onsdag 26 mars 19.00: Sisu Forshagas \u00e5rsm\u00f6te, Sisug\u00e5rden.<\/p>\n\n\n\n<p class=\"has-light-gray-background-color has-background wp-block-paragraph\"><a href=\"https:\/\/sven-ove.nu\/\">Hem<\/a>&nbsp;|&nbsp;<a href=\"https:\/\/sven-ove.nu\/?page_id=170\">Om mig<\/a>&nbsp;|&nbsp;<a href=\"https:\/\/sven-ove.nu\/?page_id=1385\">Skriva &amp; prata<\/a>&nbsp;|&nbsp;<a href=\"https:\/\/sven-ove.nu\/?page_id=100\">Politik<\/a>&nbsp;|&nbsp;<a href=\"https:\/\/sven-ove.nu\/?page_id=102\">L\u00f6pa<\/a>&nbsp;|&nbsp;<a href=\"https:\/\/sven-ove.nu\/?page_id=108\">Viktor Root<\/a>&nbsp;&nbsp;<br><em>Inl\u00e4gg nr 2 445, (c) Sven-Ove Svensson (men dela g\u00e4rna<\/em>)<\/p>\n","protected":false},"excerpt":{"rendered":"<p>Det \u00e4r dystra tider i v\u00e4rlden. Trump 2.0 var v\u00e4rre \u00e4n mina v\u00e4rsta farh\u00e5gor, hans heilande v\u00e4n med elbilen och raketen \u00e4r \u00e4nnu bedr\u00f6vligare. \u201dJag k\u00f6pte den h\u00e4r innan E blev galen\u201d st\u00e5r det p\u00e5 dekalerna som p\u00e5passliga entrepren\u00f6rer snabbt b\u00f6rjat s\u00e4lja. S\u00e5 blev till och med galenskapen\/v\u00e4lf\u00e4rdsslakten\/folkf\u00f6raktet\/fascismen en inkomstk\u00e4lla f\u00f6r n\u00e5gon. Det \u00e4r n\u00e5got &hellip; <a href=\"https:\/\/sven-ove.nu\/?p=27669\" class=\"more-link\">Forts\u00e4tt l\u00e4sa <span class=\"screen-reader-text\">Bildekalerna, isgatan och min avskr\u00e4ckning<\/span><\/a><\/p>\n","protected":false},"author":1,"featured_media":0,"comment_status":"closed","ping_status":"open","sticky":false,"template":"","format":"standard","meta":{"_crdt_document":"","_monsterinsights_skip_tracking":false,"_monsterinsights_sitenote_active":false,"_monsterinsights_sitenote_note":"","_monsterinsights_sitenote_category":0,"footnotes":""},"categories":[6,9],"tags":[13],"class_list":["post-27669","post","type-post","status-publish","format-standard","hentry","category-natur","category-politik","tag-utrustning"],"_links":{"self":[{"href":"https:\/\/sven-ove.nu\/index.php?rest_route=\/wp\/v2\/posts\/27669","targetHints":{"allow":["GET"]}}],"collection":[{"href":"https:\/\/sven-ove.nu\/index.php?rest_route=\/wp\/v2\/posts"}],"about":[{"href":"https:\/\/sven-ove.nu\/index.php?rest_route=\/wp\/v2\/types\/post"}],"author":[{"embeddable":true,"href":"https:\/\/sven-ove.nu\/index.php?rest_route=\/wp\/v2\/users\/1"}],"replies":[{"embeddable":true,"href":"https:\/\/sven-ove.nu\/index.php?rest_route=%2Fwp%2Fv2%2Fcomments&post=27669"}],"version-history":[{"count":8,"href":"https:\/\/sven-ove.nu\/index.php?rest_route=\/wp\/v2\/posts\/27669\/revisions"}],"predecessor-version":[{"id":27682,"href":"https:\/\/sven-ove.nu\/index.php?rest_route=\/wp\/v2\/posts\/27669\/revisions\/27682"}],"wp:attachment":[{"href":"https:\/\/sven-ove.nu\/index.php?rest_route=%2Fwp%2Fv2%2Fmedia&parent=27669"}],"wp:term":[{"taxonomy":"category","embeddable":true,"href":"https:\/\/sven-ove.nu\/index.php?rest_route=%2Fwp%2Fv2%2Fcategories&post=27669"},{"taxonomy":"post_tag","embeddable":true,"href":"https:\/\/sven-ove.nu\/index.php?rest_route=%2Fwp%2Fv2%2Ftags&post=27669"}],"curies":[{"name":"wp","href":"https:\/\/api.w.org\/{rel}","templated":true}]}}