{"id":27684,"date":"2025-03-02T17:42:19","date_gmt":"2025-03-02T16:42:19","guid":{"rendered":"https:\/\/sven-ove.nu\/?p=27684"},"modified":"2025-03-02T18:01:02","modified_gmt":"2025-03-02T17:01:02","slug":"strax-bakom-gunder-strax-fore-paavo","status":"publish","type":"post","link":"https:\/\/sven-ove.nu\/?p=27684","title":{"rendered":"Strax bakom Gunder, strax f\u00f6re Paavo"},"content":{"rendered":"\n<figure class=\"wp-block-image size-full\"><a href=\"https:\/\/sven-ove.nu\/wp-content\/uploads\/2025\/03\/IMG_2027.jpeg\"><img loading=\"lazy\" decoding=\"async\" width=\"605\" height=\"605\" src=\"https:\/\/sven-ove.nu\/wp-content\/uploads\/2025\/03\/IMG_2027.jpeg\" alt=\"\" class=\"wp-image-27685\" srcset=\"https:\/\/sven-ove.nu\/wp-content\/uploads\/2025\/03\/IMG_2027.jpeg 605w, https:\/\/sven-ove.nu\/wp-content\/uploads\/2025\/03\/IMG_2027-300x300.jpeg 300w, https:\/\/sven-ove.nu\/wp-content\/uploads\/2025\/03\/IMG_2027-150x150.jpeg 150w\" sizes=\"auto, (max-width: 605px) 100vw, 605px\" \/><\/a><\/figure>\n\n\n\n<blockquote class=\"wp-block-quote is-layout-flow wp-block-quote-is-layout-flow\">\n<p class=\"wp-block-paragraph\">Formen k\u00e4nns bra. Nu g\u00e4ller det bara att inte g\u00e5 ut f\u00f6r h\u00e5rt i b\u00f6rjan. Jag l\u00e4gger mig t\u00e4tt bakom Gunder med Arne och Paavo steget efter.<\/p>\n<\/blockquote>\n\n\n\n<p class=\"wp-block-paragraph\">I tredje kurvan ser jag hur Emil Z sl\u00e4ppt ett tiotal meter men han k\u00e4mpar vidare i sin karakteristiska stil med sv\u00e4ngande huvud. Han springer inte snyggt, tjecken, men OS-guld har han. Gunder, som jag l\u00e5ter dra ett tag till fast han andas tungt, har 16 v\u00e4rldsrekord. Det \u00e4r inte illa det heller.<\/p>\n\n\n\n<p class=\"wp-block-paragraph\"><strong>OS-final, ligger tv\u00e5a<\/strong><br>Mina ben k\u00e4nns fortfarande pigga. Vartenda fr\u00e5nskjut g\u00e5r l\u00e4tt. Lungorna trivs.<\/p>\n\n\n\n<p class=\"wp-block-paragraph\">Vem g\u00f6r inte det? OS-final p\u00e5 Stockholms stadion, 10 000 meter p\u00e5 fin svart kolstybb och jag ligger tv\u00e5a med bara tre varv kvar nu. Fr\u00e5n innerplan h\u00f6r jag Sven Jerrings referat i en radio och publiken b\u00f6rjar ana att nykomlingen fr\u00e5n V\u00e4rmland g\u00e5r mot n\u00e5got stort.<\/p>\n\n\n\n<p class=\"wp-block-paragraph\">Det s\u00e4ger Sven Jerring ocks\u00e5.<br>&#8221;Nykomling&#8221;?<\/p>\n\n\n\n<p class=\"wp-block-paragraph\"><strong>Varvar Dan Waern<br><\/strong>Strax bortom hundrastg\u00e5rden innan Sisug\u00e5rden varvar vi Dan Waern. Kul att den unge mannen gick till final. Han springer med hakan i v\u00e4dret, var har jag sett den stilen f\u00f6rut?<\/p>\n\n\n\n<p class=\"wp-block-paragraph\">N\u00e5gra hundra meter senare vaknar jag ur l\u00f6pardagdr\u00f6mmen. Det \u00e4r inte OS-finalen, det \u00e4r min \u00e5rliga grusv\u00e4gsrunda p\u00e5 Vasaloppss\u00f6ndagen.<\/p>\n\n\n\n<p class=\"wp-block-paragraph\"><strong>Zatopek h\u00e4nger i<\/strong><br>Vi ska ha \u00e4tit l\u00e5\u00e5\u00e5ng tv-frukost och sett p\u00e5 Vasaloppet fr\u00e5n start till m\u00e5l. Det har vi.<\/p>\n\n\n\n<p class=\"wp-block-paragraph\">V\u00e5rvintern ska ha sm\u00e4lt isen p\u00e5 v\u00e4gen bort mot \u00c4ngbr\u00e5ten. Det har den.<\/p>\n\n\n\n<p class=\"wp-block-paragraph\">L\u00f6plusten ska kvillra i min kropp. Det g\u00f6r den.<\/p>\n\n\n\n<p class=\"wp-block-paragraph\">Nu g\u00e4ller det bara att inte halka p\u00e5 isen som ligger kvar i sp\u00e5ret n\u00e4r jag sv\u00e4nger v\u00e4nster in p\u00e5 milbanan ett tag. Vart tog Emil Zatopek v\u00e4gen? H\u00e4nger han i \u00e4n? Det g\u00f6r han.<br><br>Jag f\u00e5r \u00f6ka.<\/p>\n\n\n\n<figure class=\"wp-block-video\"><video height=\"720\" style=\"aspect-ratio: 1280 \/ 720;\" width=\"1280\" autoplay controls loop src=\"https:\/\/sven-ove.nu\/wp-content\/uploads\/2025\/03\/Vasarundan.mov\" playsinline><\/video><\/figure>\n\n\n\n<p class=\"has-light-blue-background-color has-background wp-block-paragraph\"><em>### Vilken s\u00f6ndag! Traditionell runda efter Vasaloppet n\u00e4r v\u00e5ren luktar grus.<\/em><br><em>### Alvar Myhlback vann Vasaloppet, Stina Nilsson med, och Ebba Andersson slog Therese Johaug p\u00e5 VM.<\/em><br><em>### Vet Sven Jerring om detta?<\/em><\/p>\n\n\n\n<p class=\"has-background wp-block-paragraph\" style=\"background-color:#b0f498\"><strong>Mina framtr\u00e4danden den n\u00e4rmaste tiden<\/strong><br><s>-Tisdag 11 februari: Gr\u00f6na mattan, stadsbiblioteket, Karlstad.<br><\/s>-S\u00f6ndag 9 mars 11-13.00: Skrivs\u00f6ndag, biblioteket Forshaga.<br>-Onsdag 26 mars 19.00: Sisu Forshagas \u00e5rsm\u00f6te, Sisug\u00e5rden.<\/p>\n\n\n\n<p class=\"has-light-gray-background-color has-background wp-block-paragraph\"><a href=\"https:\/\/sven-ove.nu\/\">Hem<\/a>&nbsp;|&nbsp;<a href=\"https:\/\/sven-ove.nu\/?page_id=170\">Om mig<\/a>&nbsp;|&nbsp;<a href=\"https:\/\/sven-ove.nu\/?page_id=1385\">Skriva &amp; prata<\/a>&nbsp;|&nbsp;<a href=\"https:\/\/sven-ove.nu\/?page_id=100\">Politik<\/a>&nbsp;|&nbsp;<a href=\"https:\/\/sven-ove.nu\/?page_id=102\">L\u00f6pa<\/a>&nbsp;|&nbsp;<a href=\"https:\/\/sven-ove.nu\/?page_id=108\">Viktor Root<\/a>&nbsp;&nbsp;<br><em>Inl\u00e4gg nr 2 446, (c) Sven-Ove Svensson (men dela g\u00e4rna<\/em>)<\/p>\n","protected":false},"excerpt":{"rendered":"<p>Formen k\u00e4nns bra. Nu g\u00e4ller det bara att inte g\u00e5 ut f\u00f6r h\u00e5rt i b\u00f6rjan. Jag l\u00e4gger mig t\u00e4tt bakom Gunder med Arne och Paavo steget efter. I tredje kurvan ser jag hur Emil Z sl\u00e4ppt ett tiotal meter men han k\u00e4mpar vidare i sin karakteristiska stil med sv\u00e4ngande huvud. Han springer inte snyggt, tjecken, &hellip; <a href=\"https:\/\/sven-ove.nu\/?p=27684\" class=\"more-link\">Forts\u00e4tt l\u00e4sa <span class=\"screen-reader-text\">Strax bakom Gunder, strax f\u00f6re Paavo<\/span><\/a><\/p>\n","protected":false},"author":1,"featured_media":0,"comment_status":"closed","ping_status":"open","sticky":false,"template":"","format":"standard","meta":{"_crdt_document":"","_monsterinsights_skip_tracking":false,"_monsterinsights_sitenote_active":false,"_monsterinsights_sitenote_note":"","_monsterinsights_sitenote_category":0,"footnotes":""},"categories":[28,5,6],"tags":[8,24],"class_list":["post-27684","post","type-post","status-publish","format-standard","hentry","category-kreativt-folk","category-lopning","category-natur","tag-historia","tag-karlek"],"_links":{"self":[{"href":"https:\/\/sven-ove.nu\/index.php?rest_route=\/wp\/v2\/posts\/27684","targetHints":{"allow":["GET"]}}],"collection":[{"href":"https:\/\/sven-ove.nu\/index.php?rest_route=\/wp\/v2\/posts"}],"about":[{"href":"https:\/\/sven-ove.nu\/index.php?rest_route=\/wp\/v2\/types\/post"}],"author":[{"embeddable":true,"href":"https:\/\/sven-ove.nu\/index.php?rest_route=\/wp\/v2\/users\/1"}],"replies":[{"embeddable":true,"href":"https:\/\/sven-ove.nu\/index.php?rest_route=%2Fwp%2Fv2%2Fcomments&post=27684"}],"version-history":[{"count":10,"href":"https:\/\/sven-ove.nu\/index.php?rest_route=\/wp\/v2\/posts\/27684\/revisions"}],"predecessor-version":[{"id":27697,"href":"https:\/\/sven-ove.nu\/index.php?rest_route=\/wp\/v2\/posts\/27684\/revisions\/27697"}],"wp:attachment":[{"href":"https:\/\/sven-ove.nu\/index.php?rest_route=%2Fwp%2Fv2%2Fmedia&parent=27684"}],"wp:term":[{"taxonomy":"category","embeddable":true,"href":"https:\/\/sven-ove.nu\/index.php?rest_route=%2Fwp%2Fv2%2Fcategories&post=27684"},{"taxonomy":"post_tag","embeddable":true,"href":"https:\/\/sven-ove.nu\/index.php?rest_route=%2Fwp%2Fv2%2Ftags&post=27684"}],"curies":[{"name":"wp","href":"https:\/\/api.w.org\/{rel}","templated":true}]}}