{"id":27698,"date":"2025-03-06T04:20:00","date_gmt":"2025-03-06T03:20:00","guid":{"rendered":"https:\/\/sven-ove.nu\/?p=27698"},"modified":"2025-03-06T20:38:52","modified_gmt":"2025-03-06T19:38:52","slug":"6-mars-nagon-gang-men","status":"publish","type":"post","link":"https:\/\/sven-ove.nu\/?p=27698","title":{"rendered":"N\u00e5gon g\u00e5ng, men \u2026"},"content":{"rendered":"\n<figure class=\"wp-block-image size-large\"><a href=\"https:\/\/sven-ove.nu\/wp-content\/uploads\/2025\/03\/Bild-for-uppmarksamhet.jpeg\"><img loading=\"lazy\" decoding=\"async\" width=\"1024\" height=\"1024\" src=\"https:\/\/sven-ove.nu\/wp-content\/uploads\/2025\/03\/Bild-for-uppmarksamhet-1024x1024.jpeg\" alt=\"\" class=\"wp-image-27699\" srcset=\"https:\/\/sven-ove.nu\/wp-content\/uploads\/2025\/03\/Bild-for-uppmarksamhet-1024x1024.jpeg 1024w, https:\/\/sven-ove.nu\/wp-content\/uploads\/2025\/03\/Bild-for-uppmarksamhet-300x300.jpeg 300w, https:\/\/sven-ove.nu\/wp-content\/uploads\/2025\/03\/Bild-for-uppmarksamhet-150x150.jpeg 150w, https:\/\/sven-ove.nu\/wp-content\/uploads\/2025\/03\/Bild-for-uppmarksamhet-768x768.jpeg 768w, https:\/\/sven-ove.nu\/wp-content\/uploads\/2025\/03\/Bild-for-uppmarksamhet-1536x1536.jpeg 1536w, https:\/\/sven-ove.nu\/wp-content\/uploads\/2025\/03\/Bild-for-uppmarksamhet.jpeg 1648w\" sizes=\"auto, (max-width: 1024px) 100vw, 1024px\" \/><\/a><\/figure>\n\n\n\n<p class=\"has-text-align-right wp-block-paragraph\"><em>Foto: Inger Nilsson.<\/em><\/p>\n\n\n\n<blockquote class=\"wp-block-quote is-layout-flow wp-block-quote-is-layout-flow\">\n<p class=\"wp-block-paragraph\">Mamman till en ung v\u00e4n ringer hans arbetsgivare. Hur \u00e4r det med p\u00f4jken min, kommer han i tid till jobbet?<\/p>\n<\/blockquote>\n\n\n\n<p class=\"wp-block-paragraph\">Damen i luren tiger tre sekunder, sedan svarar hon eftert\u00e4nksamt:<br>&#8211; N\u00e5gon g\u00e5ng men mera s\u00e4llan.<\/p>\n\n\n\n<p class=\"wp-block-paragraph\">S\u00e5 d\u00e4r \u00e4r det f\u00f6r mig &#8211; med tanken p\u00e5 resten av livet. Vad ska jag g\u00f6ra de dagar, kanske \u00e5r, som \u00e4r kvar? Vad b\u00f6r g\u00f6ras? Den fr\u00e5gan grunnar jag inte mycket p\u00e5. <br><br>N\u00e5gon g\u00e5ng men mera s\u00e4llan.<\/p>\n\n\n\n<p class=\"wp-block-paragraph\"><strong>Sista datorstarten<\/strong><br>Det blir v\u00e4l som det brukar. Jag vaknar, ligger och l\u00e4ser nyheter i mobilen, s\u00e4rskilt text-tv, tr\u00e4r p\u00e5 mig min bl\u00e5 morgonrock och dom lilarandiga yllesockorna, h\u00e4ller upp kaffe, tittar om det sn\u00f6ar ute eller om sopbilen kommer, spelar v\u00e4nd\u00e5tta med den k\u00e4ra v\u00e4nnen, f\u00f6rbereder n\u00e4sta upptr\u00e4dande och n\u00e4sta gubbvandring samt filar p\u00e5 En Viss Roman. <br>Envis roman.<\/p>\n\n\n\n<p class=\"wp-block-paragraph\">I mars 2025 sl\u00e5r mig \u00e4nd\u00e5 tanken:<br>En dag har jag startat datorn f\u00f6r sista g\u00e5ngen.<br>En dag ska det sluta dimpa ner ett och annat v\u00e4nligt mejl fr\u00e5n trevliga l\u00e4sare.<br>En dag kommer det inga mer kortfattade svar fr\u00e5n n\u00e5got f\u00f6rlag som tackar nej.<\/p>\n\n\n\n<p class=\"wp-block-paragraph\">D\u00e5 har jag burit ut min sista sopp\u00e5se.<\/p>\n\n\n\n<p class=\"wp-block-paragraph\"><strong>D\u00e5liga tider<\/strong><br>N\u00e4r jag springer femkilometern i Sisuskogen blir kilometertiderna allt l\u00e5ngsammare och v\u00e4rlden bortom skogen ska vi inte tala p\u00e5. D\u00e4r \u00e4r det dystrare \u00e4n p\u00e5 l\u00e4nge.<\/p>\n\n\n\n<p class=\"wp-block-paragraph\">F\u00f6rresten \u00e4r det tungt \u00e4ven i Sverige. Jag har inte bett att det ska g\u00e5 94,2 st\u00e4derskor p\u00e5 en b\u00f6rs-vd i mitt k\u00e4ra fosterland. En skamlig siffra f\u00f6r v\u00e5rt land.<\/p>\n\n\n\n<p class=\"wp-block-paragraph\">Jag lunkar sakta nerf\u00f6r backen fr\u00e5n femmans h\u00f6gsta punkt, sneglar p\u00e5 l\u00f6parklockan p\u00e5 armen och tittar ut \u00f6ver v\u00e4rlden. Den v\u00e4rld d\u00e4r Trump &amp; Putin och Maktlystnad &amp; Girighet &amp; Rena Rama Dumheten styr.<\/p>\n\n\n\n<p class=\"wp-block-paragraph\">Det \u00e4r inte bara som motionsl\u00f6pare jag noterar d\u00e5liga tider.<\/p>\n\n\n\n<p class=\"wp-block-paragraph\"><strong>Vad b\u00f6r g\u00f6ras?<\/strong><br>S\u00e5 vad b\u00f6r g\u00f6ras? Styrketr\u00e4na? Backtr\u00e4na? Rusta upp? Skapa r\u00f6relse, r\u00f6sta bort?<\/p>\n\n\n\n<p class=\"wp-block-paragraph\">Jag vet ju svaren. De \u00e4r r\u00e4tt enkla.<br>Men det ska g\u00f6ras ocks\u00e5.<\/p>\n\n\n\n<p class=\"wp-block-paragraph\">I morgon blir det backtr\u00e4ning.<\/p>\n\n\n\n<p class=\"has-background wp-block-paragraph\" style=\"background-color:#cbf4af\"><strong>L\u00e4nkar<\/strong><br>&#8211; <a href=\"https:\/\/sven-ove.nu\/?p=27618\">Skamligt<\/a><br>&#8211; <a href=\"https:\/\/sven-ove.nu\/?p=17858\">Alla dessa som \u00e4r s\u00e5 r\u00e4dda f\u00f6r f\u00f6r\u00e4ndring<\/a><\/p>\n\n\n\n<p class=\"has-light-gray-background-color has-background wp-block-paragraph\"><strong>Mina framtr\u00e4danden den n\u00e4rmaste tiden<\/strong><br><s>-Tisdag 11 februari: Gr\u00f6na mattan, stadsbiblioteket, Karlstad.<br><\/s>-S\u00f6ndag 9 mars 11-13.00: Skrivs\u00f6ndag, biblioteket Forshaga.<br>-Onsdag 26 mars 19.00: Sisu Forshagas \u00e5rsm\u00f6te, Sisug\u00e5rden.<\/p>\n\n\n\n<p class=\"has-light-gray-background-color has-background wp-block-paragraph\"><a href=\"https:\/\/sven-ove.nu\/\">Hem<\/a>&nbsp;|&nbsp;<a href=\"https:\/\/sven-ove.nu\/?page_id=170\">Om mig<\/a>&nbsp;|&nbsp;<a href=\"https:\/\/sven-ove.nu\/?page_id=1385\">Skriva &amp; prata<\/a>&nbsp;|&nbsp;<a href=\"https:\/\/sven-ove.nu\/?page_id=100\">Politik<\/a>&nbsp;|&nbsp;<a href=\"https:\/\/sven-ove.nu\/?page_id=102\">L\u00f6pa<\/a>&nbsp;|&nbsp;<a href=\"https:\/\/sven-ove.nu\/?page_id=108\">Viktor Root<\/a>&nbsp;&nbsp;<br><em>Inl\u00e4gg nr 2 447, (c) Sven-Ove Svensson (men dela g\u00e4rna<\/em>)<\/p>\n","protected":false},"excerpt":{"rendered":"<p>Foto: Inger Nilsson. Mamman till en ung v\u00e4n ringer hans arbetsgivare. Hur \u00e4r det med p\u00f4jken min, kommer han i tid till jobbet? Damen i luren tiger tre sekunder, sedan svarar hon eftert\u00e4nksamt:&#8211; N\u00e5gon g\u00e5ng men mera s\u00e4llan. S\u00e5 d\u00e4r \u00e4r det f\u00f6r mig &#8211; med tanken p\u00e5 resten av livet. Vad ska jag g\u00f6ra &hellip; <a href=\"https:\/\/sven-ove.nu\/?p=27698\" class=\"more-link\">Forts\u00e4tt l\u00e4sa <span class=\"screen-reader-text\">N\u00e5gon g\u00e5ng, men \u2026<\/span><\/a><\/p>\n","protected":false},"author":1,"featured_media":0,"comment_status":"closed","ping_status":"open","sticky":false,"template":"","format":"standard","meta":{"_crdt_document":"","_monsterinsights_skip_tracking":false,"_monsterinsights_sitenote_active":false,"_monsterinsights_sitenote_note":"","_monsterinsights_sitenote_category":0,"footnotes":""},"categories":[10,5,9],"tags":[8,17],"class_list":["post-27698","post","type-post","status-publish","format-standard","hentry","category-familjen","category-lopning","category-politik","tag-historia","tag-solidaritet"],"_links":{"self":[{"href":"https:\/\/sven-ove.nu\/index.php?rest_route=\/wp\/v2\/posts\/27698","targetHints":{"allow":["GET"]}}],"collection":[{"href":"https:\/\/sven-ove.nu\/index.php?rest_route=\/wp\/v2\/posts"}],"about":[{"href":"https:\/\/sven-ove.nu\/index.php?rest_route=\/wp\/v2\/types\/post"}],"author":[{"embeddable":true,"href":"https:\/\/sven-ove.nu\/index.php?rest_route=\/wp\/v2\/users\/1"}],"replies":[{"embeddable":true,"href":"https:\/\/sven-ove.nu\/index.php?rest_route=%2Fwp%2Fv2%2Fcomments&post=27698"}],"version-history":[{"count":15,"href":"https:\/\/sven-ove.nu\/index.php?rest_route=\/wp\/v2\/posts\/27698\/revisions"}],"predecessor-version":[{"id":27716,"href":"https:\/\/sven-ove.nu\/index.php?rest_route=\/wp\/v2\/posts\/27698\/revisions\/27716"}],"wp:attachment":[{"href":"https:\/\/sven-ove.nu\/index.php?rest_route=%2Fwp%2Fv2%2Fmedia&parent=27698"}],"wp:term":[{"taxonomy":"category","embeddable":true,"href":"https:\/\/sven-ove.nu\/index.php?rest_route=%2Fwp%2Fv2%2Fcategories&post=27698"},{"taxonomy":"post_tag","embeddable":true,"href":"https:\/\/sven-ove.nu\/index.php?rest_route=%2Fwp%2Fv2%2Ftags&post=27698"}],"curies":[{"name":"wp","href":"https:\/\/api.w.org\/{rel}","templated":true}]}}