{"id":2770,"date":"2012-07-30T04:00:05","date_gmt":"2012-07-30T03:00:05","guid":{"rendered":"http:\/\/sven-ove.nu\/?p=2770"},"modified":"2012-07-27T14:03:32","modified_gmt":"2012-07-27T13:03:32","slug":"sommar","status":"publish","type":"post","link":"https:\/\/sven-ove.nu\/?p=2770","title":{"rendered":"Sommar"},"content":{"rendered":"<p>Juni och juli har kommit och strax g\u00e5tt, snart \u00e4r det sk\u00f6rdem\u00e5nad. H\u00e4r en sammanfattning av sommaren, hittills, om du haft annat f\u00f6r dig:<\/p>\n<p style=\"padding-left: 30px;\"><a href=\"https:\/\/sven-ove.nu\/wp-content\/uploads\/2012\/07\/Gula-trynen.jpg\"><img loading=\"lazy\" decoding=\"async\" class=\"alignright size-medium wp-image-2771\" title=\"Gula trynen\" src=\"https:\/\/sven-ove.nu\/wp-content\/uploads\/2012\/07\/Gula-trynen-298x300.jpg\" alt=\"\" width=\"298\" height=\"300\" srcset=\"https:\/\/sven-ove.nu\/wp-content\/uploads\/2012\/07\/Gula-trynen-298x300.jpg 298w, https:\/\/sven-ove.nu\/wp-content\/uploads\/2012\/07\/Gula-trynen-150x150.jpg 150w, https:\/\/sven-ove.nu\/wp-content\/uploads\/2012\/07\/Gula-trynen.jpg 476w\" sizes=\"auto, (max-width: 298px) 100vw, 298px\" \/><\/a><strong>Det har f\u00f6rekommit nederb\u00f6rd.<\/strong><br \/>\n<strong> Kultursidorna har diskuterat <a href=\"http:\/\/www.aftonbladet.se\/kultur\/kronikorer\/linderborg\/\">klasshat<\/a>.<\/strong><br \/>\n<strong> Zlatan \u00e4r s\u00e5ld, f\u00e5r <a href=\"http:\/\/www.aftonbladet.se\/sportbladet\/fotboll\/internationell\/frankrike\/article15136292.ab\">tio miljoner i m\u00e5naden<\/a>.<\/strong><br \/>\n<strong> I Karlstad har det varit priskrig p\u00e5 jordgubbar. Zlatan kan k\u00f6pa 22 000 liter om dagen.<\/strong><br \/>\n<strong> I skogen sticker sommar-kantarellerna upp sina gula trynen.<\/strong><\/p>\n<p>Klockan \u00e4r fem i tolv, v\u00e4rlden \u00e4r or\u00e4ttvis och allt \u00e4r lugnt, allt \u00e4r lugnt.<\/p>\n","protected":false},"excerpt":{"rendered":"<p>Juni och juli har kommit och strax g\u00e5tt, snart \u00e4r det sk\u00f6rdem\u00e5nad. H\u00e4r en sammanfattning av sommaren, hittills, om du haft annat f\u00f6r dig: Det har f\u00f6rekommit nederb\u00f6rd. Kultursidorna har diskuterat klasshat. Zlatan \u00e4r s\u00e5ld, f\u00e5r tio miljoner i m\u00e5naden. I Karlstad har det varit priskrig p\u00e5 jordgubbar. Zlatan kan k\u00f6pa 22 000 liter om &hellip; <a href=\"https:\/\/sven-ove.nu\/?p=2770\" class=\"more-link\">Forts\u00e4tt l\u00e4sa <span class=\"screen-reader-text\">Sommar<\/span><\/a><\/p>\n","protected":false},"author":1,"featured_media":0,"comment_status":"open","ping_status":"open","sticky":false,"template":"","format":"standard","meta":{"_crdt_document":"","_monsterinsights_skip_tracking":false,"_monsterinsights_sitenote_active":false,"_monsterinsights_sitenote_note":"","_monsterinsights_sitenote_category":0,"footnotes":""},"categories":[9],"tags":[16,7,26],"class_list":["post-2770","post","type-post","status-publish","format-standard","hentry","category-politik","tag-dumheter","tag-miljo","tag-natur-2"],"_links":{"self":[{"href":"https:\/\/sven-ove.nu\/index.php?rest_route=\/wp\/v2\/posts\/2770","targetHints":{"allow":["GET"]}}],"collection":[{"href":"https:\/\/sven-ove.nu\/index.php?rest_route=\/wp\/v2\/posts"}],"about":[{"href":"https:\/\/sven-ove.nu\/index.php?rest_route=\/wp\/v2\/types\/post"}],"author":[{"embeddable":true,"href":"https:\/\/sven-ove.nu\/index.php?rest_route=\/wp\/v2\/users\/1"}],"replies":[{"embeddable":true,"href":"https:\/\/sven-ove.nu\/index.php?rest_route=%2Fwp%2Fv2%2Fcomments&post=2770"}],"version-history":[{"count":6,"href":"https:\/\/sven-ove.nu\/index.php?rest_route=\/wp\/v2\/posts\/2770\/revisions"}],"predecessor-version":[{"id":2785,"href":"https:\/\/sven-ove.nu\/index.php?rest_route=\/wp\/v2\/posts\/2770\/revisions\/2785"}],"wp:attachment":[{"href":"https:\/\/sven-ove.nu\/index.php?rest_route=%2Fwp%2Fv2%2Fmedia&parent=2770"}],"wp:term":[{"taxonomy":"category","embeddable":true,"href":"https:\/\/sven-ove.nu\/index.php?rest_route=%2Fwp%2Fv2%2Fcategories&post=2770"},{"taxonomy":"post_tag","embeddable":true,"href":"https:\/\/sven-ove.nu\/index.php?rest_route=%2Fwp%2Fv2%2Ftags&post=2770"}],"curies":[{"name":"wp","href":"https:\/\/api.w.org\/{rel}","templated":true}]}}