{"id":27723,"date":"2025-03-13T04:46:00","date_gmt":"2025-03-13T03:46:00","guid":{"rendered":"https:\/\/sven-ove.nu\/?p=27723"},"modified":"2025-03-12T09:56:50","modified_gmt":"2025-03-12T08:56:50","slug":"ankans-skarv-i-arjangs-kommun","status":"publish","type":"post","link":"https:\/\/sven-ove.nu\/?p=27723","title":{"rendered":"\u00c4nkans sk\u00e4rv i \u00c5rj\u00e4ngs kommun"},"content":{"rendered":"<div class=\"wp-block-image\">\n<figure class=\"alignleft size-full\"><a href=\"https:\/\/sven-ove.nu\/wp-content\/uploads\/2025\/03\/IMG_2073.jpeg\"><img loading=\"lazy\" decoding=\"async\" width=\"714\" height=\"697\" src=\"https:\/\/sven-ove.nu\/wp-content\/uploads\/2025\/03\/IMG_2073.jpeg\" alt=\"\" class=\"wp-image-27725\" srcset=\"https:\/\/sven-ove.nu\/wp-content\/uploads\/2025\/03\/IMG_2073.jpeg 714w, https:\/\/sven-ove.nu\/wp-content\/uploads\/2025\/03\/IMG_2073-300x293.jpeg 300w\" sizes=\"auto, (max-width: 714px) 100vw, 714px\" \/><\/a><\/figure>\n<\/div>\n\n\n<p class=\"wp-block-paragraph\"><\/p>\n\n\n\n<blockquote class=\"wp-block-quote is-layout-flow wp-block-quote-is-layout-flow\">\n<p class=\"wp-block-paragraph\">Det verkar som om kommunalr\u00e5det \u00c5s (kristdemokrat) i \u00c5rj\u00e4ng till slut m\u00e5ste betala tillbaka de 620 000 kronor han f\u00e5tt f\u00f6r mycket i arvode av skattebetalarna i kommunen.<br>Fast han v\u00e4grat i det l\u00e4ngsta.<\/p>\n\n\n\n<p class=\"wp-block-paragraph\">Stackarn.<\/p>\n<\/blockquote>\n\n\n\n<p class=\"wp-block-paragraph\">620 000 kronor. 63 kr och 10 \u00f6re av varje kommuninnev\u00e5nare, gammal som ung. Det \u00e4r klart att han helst hade velat beh\u00e5lla den sk\u00e4rven han f\u00e5tt av var och en.<\/p>\n\n\n\n<p class=\"wp-block-paragraph\">63 kronor och 10 \u00f6re. Undrar vad du f\u00e5r f\u00f6r det p\u00e5 G\u00f6tes Grill i \u00c5rj\u00e4ng, Jonas \u00c5s (kristdemokrat)?<\/p>\n\n\n\n<p class=\"has-light-blue-background-color has-background wp-block-paragraph\"><em>### Tar du lite ur egen ficka ocks\u00e5 s\u00e5 r\u00e4cker det till en 90-grams burgare.<\/em><br><em>### Fast vilken burgen borgare delbetalar burgarn sj\u00e4lv?<\/em><br><em>### N\u00e4r det finns \u00e4nkans sk\u00e4rv.<\/em><\/p>\n\n\n\n<p class=\"wp-block-paragraph\">Har du l\u00e4st i bibeln om den sk\u00e4rven, Jonas \u00c5s (kristdemokrat)? Eller om den gyllene regeln?<\/p>\n\n\n\n<p class=\"wp-block-paragraph\">L\u00e4s, p\u00f4jk.<\/p>\n\n\n\n<p class=\"has-light-gray-background-color has-background wp-block-paragraph\"><a href=\"https:\/\/sven-ove.nu\/\">Hem<\/a>&nbsp;|&nbsp;<a href=\"https:\/\/sven-ove.nu\/?page_id=170\">Om mig<\/a>&nbsp;|&nbsp;<a href=\"https:\/\/sven-ove.nu\/?page_id=1385\">Skriva &amp; prata<\/a>&nbsp;|&nbsp;<a href=\"https:\/\/sven-ove.nu\/?page_id=100\">Politik<\/a>&nbsp;|&nbsp;<a href=\"https:\/\/sven-ove.nu\/?page_id=102\">L\u00f6pa<\/a>&nbsp;|&nbsp;<a href=\"https:\/\/sven-ove.nu\/?page_id=108\">Viktor Root<\/a>&nbsp;&nbsp;<br><em>Inl\u00e4gg nr 2 449, (c) Sven-Ove Svensson (men dela g\u00e4rna<\/em>)<\/p>\n","protected":false},"excerpt":{"rendered":"<p>Det verkar som om kommunalr\u00e5det \u00c5s (kristdemokrat) i \u00c5rj\u00e4ng till slut m\u00e5ste betala tillbaka de 620 000 kronor han f\u00e5tt f\u00f6r mycket i arvode av skattebetalarna i kommunen.Fast han v\u00e4grat i det l\u00e4ngsta. Stackarn. 620 000 kronor. 63 kr och 10 \u00f6re av varje kommuninnev\u00e5nare, gammal som ung. Det \u00e4r klart att han helst hade &hellip; <a href=\"https:\/\/sven-ove.nu\/?p=27723\" class=\"more-link\">Forts\u00e4tt l\u00e4sa <span class=\"screen-reader-text\">\u00c4nkans sk\u00e4rv i \u00c5rj\u00e4ngs kommun<\/span><\/a><\/p>\n","protected":false},"author":1,"featured_media":0,"comment_status":"closed","ping_status":"open","sticky":false,"template":"","format":"standard","meta":{"_crdt_document":"","_monsterinsights_skip_tracking":false,"_monsterinsights_sitenote_active":false,"_monsterinsights_sitenote_note":"","_monsterinsights_sitenote_category":0,"footnotes":""},"categories":[9],"tags":[16],"class_list":["post-27723","post","type-post","status-publish","format-standard","hentry","category-politik","tag-dumheter"],"_links":{"self":[{"href":"https:\/\/sven-ove.nu\/index.php?rest_route=\/wp\/v2\/posts\/27723","targetHints":{"allow":["GET"]}}],"collection":[{"href":"https:\/\/sven-ove.nu\/index.php?rest_route=\/wp\/v2\/posts"}],"about":[{"href":"https:\/\/sven-ove.nu\/index.php?rest_route=\/wp\/v2\/types\/post"}],"author":[{"embeddable":true,"href":"https:\/\/sven-ove.nu\/index.php?rest_route=\/wp\/v2\/users\/1"}],"replies":[{"embeddable":true,"href":"https:\/\/sven-ove.nu\/index.php?rest_route=%2Fwp%2Fv2%2Fcomments&post=27723"}],"version-history":[{"count":9,"href":"https:\/\/sven-ove.nu\/index.php?rest_route=\/wp\/v2\/posts\/27723\/revisions"}],"predecessor-version":[{"id":27735,"href":"https:\/\/sven-ove.nu\/index.php?rest_route=\/wp\/v2\/posts\/27723\/revisions\/27735"}],"wp:attachment":[{"href":"https:\/\/sven-ove.nu\/index.php?rest_route=%2Fwp%2Fv2%2Fmedia&parent=27723"}],"wp:term":[{"taxonomy":"category","embeddable":true,"href":"https:\/\/sven-ove.nu\/index.php?rest_route=%2Fwp%2Fv2%2Fcategories&post=27723"},{"taxonomy":"post_tag","embeddable":true,"href":"https:\/\/sven-ove.nu\/index.php?rest_route=%2Fwp%2Fv2%2Ftags&post=27723"}],"curies":[{"name":"wp","href":"https:\/\/api.w.org\/{rel}","templated":true}]}}